{"id":376803,"date":"2021-09-11T10:00:37","date_gmt":"2021-09-11T07:00:37","guid":{"rendered":"https:\/\/arantv.az\/?p=376803"},"modified":"2021-09-11T10:00:37","modified_gmt":"2021-09-11T07:00:37","slug":"pfizer-usaqlar-ucun-covid-peyv%c9%99ndi-hazirlayir","status":"publish","type":"post","link":"https:\/\/arantv.az\/?p=376803","title":{"rendered":"&#8220;Pfizer&#8221; u\u015faqlar \u00fc\u00e7\u00fcn COVID peyv\u0259ndi haz\u0131rlay\u0131r"},"content":{"rendered":"<p>&#8220;Pfizer&#8221; v\u0259 &#8220;Biontech&#8221; \u015firk\u0259tl\u0259ri koronavirusa qar\u015f\u0131 haz\u0131rlad\u0131qlar\u0131 u\u015faq peyv\u0259ndinin t\u0259sdiq olunmas\u0131 \u00fc\u00e7\u00fcn laz\u0131mi instansiyalara m\u00fcraci\u0259t etm\u0259y\u0259 haz\u0131rla\u015f\u0131r.<\/p>\n<p>M\u0259lumata g\u00f6r\u0259, 5-11 ya\u015fl\u0131 u\u015faqlar \u00fc\u00e7\u00fcn n\u0259z\u0259rd\u0259 tutulan vaksinl\u0259r \u00fcz\u0259rind\u0259 apar\u0131lan i\u015fl\u0259r bir ne\u00e7\u0259 h\u0259ft\u0259 \u0259rzind\u0259 yekunla\u015facaq. Oktyabr ay\u0131nda preparat\u0131n t\u0259sdiqi \u00fc\u00e7\u00fcn m\u00fcvafiq qurumlara m\u00fcraci\u0259t \u00fcnvanlanacaq.<\/p>\n<div id=\"AdviadNativeVideo0\" class=\"AdviadNativeVideo\"><\/div>\n<p>Qeyd ed\u0259k ki, haz\u0131rda u\u015faq peyv\u0259ndinin haz\u0131rland\u0131\u011f\u0131 Almaniya vaksinasiya s\u0259viyy\u0259sin\u0259 g\u00f6r\u0259 Fransa, \u0130ngilt\u0259r\u0259, \u0130taliya v\u0259 \u0130spaniya kimi Avropa \u00f6lk\u0259l\u0259rind\u0259n geri qal\u0131r. Burada \u0259halinin 66.3%-i peyv\u0259ndin az\u0131 bir dozas\u0131n\u0131 q\u0259bul edib.\/Oxu.az<\/p>\n","protected":false},"excerpt":{"rendered":"<p>&#8220;Pfizer&#8221; v\u0259 &#8220;Biontech&#8221; \u015firk\u0259tl\u0259ri koronavirusa qar\u015f\u0131 haz\u0131rlad\u0131qlar\u0131 u\u015faq peyv\u0259ndinin t\u0259sdiq olunmas\u0131 \u00fc\u00e7\u00fcn laz\u0131mi instansiyalara m\u00fcraci\u0259t etm\u0259y\u0259 haz\u0131rla\u015f\u0131r. M\u0259lumata g\u00f6r\u0259, 5-11 ya\u015fl\u0131 u\u015faqlar \u00fc\u00e7\u00fcn n\u0259z\u0259rd\u0259 tutulan vaksinl\u0259r \u00fcz\u0259rind\u0259 apar\u0131lan i\u015fl\u0259r bir ne\u00e7\u0259 h\u0259ft\u0259 \u0259rzind\u0259 yekunla\u015facaq. Oktyabr ay\u0131nda preparat\u0131n t\u0259sdiqi \u00fc\u00e7\u00fcn m\u00fcvafiq qurumlara m\u00fcraci\u0259t \u00fcnvanlanacaq. Qeyd ed\u0259k ki, haz\u0131rda u\u015faq peyv\u0259ndinin haz\u0131rland\u0131\u011f\u0131 Almaniya vaksinasiya s\u0259viyy\u0259sin\u0259 g\u00f6r\u0259 Fransa, \u0130ngilt\u0259r\u0259, \u0130taliya v\u0259 \u0130spaniya kimi Avropa \u00f6lk\u0259l\u0259rind\u0259n geri qal\u0131r. Burada \u0259halinin 66.3%-i peyv\u0259ndin az\u0131 bir dozas\u0131n\u0131 q\u0259bul edib.\/Oxu.az<\/p>\n","protected":false},"author":2,"featured_media":376804,"comment_status":"closed","ping_status":"closed","sticky":false,"template":"","format":"standard","meta":{"om_disable_all_campaigns":false,"_monsterinsights_skip_tracking":false,"_monsterinsights_sitenote_active":false,"_monsterinsights_sitenote_note":"","_monsterinsights_sitenote_category":0},"categories":[26],"tags":[],"aioseo_notices":[],"gutentor_comment":0,"rttpg_featured_image_url":{"full":["https:\/\/arantv.az\/wp-content\/uploads\/2021\/09\/pfizer_51631342907.jpg",620,413,false],"landscape":["https:\/\/arantv.az\/wp-content\/uploads\/2021\/09\/pfizer_51631342907.jpg",620,413,false],"portraits":["https:\/\/arantv.az\/wp-content\/uploads\/2021\/09\/pfizer_51631342907.jpg",620,413,false],"thumbnail":["https:\/\/arantv.az\/wp-content\/uploads\/2021\/09\/pfizer_51631342907-500x280.jpg",500,280,true],"medium":["https:\/\/arantv.az\/wp-content\/uploads\/2021\/09\/pfizer_51631342907-548x365.jpg",548,365,true],"large":["https:\/\/arantv.az\/wp-content\/uploads\/2021\/09\/pfizer_51631342907.jpg",620,413,false],"1536x1536":["https:\/\/arantv.az\/wp-content\/uploads\/2021\/09\/pfizer_51631342907.jpg",620,413,false],"2048x2048":["https:\/\/arantv.az\/wp-content\/uploads\/2021\/09\/pfizer_51631342907.jpg",620,413,false],"post-thumbnail":["https:\/\/arantv.az\/wp-content\/uploads\/2021\/09\/pfizer_51631342907-240x172.jpg",240,172,true],"advps-thumb-one":["https:\/\/arantv.az\/wp-content\/uploads\/2021\/09\/pfizer_51631342907.jpg",620,413,false]},"rttpg_author":{"display_name":"V\u00fcsal Rafiqo\u011flu","author_link":"https:\/\/arantv.az\/?author=2"},"rttpg_comment":0,"rttpg_category":"<a href=\"https:\/\/arantv.az\/?cat=26\" rel=\"category\">Sosial<\/a>","rttpg_excerpt":"&#8220;Pfizer&#8221; v\u0259 &#8220;Biontech&#8221; \u015firk\u0259tl\u0259ri koronavirusa qar\u015f\u0131 haz\u0131rlad\u0131qlar\u0131 u\u015faq peyv\u0259ndinin t\u0259sdiq olunmas\u0131 \u00fc\u00e7\u00fcn laz\u0131mi instansiyalara m\u00fcraci\u0259t etm\u0259y\u0259 haz\u0131rla\u015f\u0131r. M\u0259lumata g\u00f6r\u0259, 5-11 ya\u015fl\u0131 u\u015faqlar \u00fc\u00e7\u00fcn n\u0259z\u0259rd\u0259 tutulan vaksinl\u0259r \u00fcz\u0259rind\u0259 apar\u0131lan i\u015fl\u0259r bir ne\u00e7\u0259 h\u0259ft\u0259 \u0259rzind\u0259 yekunla\u015facaq. Oktyabr ay\u0131nda preparat\u0131n t\u0259sdiqi \u00fc\u00e7\u00fcn m\u00fcvafiq qurumlara m\u00fcraci\u0259t \u00fcnvanlanacaq. Qeyd ed\u0259k ki, haz\u0131rda u\u015faq peyv\u0259ndinin haz\u0131rland\u0131\u011f\u0131 Almaniya vaksinasiya s\u0259viyy\u0259sin\u0259 g\u00f6r\u0259 Fransa,&hellip;","_links":{"self":[{"href":"https:\/\/arantv.az\/index.php?rest_route=\/wp\/v2\/posts\/376803"}],"collection":[{"href":"https:\/\/arantv.az\/index.php?rest_route=\/wp\/v2\/posts"}],"about":[{"href":"https:\/\/arantv.az\/index.php?rest_route=\/wp\/v2\/types\/post"}],"author":[{"embeddable":true,"href":"https:\/\/arantv.az\/index.php?rest_route=\/wp\/v2\/users\/2"}],"replies":[{"embeddable":true,"href":"https:\/\/arantv.az\/index.php?rest_route=%2Fwp%2Fv2%2Fcomments&post=376803"}],"version-history":[{"count":0,"href":"https:\/\/arantv.az\/index.php?rest_route=\/wp\/v2\/posts\/376803\/revisions"}],"wp:featuredmedia":[{"embeddable":true,"href":"https:\/\/arantv.az\/index.php?rest_route=\/wp\/v2\/media\/376804"}],"wp:attachment":[{"href":"https:\/\/arantv.az\/index.php?rest_route=%2Fwp%2Fv2%2Fmedia&parent=376803"}],"wp:term":[{"taxonomy":"category","embeddable":true,"href":"https:\/\/arantv.az\/index.php?rest_route=%2Fwp%2Fv2%2Fcategories&post=376803"},{"taxonomy":"post_tag","embeddable":true,"href":"https:\/\/arantv.az\/index.php?rest_route=%2Fwp%2Fv2%2Ftags&post=376803"}],"curies":[{"name":"wp","href":"https:\/\/api.w.org\/{rel}","templated":true}]}}