{"id":376816,"date":"2021-09-11T11:54:39","date_gmt":"2021-09-11T08:54:39","guid":{"rendered":"https:\/\/arantv.az\/?p=376816"},"modified":"2021-09-11T11:54:39","modified_gmt":"2021-09-11T08:54:39","slug":"fasist-ideologiyasini-yayan-erm%c9%99nistan-rusiya-ir%c9%99vanin-m%c9%99nfur-siyas%c9%99tin%c9%99-niy%c9%99-goz-yumur","status":"publish","type":"post","link":"https:\/\/arantv.az\/?p=376816","title":{"rendered":"Fa\u015fist ideologiyas\u0131n\u0131 yayan Erm\u0259nistan: Rusiya \u0130r\u0259van\u0131n m\u0259nfur siyas\u0259tin\u0259 niy\u0259 g\u00f6z yumur?"},"content":{"rendered":"<p>D\u00fcnya medias\u0131 v\u0259 ictimai dair\u0259l\u0259ri ne\u00e7\u0259 g\u00fcnd\u00fcr ki, Moskvada ke\u00e7iril\u0259n beyn\u0259lxalq antifa\u015fist forumunu \u015f\u0259rh edir. Maraql\u0131d\u0131r ki, forumu izl\u0259y\u0259rk\u0259n yen\u0259 d\u0259 ikili standartlar v\u0259 q\u0259r\u0259zli m\u00f6vqenin \u015fahidi oluruq. Nasizm ideyalar\u0131n\u0131n yay\u0131lmas\u0131na qar\u015f\u0131 \u201ccihad\u201d elan ed\u0259n Moskva bu m\u0259s\u0259l\u0259d\u0259 d\u0259 siyasi maraqlar\u0131n\u0131 \u00f6n\u0259 \u00e7\u0259kir. Onun imperiya maraqlar\u0131na qar\u015f\u0131 \u00e7\u0131xan Baltikyan\u0131 d\u00f6vl\u0259tl\u0259r v\u0259 Ukrayna\u00a0 h\u0259d\u0259f\u0259 al\u0131n\u0131r, fa\u015fizm ideyalar\u0131n\u0131 yayan Erm\u0259nistan is\u0259 \u201cunudulur\u201d. Sanki fa\u015fist \u0259lalt\u0131s\u0131 Qaregin Njdey\u0259 \u0130r\u0259van\u0131n m\u0259rk\u0259zind\u0259 16 metrlik abid\u0259ni ucaldan erm\u0259nil\u0259r yox, ba\u015fqas\u0131d\u0131r. B\u00f6y\u00fck V\u0259t\u0259n m\u00fcharib\u0259sinin v\u0259 N\u00fcrnberq m\u0259hk\u0259m\u0259sinin ildon\u00fcm\u00fcn\u0259, el\u0259c\u0259 d\u0259 fa\u015fizm qurbanlar\u0131n\u0131n xatir\u0259sin\u0259 h\u0259sr olunan forum bir ne\u00e7\u0259 g\u00fcnd\u00fcr ki, fa\u015fizm t\u0259hl\u00fck\u0259sind\u0259n b\u0259hs edir, buna qar\u015f\u0131 t\u0259dbirl\u0259ri qabard\u0131r. Diqq\u0259t m\u0259rk\u0259zind\u0259 neofa\u015fizm v\u0259 ksenofobiya hallar\u0131n\u0131n art\u0131\u011f\u0131 \u00f6lk\u0259l\u0259rin reytinqinin yarad\u0131lmas\u0131 da var. Bu siyah\u0131da da Erm\u0259nistan yoxdur.<\/p>\n<p>Bu bar\u0259d\u0259\u00a0<a href=\"https:\/\/kaspi.az\/az\/rusiya-ermeni-fasizmine-niye-gz-yumur-fakt?fbclid=IwAR3qZgiMfBhkZlIzALfbsenKY7JUSV_KprbpzbQLrGI2ELkKd413h255ya0\" target=\"_blank\" rel=\"noopener\"><strong>\u201cKaspi\u201d\u00a0qazetind\u0259<\/strong><\/a>\u00a0m\u0259qal\u0259 d\u0259rc olunub.<\/p>\n<div id=\"AdviadNativeVideo0\" class=\"AdviadNativeVideo\"><\/div>\n<p>Rusiya xarici i\u015fl\u0259r naziri Sergey Lavrov t\u0259dbird\u0259 \u00e7\u0131x\u0131\u015f edib.\u00a0Nazir videom\u00fcraci\u0259tind\u0259 m\u00fcharib\u0259d\u0259n 80 il\u0259 yax\u0131n vaxt\u0131n ke\u00e7m\u0259sin\u0259 baxmayaraq, fa\u015fizm x\u0259st\u0259liyin\u0259 qar\u015f\u0131 peyv\u0259ndin z\u0259ifl\u0259m\u0259y\u0259 do\u011fru getdiyini deyib. Xarici siyas\u0259t idar\u0259sinin r\u0259hb\u0259ri h\u0259d\u0259f kimi Baltikyan\u0131 d\u00f6vl\u0259tl\u0259ri v\u0259 Ukraynan\u0131n ad\u0131n\u0131 \u00e7\u0259kib. Amma bir d\u0259f\u0259 d\u0259 olsun fa\u015fizm ideyas\u0131n\u0131n yay\u0131ld\u0131\u011f\u0131 Erm\u0259nistan\u0131n ad\u0131n\u0131 \u00e7\u0259km\u0259yib. Halbuki nazirin r\u0259hb\u0259rlik etdiyi qurum ne\u00e7\u0259 ildir ki, Erm\u0259nistanda fa\u015fizm ideyalar\u0131n\u0131n yay\u0131lmas\u0131ndan \u015fikay\u0259t edir, buna son qoyulmas\u0131n\u0131 r\u0259smi \u0130r\u0259vandan t\u0259l\u0259b edirdi.<\/p>\n<p>Yeri g\u0259lmi\u015fk\u0259n, t\u0259dbird\u0259 o da bildirilib ki, D\u00f6vl\u0259t Dumas\u0131na nasizmin b\u0259rpas\u0131 v\u0259 t\u0259bli\u011fat\u0131n\u0131n qada\u011fan edilm\u0259si bar\u0259d\u0259 qanun layih\u0259si daxil olub. Burada \u00f6lk\u0259 \u0259razisind\u0259 \u201cnasizm\u201d, \u201cfa\u015fizm\u201d\u00a0v\u0259 \u201cSovet \u0130ttifaq\u0131 xalqlar\u0131n\u0131n soyq\u0131r\u0131m\u0131\u201d\u00a0anlay\u0131\u015flar\u0131n\u0131n qada\u011fan edilm\u0259sini n\u0259z\u0259rd\u0259 tutan b\u0259ndl\u0259r var. Rusiyan\u0131n ba\u015f prokuroru \u0130qor Krasnov bildirib ki, s\u0259n\u0259d eyni zamanda nasizmin b\u0259rpas\u0131 v\u0259 t\u0259bli\u011fat\u0131n\u0131n qada\u011fan edilm\u0259sini, \u0130kinci D\u00fcnya m\u00fcharib\u0259sin\u0259 h\u0259sr olunmu\u015f arxiv s\u0259n\u0259dl\u0259ri, film v\u0259 fotomateriallar kompleksinin h\u00fcquqi statusunun t\u0259nziml\u0259nm\u0259sini d\u0259 n\u0259z\u0259rd\u0259 tutur.<\/p>\n<p>2016-c\u0131 ild\u0259 Erm\u0259nistan\u0131n ke\u00e7mi\u015f r\u0259hb\u0259rliyi \u0130r\u0259van\u0131n d\u00fcz m\u0259rk\u0259zind\u0259 fa\u015fist \u0259lalt\u0131s\u0131 Qaregin Njdenin n\u0259h\u0259ng abid\u0259sini ucaldanda buna qar\u015f\u0131 etiraz olmad\u0131. Yaln\u0131z Az\u0259rbaycan Prezidenti \u0130lham \u018fliyev MDB d\u00f6vl\u0259t ba\u015f\u00e7\u0131lar\u0131n\u0131n A\u015fqabad sammitind\u0259 fa\u015fizmin Erm\u0259nistanda canland\u0131r\u0131lmas\u0131n\u0131 qabartd\u0131qdan sonra v\u0259ziyy\u0259t d\u0259yi\u015fdi. Prezident erm\u0259ni ba\u015f nazir Nikol Pa\u015finyan\u0131n da i\u015ftirak etdiyi sammitd\u0259 bu \u00f6lk\u0259nin fa\u015fist mahiyy\u0259tini a\u00e7\u0131q \u015f\u0259kild\u0259 ortaya qoydu. Q\u0259rib\u0259 olan odur ki, \u0130r\u0259van\u0131n m\u0259rk\u0259zind\u0259 nasist Njdey\u0259 abid\u0259 ucald\u0131l\u0131r, fa\u015fizmin q\u0259hr\u0259manla\u015fd\u0131r\u0131lmas\u0131na qar\u015f\u0131 \u00e7\u0131xan Rusiya is\u0259 buna g\u00f6z yumur. B\u0259li, tam \u0259minlikl\u0259 dem\u0259k olar ki, bu g\u00fcn Erm\u0259nistan nasizmin qalib g\u0259ldiyi \u00f6lk\u0259dir.<\/p>\n","protected":false},"excerpt":{"rendered":"<p>D\u00fcnya medias\u0131 v\u0259 ictimai dair\u0259l\u0259ri ne\u00e7\u0259 g\u00fcnd\u00fcr ki, Moskvada ke\u00e7iril\u0259n beyn\u0259lxalq antifa\u015fist forumunu \u015f\u0259rh edir. Maraql\u0131d\u0131r ki, forumu izl\u0259y\u0259rk\u0259n yen\u0259 d\u0259 ikili standartlar v\u0259 q\u0259r\u0259zli m\u00f6vqenin \u015fahidi oluruq. Nasizm ideyalar\u0131n\u0131n yay\u0131lmas\u0131na qar\u015f\u0131 \u201ccihad\u201d elan ed\u0259n Moskva bu m\u0259s\u0259l\u0259d\u0259 d\u0259 siyasi maraqlar\u0131n\u0131 \u00f6n\u0259 \u00e7\u0259kir. Onun imperiya maraqlar\u0131na qar\u015f\u0131 \u00e7\u0131xan Baltikyan\u0131 d\u00f6vl\u0259tl\u0259r v\u0259 Ukrayna\u00a0 h\u0259d\u0259f\u0259 al\u0131n\u0131r, fa\u015fizm ideyalar\u0131n\u0131 yayan Erm\u0259nistan is\u0259 \u201cunudulur\u201d. Sanki fa\u015fist \u0259lalt\u0131s\u0131 Qaregin Njdey\u0259 \u0130r\u0259van\u0131n m\u0259rk\u0259zind\u0259 16 metrlik abid\u0259ni ucaldan erm\u0259nil\u0259r yox, ba\u015fqas\u0131d\u0131r. B\u00f6y\u00fck V\u0259t\u0259n m\u00fcharib\u0259sinin v\u0259 N\u00fcrnberq m\u0259hk\u0259m\u0259sinin ildon\u00fcm\u00fcn\u0259, el\u0259c\u0259 d\u0259 fa\u015fizm qurbanlar\u0131n\u0131n xatir\u0259sin\u0259 h\u0259sr olunan forum bir&hellip;<\/p>\n","protected":false},"author":2,"featured_media":376817,"comment_status":"closed","ping_status":"closed","sticky":false,"template":"","format":"standard","meta":{"om_disable_all_campaigns":false,"_monsterinsights_skip_tracking":false,"_monsterinsights_sitenote_active":false,"_monsterinsights_sitenote_note":"","_monsterinsights_sitenote_category":0},"categories":[26],"tags":[],"aioseo_notices":[],"gutentor_comment":0,"rttpg_featured_image_url":{"full":["https:\/\/arantv.az\/wp-content\/uploads\/2021\/09\/FotoJet-2021-09-11T120818.942.jpg",620,413,false],"landscape":["https:\/\/arantv.az\/wp-content\/uploads\/2021\/09\/FotoJet-2021-09-11T120818.942.jpg",620,413,false],"portraits":["https:\/\/arantv.az\/wp-content\/uploads\/2021\/09\/FotoJet-2021-09-11T120818.942.jpg",620,413,false],"thumbnail":["https:\/\/arantv.az\/wp-content\/uploads\/2021\/09\/FotoJet-2021-09-11T120818.942-500x280.jpg",500,280,true],"medium":["https:\/\/arantv.az\/wp-content\/uploads\/2021\/09\/FotoJet-2021-09-11T120818.942-548x365.jpg",548,365,true],"large":["https:\/\/arantv.az\/wp-content\/uploads\/2021\/09\/FotoJet-2021-09-11T120818.942.jpg",620,413,false],"1536x1536":["https:\/\/arantv.az\/wp-content\/uploads\/2021\/09\/FotoJet-2021-09-11T120818.942.jpg",620,413,false],"2048x2048":["https:\/\/arantv.az\/wp-content\/uploads\/2021\/09\/FotoJet-2021-09-11T120818.942.jpg",620,413,false],"post-thumbnail":["https:\/\/arantv.az\/wp-content\/uploads\/2021\/09\/FotoJet-2021-09-11T120818.942-240x172.jpg",240,172,true],"advps-thumb-one":["https:\/\/arantv.az\/wp-content\/uploads\/2021\/09\/FotoJet-2021-09-11T120818.942.jpg",620,413,false]},"rttpg_author":{"display_name":"V\u00fcsal Rafiqo\u011flu","author_link":"https:\/\/arantv.az\/?author=2"},"rttpg_comment":0,"rttpg_category":"<a href=\"https:\/\/arantv.az\/?cat=26\" rel=\"category\">Sosial<\/a>","rttpg_excerpt":"D\u00fcnya medias\u0131 v\u0259 ictimai dair\u0259l\u0259ri ne\u00e7\u0259 g\u00fcnd\u00fcr ki, Moskvada ke\u00e7iril\u0259n beyn\u0259lxalq antifa\u015fist forumunu \u015f\u0259rh edir. Maraql\u0131d\u0131r ki, forumu izl\u0259y\u0259rk\u0259n yen\u0259 d\u0259 ikili standartlar v\u0259 q\u0259r\u0259zli m\u00f6vqenin \u015fahidi oluruq. Nasizm ideyalar\u0131n\u0131n yay\u0131lmas\u0131na qar\u015f\u0131 \u201ccihad\u201d elan ed\u0259n Moskva bu m\u0259s\u0259l\u0259d\u0259 d\u0259 siyasi maraqlar\u0131n\u0131 \u00f6n\u0259 \u00e7\u0259kir. Onun imperiya maraqlar\u0131na qar\u015f\u0131 \u00e7\u0131xan Baltikyan\u0131 d\u00f6vl\u0259tl\u0259r v\u0259 Ukrayna\u00a0 h\u0259d\u0259f\u0259 al\u0131n\u0131r, fa\u015fizm&hellip;","_links":{"self":[{"href":"https:\/\/arantv.az\/index.php?rest_route=\/wp\/v2\/posts\/376816"}],"collection":[{"href":"https:\/\/arantv.az\/index.php?rest_route=\/wp\/v2\/posts"}],"about":[{"href":"https:\/\/arantv.az\/index.php?rest_route=\/wp\/v2\/types\/post"}],"author":[{"embeddable":true,"href":"https:\/\/arantv.az\/index.php?rest_route=\/wp\/v2\/users\/2"}],"replies":[{"embeddable":true,"href":"https:\/\/arantv.az\/index.php?rest_route=%2Fwp%2Fv2%2Fcomments&post=376816"}],"version-history":[{"count":0,"href":"https:\/\/arantv.az\/index.php?rest_route=\/wp\/v2\/posts\/376816\/revisions"}],"wp:featuredmedia":[{"embeddable":true,"href":"https:\/\/arantv.az\/index.php?rest_route=\/wp\/v2\/media\/376817"}],"wp:attachment":[{"href":"https:\/\/arantv.az\/index.php?rest_route=%2Fwp%2Fv2%2Fmedia&parent=376816"}],"wp:term":[{"taxonomy":"category","embeddable":true,"href":"https:\/\/arantv.az\/index.php?rest_route=%2Fwp%2Fv2%2Fcategories&post=376816"},{"taxonomy":"post_tag","embeddable":true,"href":"https:\/\/arantv.az\/index.php?rest_route=%2Fwp%2Fv2%2Ftags&post=376816"}],"curies":[{"name":"wp","href":"https:\/\/api.w.org\/{rel}","templated":true}]}}