{"id":376832,"date":"2021-09-11T12:00:11","date_gmt":"2021-09-11T09:00:11","guid":{"rendered":"https:\/\/arantv.az\/?p=376832"},"modified":"2021-09-11T12:00:11","modified_gmt":"2021-09-11T09:00:11","slug":"prezident-administrasiyasinda-yeni-t%c9%99yinat-foto","status":"publish","type":"post","link":"https:\/\/arantv.az\/?p=376832","title":{"rendered":"Prezident Administrasiyas\u0131nda yeni T\u018fY\u0130NAT &#8211; FOTO"},"content":{"rendered":"<p>Prezident Administrasiyas\u0131nda Qeyri-h\u00f6kum\u0259t t\u0259\u015fkilatlar\u0131 v\u0259 Kommunikasiya \u015f\u00f6b\u0259sin\u0259 yeni sektor m\u00fcdiri t\u0259yinat\u0131 olub.<\/p>\n<p>Bel\u0259 ki, \u015f\u00f6b\u0259nin R\u0259q\u0259msal media il\u0259 i\u015f sektoruna Elmir V\u0259lizad\u0259 m\u00fcdir t\u0259yin edilib.<\/p>\n<div id=\"AdviadNativeVideo0\" class=\"AdviadNativeVideo\"><\/div>\n<p>Qeyd ed\u0259k ki, Elmir V\u0259lizad\u0259 bundan \u00f6nc\u0259 n\u0259qliyyat, rabit\u0259 v\u0259 y\u00fcks\u0259k texnologiyalar nazirinin m\u00fcavini v\u0259zif\u0259sind\u0259 \u00e7al\u0131\u015f\u0131b.<\/p>\n<p>&nbsp;<\/p>\n<div class=\"gallery\">\n<div class=\"gallery-i\"><img src=\"https:\/\/cdn.oxu.az\/uploads\/W1siZiIsIjIwMjEvMDkvMTEvMTEvMjAvMzgvNDlkNzExYzQtYTgzYS00NmRkLWI3NzUtODExOTJmYzFjNzM2L19ST004NzUwLmpwZyJdLFsicCIsImVuY29kZSIsImpwZyIsIi1xdWFsaXR5IDgwIl0sWyJwIiwidGh1bWIiLCI1OTB4NTkwXHUwMDNlIl1d?sha=dd7e1fab37d5a766\" alt=\"\" \/><\/p>\n<div class=\"gallery-i-caption\"><\/div>\n<\/div>\n<\/div>\n<p>M\u0259nb\u0259: APA<\/p>\n","protected":false},"excerpt":{"rendered":"<p>Prezident Administrasiyas\u0131nda Qeyri-h\u00f6kum\u0259t t\u0259\u015fkilatlar\u0131 v\u0259 Kommunikasiya \u015f\u00f6b\u0259sin\u0259 yeni sektor m\u00fcdiri t\u0259yinat\u0131 olub. Bel\u0259 ki, \u015f\u00f6b\u0259nin R\u0259q\u0259msal media il\u0259 i\u015f sektoruna Elmir V\u0259lizad\u0259 m\u00fcdir t\u0259yin edilib. Qeyd ed\u0259k ki, Elmir V\u0259lizad\u0259 bundan \u00f6nc\u0259 n\u0259qliyyat, rabit\u0259 v\u0259 y\u00fcks\u0259k texnologiyalar nazirinin m\u00fcavini v\u0259zif\u0259sind\u0259 \u00e7al\u0131\u015f\u0131b. &nbsp; M\u0259nb\u0259: APA<\/p>\n","protected":false},"author":2,"featured_media":376833,"comment_status":"closed","ping_status":"closed","sticky":false,"template":"","format":"standard","meta":{"om_disable_all_campaigns":false,"_monsterinsights_skip_tracking":false,"_monsterinsights_sitenote_active":false,"_monsterinsights_sitenote_note":"","_monsterinsights_sitenote_category":0},"categories":[26],"tags":[],"aioseo_notices":[],"gutentor_comment":0,"rttpg_featured_image_url":{"full":["https:\/\/arantv.az\/wp-content\/uploads\/2021\/09\/FotoJet-2021-09-11T111758.523.jpg",620,413,false],"landscape":["https:\/\/arantv.az\/wp-content\/uploads\/2021\/09\/FotoJet-2021-09-11T111758.523.jpg",620,413,false],"portraits":["https:\/\/arantv.az\/wp-content\/uploads\/2021\/09\/FotoJet-2021-09-11T111758.523.jpg",620,413,false],"thumbnail":["https:\/\/arantv.az\/wp-content\/uploads\/2021\/09\/FotoJet-2021-09-11T111758.523-500x280.jpg",500,280,true],"medium":["https:\/\/arantv.az\/wp-content\/uploads\/2021\/09\/FotoJet-2021-09-11T111758.523-548x365.jpg",548,365,true],"large":["https:\/\/arantv.az\/wp-content\/uploads\/2021\/09\/FotoJet-2021-09-11T111758.523.jpg",620,413,false],"1536x1536":["https:\/\/arantv.az\/wp-content\/uploads\/2021\/09\/FotoJet-2021-09-11T111758.523.jpg",620,413,false],"2048x2048":["https:\/\/arantv.az\/wp-content\/uploads\/2021\/09\/FotoJet-2021-09-11T111758.523.jpg",620,413,false],"post-thumbnail":["https:\/\/arantv.az\/wp-content\/uploads\/2021\/09\/FotoJet-2021-09-11T111758.523-240x172.jpg",240,172,true],"advps-thumb-one":["https:\/\/arantv.az\/wp-content\/uploads\/2021\/09\/FotoJet-2021-09-11T111758.523.jpg",620,413,false]},"rttpg_author":{"display_name":"V\u00fcsal Rafiqo\u011flu","author_link":"https:\/\/arantv.az\/?author=2"},"rttpg_comment":0,"rttpg_category":"<a href=\"https:\/\/arantv.az\/?cat=26\" rel=\"category\">Sosial<\/a>","rttpg_excerpt":"Prezident Administrasiyas\u0131nda Qeyri-h\u00f6kum\u0259t t\u0259\u015fkilatlar\u0131 v\u0259 Kommunikasiya \u015f\u00f6b\u0259sin\u0259 yeni sektor m\u00fcdiri t\u0259yinat\u0131 olub. Bel\u0259 ki, \u015f\u00f6b\u0259nin R\u0259q\u0259msal media il\u0259 i\u015f sektoruna Elmir V\u0259lizad\u0259 m\u00fcdir t\u0259yin edilib. Qeyd ed\u0259k ki, Elmir V\u0259lizad\u0259 bundan \u00f6nc\u0259 n\u0259qliyyat, rabit\u0259 v\u0259 y\u00fcks\u0259k texnologiyalar nazirinin m\u00fcavini v\u0259zif\u0259sind\u0259 \u00e7al\u0131\u015f\u0131b. &nbsp; M\u0259nb\u0259: APA","_links":{"self":[{"href":"https:\/\/arantv.az\/index.php?rest_route=\/wp\/v2\/posts\/376832"}],"collection":[{"href":"https:\/\/arantv.az\/index.php?rest_route=\/wp\/v2\/posts"}],"about":[{"href":"https:\/\/arantv.az\/index.php?rest_route=\/wp\/v2\/types\/post"}],"author":[{"embeddable":true,"href":"https:\/\/arantv.az\/index.php?rest_route=\/wp\/v2\/users\/2"}],"replies":[{"embeddable":true,"href":"https:\/\/arantv.az\/index.php?rest_route=%2Fwp%2Fv2%2Fcomments&post=376832"}],"version-history":[{"count":0,"href":"https:\/\/arantv.az\/index.php?rest_route=\/wp\/v2\/posts\/376832\/revisions"}],"wp:featuredmedia":[{"embeddable":true,"href":"https:\/\/arantv.az\/index.php?rest_route=\/wp\/v2\/media\/376833"}],"wp:attachment":[{"href":"https:\/\/arantv.az\/index.php?rest_route=%2Fwp%2Fv2%2Fmedia&parent=376832"}],"wp:term":[{"taxonomy":"category","embeddable":true,"href":"https:\/\/arantv.az\/index.php?rest_route=%2Fwp%2Fv2%2Fcategories&post=376832"},{"taxonomy":"post_tag","embeddable":true,"href":"https:\/\/arantv.az\/index.php?rest_route=%2Fwp%2Fv2%2Ftags&post=376832"}],"curies":[{"name":"wp","href":"https:\/\/api.w.org\/{rel}","templated":true}]}}