{"id":376844,"date":"2021-09-11T12:05:45","date_gmt":"2021-09-11T09:05:45","guid":{"rendered":"https:\/\/arantv.az\/?p=376844"},"modified":"2021-09-11T12:05:45","modified_gmt":"2021-09-11T09:05:45","slug":"bakida-xususi-t%c9%99yinatlilarin-uc-qardas-2021-beyn%c9%99lxalq-t%c9%99limi-keciril%c9%99c%c9%99k","status":"publish","type":"post","link":"https:\/\/arantv.az\/?p=376844","title":{"rendered":"Bak\u0131da x\u00fcsusi t\u0259yinatl\u0131lar\u0131n &#8220;\u00dc\u00e7 qarda\u015f &#8211; 2021&#8221; beyn\u0259lxalq t\u0259limi ke\u00e7iril\u0259c\u0259k"},"content":{"rendered":"<p>Sentyabr\u0131n 12-d\u0259n Bak\u0131da ilk d\u0259f\u0259 olaraq Az\u0259rbaycan, T\u00fcrkiy\u0259 v\u0259 Pakistan\u0131n x\u00fcsusi t\u0259yinatl\u0131 q\u00fcvv\u0259l\u0259rinin \u201c\u00dc\u00e7 Qarda\u015f &#8211; 2021\u201d birg\u0259 beyn\u0259lxalq t\u0259limi ke\u00e7iril\u0259c\u0259k.<br \/>\nAz\u0259rbaycan M\u00fcdafi\u0259 Nazirliyind\u0259n &#8220;\u0130ki sahil&#8221;\u0259 veril\u0259n m\u0259lumata g\u00f6r\u0259, birg\u0259 t\u0259limin \u0259sas m\u0259qs\u0259di d\u00f6y\u00fc\u015f \u0259m\u0259liyyatlar\u0131n\u0131n apar\u0131lmas\u0131 zaman\u0131 dost v\u0259 t\u0259r\u0259fda\u015f \u00f6lk\u0259l\u0259rin x\u00fcsusi t\u0259yinatl\u0131 b\u00f6lm\u0259l\u0259rinin qar\u015f\u0131l\u0131ql\u0131 f\u0259aliyy\u0259tinin t\u0259kmill\u0259\u015fdirilm\u0259si, s\u00fclh v\u0259 m\u00fcharib\u0259 d\u00f6vr\u00fcnd\u0259 \u0259m\u0259liyyatlara haz\u0131rlanmas\u0131, bilik v\u0259 t\u0259cr\u00fcb\u0259 m\u00fcbadil\u0259sinin apar\u0131lmas\u0131d\u0131r.<br \/>\n&#8220;\u00dc\u00e7 qarda\u015f &#8211; 2021&#8221; beyn\u0259lxalq t\u0259limi sentyabr\u0131n 20-d\u0259k davam ed\u0259c\u0259k.<\/p>\n","protected":false},"excerpt":{"rendered":"<p>Sentyabr\u0131n 12-d\u0259n Bak\u0131da ilk d\u0259f\u0259 olaraq Az\u0259rbaycan, T\u00fcrkiy\u0259 v\u0259 Pakistan\u0131n x\u00fcsusi t\u0259yinatl\u0131 q\u00fcvv\u0259l\u0259rinin \u201c\u00dc\u00e7 Qarda\u015f &#8211; 2021\u201d birg\u0259 beyn\u0259lxalq t\u0259limi ke\u00e7iril\u0259c\u0259k. Az\u0259rbaycan M\u00fcdafi\u0259 Nazirliyind\u0259n &#8220;\u0130ki sahil&#8221;\u0259 veril\u0259n m\u0259lumata g\u00f6r\u0259, birg\u0259 t\u0259limin \u0259sas m\u0259qs\u0259di d\u00f6y\u00fc\u015f \u0259m\u0259liyyatlar\u0131n\u0131n apar\u0131lmas\u0131 zaman\u0131 dost v\u0259 t\u0259r\u0259fda\u015f \u00f6lk\u0259l\u0259rin x\u00fcsusi t\u0259yinatl\u0131 b\u00f6lm\u0259l\u0259rinin qar\u015f\u0131l\u0131ql\u0131 f\u0259aliyy\u0259tinin t\u0259kmill\u0259\u015fdirilm\u0259si, s\u00fclh v\u0259 m\u00fcharib\u0259 d\u00f6vr\u00fcnd\u0259 \u0259m\u0259liyyatlara haz\u0131rlanmas\u0131, bilik v\u0259 t\u0259cr\u00fcb\u0259 m\u00fcbadil\u0259sinin apar\u0131lmas\u0131d\u0131r. &#8220;\u00dc\u00e7 qarda\u015f &#8211; 2021&#8221; beyn\u0259lxalq t\u0259limi sentyabr\u0131n 20-d\u0259k davam ed\u0259c\u0259k.<\/p>\n","protected":false},"author":2,"featured_media":376845,"comment_status":"closed","ping_status":"closed","sticky":false,"template":"","format":"standard","meta":{"om_disable_all_campaigns":false,"_monsterinsights_skip_tracking":false,"_monsterinsights_sitenote_active":false,"_monsterinsights_sitenote_note":"","_monsterinsights_sitenote_category":0},"categories":[10],"tags":[],"aioseo_notices":[],"gutentor_comment":0,"rttpg_featured_image_url":{"full":["https:\/\/arantv.az\/wp-content\/uploads\/2021\/09\/dfa92d8f163134744921796264410673396.jpg",975,540,false],"landscape":["https:\/\/arantv.az\/wp-content\/uploads\/2021\/09\/dfa92d8f163134744921796264410673396.jpg",975,540,false],"portraits":["https:\/\/arantv.az\/wp-content\/uploads\/2021\/09\/dfa92d8f163134744921796264410673396.jpg",975,540,false],"thumbnail":["https:\/\/arantv.az\/wp-content\/uploads\/2021\/09\/dfa92d8f163134744921796264410673396-500x280.jpg",500,280,true],"medium":["https:\/\/arantv.az\/wp-content\/uploads\/2021\/09\/dfa92d8f163134744921796264410673396-660x365.jpg",660,365,true],"large":["https:\/\/arantv.az\/wp-content\/uploads\/2021\/09\/dfa92d8f163134744921796264410673396-840x465.jpg",640,354,true],"1536x1536":["https:\/\/arantv.az\/wp-content\/uploads\/2021\/09\/dfa92d8f163134744921796264410673396.jpg",975,540,false],"2048x2048":["https:\/\/arantv.az\/wp-content\/uploads\/2021\/09\/dfa92d8f163134744921796264410673396.jpg",975,540,false],"post-thumbnail":["https:\/\/arantv.az\/wp-content\/uploads\/2021\/09\/dfa92d8f163134744921796264410673396-240x172.jpg",240,172,true],"advps-thumb-one":["https:\/\/arantv.az\/wp-content\/uploads\/2021\/09\/dfa92d8f163134744921796264410673396.jpg",975,540,false]},"rttpg_author":{"display_name":"V\u00fcsal Rafiqo\u011flu","author_link":"https:\/\/arantv.az\/?author=2"},"rttpg_comment":0,"rttpg_category":"<a href=\"https:\/\/arantv.az\/?cat=10\" rel=\"category\">C\u0259bh\u0259d\u0259n X\u0259b\u0259r<\/a>","rttpg_excerpt":"Sentyabr\u0131n 12-d\u0259n Bak\u0131da ilk d\u0259f\u0259 olaraq Az\u0259rbaycan, T\u00fcrkiy\u0259 v\u0259 Pakistan\u0131n x\u00fcsusi t\u0259yinatl\u0131 q\u00fcvv\u0259l\u0259rinin \u201c\u00dc\u00e7 Qarda\u015f &#8211; 2021\u201d birg\u0259 beyn\u0259lxalq t\u0259limi ke\u00e7iril\u0259c\u0259k. Az\u0259rbaycan M\u00fcdafi\u0259 Nazirliyind\u0259n &#8220;\u0130ki sahil&#8221;\u0259 veril\u0259n m\u0259lumata g\u00f6r\u0259, birg\u0259 t\u0259limin \u0259sas m\u0259qs\u0259di d\u00f6y\u00fc\u015f \u0259m\u0259liyyatlar\u0131n\u0131n apar\u0131lmas\u0131 zaman\u0131 dost v\u0259 t\u0259r\u0259fda\u015f \u00f6lk\u0259l\u0259rin x\u00fcsusi t\u0259yinatl\u0131 b\u00f6lm\u0259l\u0259rinin qar\u015f\u0131l\u0131ql\u0131 f\u0259aliyy\u0259tinin t\u0259kmill\u0259\u015fdirilm\u0259si, s\u00fclh v\u0259 m\u00fcharib\u0259 d\u00f6vr\u00fcnd\u0259 \u0259m\u0259liyyatlara haz\u0131rlanmas\u0131, bilik v\u0259&hellip;","_links":{"self":[{"href":"https:\/\/arantv.az\/index.php?rest_route=\/wp\/v2\/posts\/376844"}],"collection":[{"href":"https:\/\/arantv.az\/index.php?rest_route=\/wp\/v2\/posts"}],"about":[{"href":"https:\/\/arantv.az\/index.php?rest_route=\/wp\/v2\/types\/post"}],"author":[{"embeddable":true,"href":"https:\/\/arantv.az\/index.php?rest_route=\/wp\/v2\/users\/2"}],"replies":[{"embeddable":true,"href":"https:\/\/arantv.az\/index.php?rest_route=%2Fwp%2Fv2%2Fcomments&post=376844"}],"version-history":[{"count":0,"href":"https:\/\/arantv.az\/index.php?rest_route=\/wp\/v2\/posts\/376844\/revisions"}],"wp:featuredmedia":[{"embeddable":true,"href":"https:\/\/arantv.az\/index.php?rest_route=\/wp\/v2\/media\/376845"}],"wp:attachment":[{"href":"https:\/\/arantv.az\/index.php?rest_route=%2Fwp%2Fv2%2Fmedia&parent=376844"}],"wp:term":[{"taxonomy":"category","embeddable":true,"href":"https:\/\/arantv.az\/index.php?rest_route=%2Fwp%2Fv2%2Fcategories&post=376844"},{"taxonomy":"post_tag","embeddable":true,"href":"https:\/\/arantv.az\/index.php?rest_route=%2Fwp%2Fv2%2Ftags&post=376844"}],"curies":[{"name":"wp","href":"https:\/\/api.w.org\/{rel}","templated":true}]}}