{"id":377109,"date":"2021-09-13T08:22:10","date_gmt":"2021-09-13T05:22:10","guid":{"rendered":"http:\/\/arantv.az\/?p=377109"},"modified":"2021-09-13T08:22:10","modified_gmt":"2021-09-13T05:22:10","slug":"yardimlida-22-yasli-oglan-q%c9%99tl%c9%99-yetirildi","status":"publish","type":"post","link":"https:\/\/arantv.az\/?p=377109","title":{"rendered":"Yard\u0131ml\u0131da 22 ya\u015fl\u0131 o\u011flan q\u0259tl\u0259 yetirildi"},"content":{"rendered":"<p>Sentyabr\u0131n 12-si saat 13:00\u00a0rad\u0259l\u0259rind\u0259 Yard\u0131ml\u0131 rayon, Arvana k\u0259nd sakini 1999-cu il t\u0259v\u0259ll\u00fcdl\u00fc N\u0259sr\u0259ddin S\u0259tizad\u0259nin odlu silahdan a\u00e7\u0131lan at\u0259\u015fl\u0259 \u00f6ld\u00fcr\u00fclm\u0259si bar\u0259d\u0259 rayon prokurorlu\u011funa m\u0259lumat daxil olub.<\/p>\n<p>Yard\u0131ml\u0131 Rayon Prokurorlu\u011funda apar\u0131lan ilkin ara\u015fd\u0131rmalarla z\u0259r\u0259r\u00e7\u0259kmi\u015fin h\u0259mk\u0259ndlisi 1988-ci il t\u0259v\u0259ll\u00fcdl\u00fc Asif A\u011fayevin k\u0259nd \u0259razisind\u0259 \u015f\u0259xsi m\u00fcnasib\u0259tl\u0259r z\u0259minind\u0259 aralar\u0131nda yaranan m\u00fcbahis\u0259 zaman\u0131 N\u0259sr\u0259ddin S\u0259tizad\u0259nin sin\u0259 nahiy\u0259sin\u0259 ov t\u00fcf\u0259ngind\u0259n at\u0259\u015f a\u00e7araq onu q\u0259sd\u0259n \u00f6ld\u00fcrm\u0259sin\u0259 \u0259sasl\u0131 \u015f\u00fcbh\u0259l\u0259r m\u00fc\u0259yy\u0259n edilib.<\/p>\n<div id=\"AdviadNativeVideo0\" class=\"AdviadNativeVideo\"><\/div>\n<p>Faktla ba\u011fl\u0131 Yard\u0131ml\u0131 Rayon Prokurorlu\u011funda Cinay\u0259t M\u0259c\u0259ll\u0259sinin 120.1-ci (q\u0259sd\u0259n adam \u00f6ld\u00fcrm\u0259) madd\u0259si il\u0259 cinay\u0259t i\u015fi ba\u015flan\u0131b.<\/p>\n<p>Asif A\u011fayev \u015f\u00fcbh\u0259li \u015f\u0259xs qismind\u0259 tutularaq istintaqa c\u0259lb edilib.<\/p>\n<p>Haz\u0131rda cinay\u0259t i\u015fi \u00fczr\u0259 istintaq davam edir.<\/p>\n","protected":false},"excerpt":{"rendered":"<p>Sentyabr\u0131n 12-si saat 13:00\u00a0rad\u0259l\u0259rind\u0259 Yard\u0131ml\u0131 rayon, Arvana k\u0259nd sakini 1999-cu il t\u0259v\u0259ll\u00fcdl\u00fc N\u0259sr\u0259ddin S\u0259tizad\u0259nin odlu silahdan a\u00e7\u0131lan at\u0259\u015fl\u0259 \u00f6ld\u00fcr\u00fclm\u0259si bar\u0259d\u0259 rayon prokurorlu\u011funa m\u0259lumat daxil olub. Yard\u0131ml\u0131 Rayon Prokurorlu\u011funda apar\u0131lan ilkin ara\u015fd\u0131rmalarla z\u0259r\u0259r\u00e7\u0259kmi\u015fin h\u0259mk\u0259ndlisi 1988-ci il t\u0259v\u0259ll\u00fcdl\u00fc Asif A\u011fayevin k\u0259nd \u0259razisind\u0259 \u015f\u0259xsi m\u00fcnasib\u0259tl\u0259r z\u0259minind\u0259 aralar\u0131nda yaranan m\u00fcbahis\u0259 zaman\u0131 N\u0259sr\u0259ddin S\u0259tizad\u0259nin sin\u0259 nahiy\u0259sin\u0259 ov t\u00fcf\u0259ngind\u0259n at\u0259\u015f a\u00e7araq onu q\u0259sd\u0259n \u00f6ld\u00fcrm\u0259sin\u0259 \u0259sasl\u0131 \u015f\u00fcbh\u0259l\u0259r m\u00fc\u0259yy\u0259n edilib. Faktla ba\u011fl\u0131 Yard\u0131ml\u0131 Rayon Prokurorlu\u011funda Cinay\u0259t M\u0259c\u0259ll\u0259sinin 120.1-ci (q\u0259sd\u0259n adam \u00f6ld\u00fcrm\u0259) madd\u0259si il\u0259 cinay\u0259t i\u015fi ba\u015flan\u0131b. Asif A\u011fayev \u015f\u00fcbh\u0259li \u015f\u0259xs qismind\u0259 tutularaq istintaqa c\u0259lb edilib. Haz\u0131rda cinay\u0259t i\u015fi&hellip;<\/p>\n","protected":false},"author":2,"featured_media":377110,"comment_status":"closed","ping_status":"closed","sticky":false,"template":"","format":"standard","meta":{"om_disable_all_campaigns":false,"_monsterinsights_skip_tracking":false,"_monsterinsights_sitenote_active":false,"_monsterinsights_sitenote_note":"","_monsterinsights_sitenote_category":0},"categories":[3],"tags":[],"aioseo_notices":[],"gutentor_comment":0,"rttpg_featured_image_url":{"full":["https:\/\/arantv.az\/wp-content\/uploads\/2021\/09\/FotoJet-32.jpg",620,415,false],"landscape":["https:\/\/arantv.az\/wp-content\/uploads\/2021\/09\/FotoJet-32.jpg",620,415,false],"portraits":["https:\/\/arantv.az\/wp-content\/uploads\/2021\/09\/FotoJet-32.jpg",620,415,false],"thumbnail":["https:\/\/arantv.az\/wp-content\/uploads\/2021\/09\/FotoJet-32-500x280.jpg",500,280,true],"medium":["https:\/\/arantv.az\/wp-content\/uploads\/2021\/09\/FotoJet-32-545x365.jpg",545,365,true],"large":["https:\/\/arantv.az\/wp-content\/uploads\/2021\/09\/FotoJet-32.jpg",620,415,false],"1536x1536":["https:\/\/arantv.az\/wp-content\/uploads\/2021\/09\/FotoJet-32.jpg",620,415,false],"2048x2048":["https:\/\/arantv.az\/wp-content\/uploads\/2021\/09\/FotoJet-32.jpg",620,415,false],"post-thumbnail":["https:\/\/arantv.az\/wp-content\/uploads\/2021\/09\/FotoJet-32-240x172.jpg",240,172,true],"advps-thumb-one":["https:\/\/arantv.az\/wp-content\/uploads\/2021\/09\/FotoJet-32.jpg",620,415,false]},"rttpg_author":{"display_name":"V\u00fcsal Rafiqo\u011flu","author_link":"https:\/\/arantv.az\/?author=2"},"rttpg_comment":0,"rttpg_category":"<a href=\"https:\/\/arantv.az\/?cat=3\" rel=\"category\">Kriminal<\/a>","rttpg_excerpt":"Sentyabr\u0131n 12-si saat 13:00\u00a0rad\u0259l\u0259rind\u0259 Yard\u0131ml\u0131 rayon, Arvana k\u0259nd sakini 1999-cu il t\u0259v\u0259ll\u00fcdl\u00fc N\u0259sr\u0259ddin S\u0259tizad\u0259nin odlu silahdan a\u00e7\u0131lan at\u0259\u015fl\u0259 \u00f6ld\u00fcr\u00fclm\u0259si bar\u0259d\u0259 rayon prokurorlu\u011funa m\u0259lumat daxil olub. Yard\u0131ml\u0131 Rayon Prokurorlu\u011funda apar\u0131lan ilkin ara\u015fd\u0131rmalarla z\u0259r\u0259r\u00e7\u0259kmi\u015fin h\u0259mk\u0259ndlisi 1988-ci il t\u0259v\u0259ll\u00fcdl\u00fc Asif A\u011fayevin k\u0259nd \u0259razisind\u0259 \u015f\u0259xsi m\u00fcnasib\u0259tl\u0259r z\u0259minind\u0259 aralar\u0131nda yaranan m\u00fcbahis\u0259 zaman\u0131 N\u0259sr\u0259ddin S\u0259tizad\u0259nin sin\u0259 nahiy\u0259sin\u0259 ov t\u00fcf\u0259ngind\u0259n at\u0259\u015f a\u00e7araq&hellip;","_links":{"self":[{"href":"https:\/\/arantv.az\/index.php?rest_route=\/wp\/v2\/posts\/377109"}],"collection":[{"href":"https:\/\/arantv.az\/index.php?rest_route=\/wp\/v2\/posts"}],"about":[{"href":"https:\/\/arantv.az\/index.php?rest_route=\/wp\/v2\/types\/post"}],"author":[{"embeddable":true,"href":"https:\/\/arantv.az\/index.php?rest_route=\/wp\/v2\/users\/2"}],"replies":[{"embeddable":true,"href":"https:\/\/arantv.az\/index.php?rest_route=%2Fwp%2Fv2%2Fcomments&post=377109"}],"version-history":[{"count":0,"href":"https:\/\/arantv.az\/index.php?rest_route=\/wp\/v2\/posts\/377109\/revisions"}],"wp:featuredmedia":[{"embeddable":true,"href":"https:\/\/arantv.az\/index.php?rest_route=\/wp\/v2\/media\/377110"}],"wp:attachment":[{"href":"https:\/\/arantv.az\/index.php?rest_route=%2Fwp%2Fv2%2Fmedia&parent=377109"}],"wp:term":[{"taxonomy":"category","embeddable":true,"href":"https:\/\/arantv.az\/index.php?rest_route=%2Fwp%2Fv2%2Fcategories&post=377109"},{"taxonomy":"post_tag","embeddable":true,"href":"https:\/\/arantv.az\/index.php?rest_route=%2Fwp%2Fv2%2Ftags&post=377109"}],"curies":[{"name":"wp","href":"https:\/\/api.w.org\/{rel}","templated":true}]}}