{"id":37711,"date":"2019-02-11T14:08:52","date_gmt":"2019-02-11T11:08:52","guid":{"rendered":"http:\/\/arantv.az\/?p=37711"},"modified":"2019-02-11T14:08:52","modified_gmt":"2019-02-11T11:08:52","slug":"oz-milli-sosial-s%c9%99b%c9%99k%c9%99mizi-yaradib-dig%c9%99r-sosial-s%c9%99b%c9%99k%c9%99l%c9%99ri-baglamaliyiq-deputatdan-aciqlama","status":"publish","type":"post","link":"https:\/\/arantv.az\/?p=37711","title":{"rendered":"&#8220;\u00d6z milli sosial \u015f\u0259b\u0259k\u0259mizi yarad\u0131b, dig\u0259r sosial \u015f\u0259b\u0259k\u0259l\u0259ri ba\u011flamal\u0131y\u0131q&#8221; \u2014 Deputatdan a\u00e7\u0131qlama"},"content":{"rendered":"<p>&#8220;Xaricd\u0259n Az\u0259rbaycana qar\u015f\u0131 s\u00f6y\u00fc\u015f s\u00f6y\u0259nl\u0259rin qar\u015f\u0131s\u0131n\u0131 almaq \u00fc\u00e7\u00fcn biz d\u0259 \u00f6z milli sosial \u015f\u0259b\u0259k\u0259mizi yarada v\u0259 dig\u0259r sosial \u015f\u0259b\u0259k\u0259l\u0259ri ba\u011flaya bil\u0259rik. Bununla da yaranan t\u0259hl\u00fck\u0259l\u0259rin qar\u015f\u0131s\u0131n\u0131 almaq m\u00fcmk\u00fcnd\u00fcr. H\u0259r bir \u00f6lk\u0259 kimi, bunu biz d\u0259 ed\u0259 bil\u0259rik&#8221;.<\/p>\n<p><b>ARANTV.AZ\u00a0<\/b>x\u0259b\u0259r verir ki, bu fikirl\u0259ri demokrat.az-a a\u00e7\u0131qlamas\u0131nda Milli M\u0259clisin S\u0259hiyy\u0259 komit\u0259sinin s\u0259dr m\u00fcavini, deputat Musa Quliyev bildirib.<\/p>\n<p>Deputat deyib ki, Az\u0259rbaycan m\u00fcharib\u0259 \u015f\u0259raitind\u0259 ya\u015fayan \u00f6lk\u0259 oldu\u011fu \u00fc\u00e7\u00fcn bu c\u00fcr add\u0131mlar\u0131 h\u0259r zaman atma\u011fa haqq\u0131 var:<\/p>\n<div id=\"AdributorNativeVideo0\" class=\"AdributorNativeVideo\"><\/div>\n<p><ins><\/ins><\/p>\n<div id=\"beacon_add93bc6a1\"><img loading=\"lazy\" src=\"https:\/\/ads2.newmedia.az\/www\/delivery\/lg.php?bannerid=0&amp;campaignid=0&amp;zoneid=975&amp;loc=https%3A%2F%2Fbig.az%2F344135-oz_milli_sosial_sebekemizi_yaradib_diger_sosial_sebekeleri_baglamaliyiq_deputatdan_aciqlama.html&amp;referer=https%3A%2F%2Fbig.az%2F&amp;cb=add93bc6a1\" alt=\"\" width=\"0\" height=\"0\" \/><\/div>\n<p>&#8220;Biz erm\u0259nil\u0259rl\u0259 m\u00fcharib\u0259 \u015f\u0259raitind\u0259 ya\u015fayan \u00f6lk\u0259yik. Ona g\u00f6r\u0259 d\u0259 s\u00f6y\u00fc\u015f kampaniyalar\u0131n\u0131n arxas\u0131nda erm\u0259ni barma\u011f\u0131n\u0131n olmas\u0131 istisna deyil. B\u0259z\u0259n g\u00f6r\u00fcrs\u0259n ki, Az\u0259rbaycanla ba\u011fl\u0131 pozitiv yaz\u0131lara t\u0259hqir v\u0259 s\u00f6y\u00fc\u015f dolu \u015f\u0259rhl\u0259r g\u0259lir. \u00c7ox g\u00fcman ki, h\u0259min \u015f\u0259rhl\u0259r \u0130r\u0259vandan idar\u0259 olunur. Ona g\u00f6r\u0259 d\u0259 biz laz\u0131m olsa d\u00fcnya birliyin\u0259 d\u0259 bununla ba\u011fl\u0131 m\u00fcraci\u0259t ed\u0259 bil\u0259rik. N\u0259 q\u0259d\u0259r ki, m\u00fcharib\u0259 bitm\u0259yib, ideoloji t\u0259xribatlara v\u0259 terrora m\u0259ruz qal\u0131r\u0131qsa, informasiya t\u0259hl\u00fck\u0259sizliyimizi qorumaq m\u0259qs\u0259dil\u0259 biz d\u0259 beyn\u0259lxalq sosial \u015f\u0259b\u0259k\u0259l\u0259rd\u0259n imtina edirik. Yaxud da daha \u00e7ox haradan t\u0259hdidl\u0259r g\u0259lirs\u0259, ondan imtina ed\u0259 bil\u0259rik. \u018fv\u0259zind\u0259 is\u0259 \u00f6z sosial \u015f\u0259b\u0259k\u0259mizi yarad\u0131b, \u0259halinin bundan istifad\u0259 etm\u0259sini t\u0259min ed\u0259 bil\u0259rik. Bu zaman \u0259g\u0259r kims\u0259 biziml\u0259 \u00fcnsiyy\u0259t\u0259 girm\u0259k ist\u0259s\u0259, bizim sosial \u015f\u0259b\u0259k\u0259y\u0259 girsin. Yaxud da &#8220;Youtube&#8221; v\u0259 dig\u0259r sosial \u015f\u0259b\u0259k\u0259l\u0259rin ba\u015f ofisl\u0259ri il\u0259 dan\u0131\u015f\u0131b onlar\u0131 Az\u0259rbaycanda baza qurma\u011fa d\u0259v\u0259t etm\u0259k olar. Bununla da biz bil\u0259rik ki, Az\u0259rbaycana qar\u015f\u0131 m\u0259n\u0259vi v\u0259 ideoloji terroru t\u00f6r\u0259d\u0259nl\u0259r kiml\u0259rdir. Bundan sonra onlar\u0131n f\u0259aliyy\u0259tini m\u0259hdudla\u015fd\u0131rmaq olar. Y\u0259qin ki, h\u0259m N\u0259qliyyat, Rabit\u0259 v\u0259 Y\u00fcks\u0259k Texnologiyalar Nazirliyi, h\u0259m d\u0259 D\u00f6vl\u0259t T\u0259hl\u00fck\u0259sizlik Xidm\u0259ti bu m\u0259s\u0259l\u0259l\u0259rl\u0259 m\u0259\u015f\u011ful olur&#8221;.<\/p>\n<p>Musa Quliyev s\u00f6y\u00fc\u015f kampaniyas\u0131 aparanlara cavab verilm\u0259sinin d\u0259 t\u0259r\u0259fdar\u0131 olmad\u0131\u011f\u0131n\u0131 s\u00f6yl\u0259yib:<\/p>\n<p>&#8220;B\u0259z\u0259n deyirl\u0259r ki, deputatlar, ziyal\u0131lar onlara cavab verm\u0259lidir v\u0259 sair\u0259. M\u0259n bununla raz\u0131 deyil\u0259m. Ziyal\u0131lar normal v\u0259 a\u011f\u0131l\u0131 ba\u015f\u0131nda olan adamlara cavab ver\u0259 bil\u0259r. Bu adamlar\u0131n normal \u0259xlaq\u0131, ba\u015f\u0131nda a\u011f\u0131l\u0131 yoxdur. Ax\u0131 bunlar\u0131n n\u0259yin\u0259 cavab verilsin?&#8221;.<\/p>\n<p>&nbsp;<\/p>\n","protected":false},"excerpt":{"rendered":"<p>&#8220;Xaricd\u0259n Az\u0259rbaycana qar\u015f\u0131 s\u00f6y\u00fc\u015f s\u00f6y\u0259nl\u0259rin qar\u015f\u0131s\u0131n\u0131 almaq \u00fc\u00e7\u00fcn biz d\u0259 \u00f6z milli sosial \u015f\u0259b\u0259k\u0259mizi yarada v\u0259 dig\u0259r sosial \u015f\u0259b\u0259k\u0259l\u0259ri ba\u011flaya bil\u0259rik. Bununla da yaranan t\u0259hl\u00fck\u0259l\u0259rin qar\u015f\u0131s\u0131n\u0131 almaq m\u00fcmk\u00fcnd\u00fcr. H\u0259r bir \u00f6lk\u0259 kimi, bunu biz d\u0259 ed\u0259 bil\u0259rik&#8221;. ARANTV.AZ\u00a0x\u0259b\u0259r verir ki, bu fikirl\u0259ri demokrat.az-a a\u00e7\u0131qlamas\u0131nda Milli M\u0259clisin S\u0259hiyy\u0259 komit\u0259sinin s\u0259dr m\u00fcavini, deputat Musa Quliyev bildirib. Deputat deyib ki, Az\u0259rbaycan m\u00fcharib\u0259 \u015f\u0259raitind\u0259 ya\u015fayan \u00f6lk\u0259 oldu\u011fu \u00fc\u00e7\u00fcn bu c\u00fcr add\u0131mlar\u0131 h\u0259r zaman atma\u011fa haqq\u0131 var: &#8220;Biz erm\u0259nil\u0259rl\u0259 m\u00fcharib\u0259 \u015f\u0259raitind\u0259 ya\u015fayan \u00f6lk\u0259yik. Ona g\u00f6r\u0259 d\u0259 s\u00f6y\u00fc\u015f kampaniyalar\u0131n\u0131n arxas\u0131nda erm\u0259ni barma\u011f\u0131n\u0131n olmas\u0131 istisna deyil. B\u0259z\u0259n&hellip;<\/p>\n","protected":false},"author":2,"featured_media":37712,"comment_status":"closed","ping_status":"closed","sticky":false,"template":"","format":"standard","meta":{"om_disable_all_campaigns":false,"_monsterinsights_skip_tracking":false,"_monsterinsights_sitenote_active":false,"_monsterinsights_sitenote_note":"","_monsterinsights_sitenote_category":0},"categories":[1],"tags":[],"aioseo_notices":[],"gutentor_comment":0,"rttpg_featured_image_url":{"full":["https:\/\/arantv.az\/wp-content\/uploads\/2019\/02\/1549878302_musaquliyevdeputat.jpg",650,484,false],"landscape":["https:\/\/arantv.az\/wp-content\/uploads\/2019\/02\/1549878302_musaquliyevdeputat.jpg",650,484,false],"portraits":["https:\/\/arantv.az\/wp-content\/uploads\/2019\/02\/1549878302_musaquliyevdeputat.jpg",650,484,false],"thumbnail":["https:\/\/arantv.az\/wp-content\/uploads\/2019\/02\/1549878302_musaquliyevdeputat-150x150.jpg",150,150,true],"medium":["https:\/\/arantv.az\/wp-content\/uploads\/2019\/02\/1549878302_musaquliyevdeputat-300x223.jpg",300,223,true],"large":["https:\/\/arantv.az\/wp-content\/uploads\/2019\/02\/1549878302_musaquliyevdeputat.jpg",640,477,false],"1536x1536":["https:\/\/arantv.az\/wp-content\/uploads\/2019\/02\/1549878302_musaquliyevdeputat.jpg",650,484,false],"2048x2048":["https:\/\/arantv.az\/wp-content\/uploads\/2019\/02\/1549878302_musaquliyevdeputat.jpg",650,484,false],"post-thumbnail":["https:\/\/arantv.az\/wp-content\/uploads\/2019\/02\/1549878302_musaquliyevdeputat-240x172.jpg",240,172,true],"advps-thumb-one":["https:\/\/arantv.az\/wp-content\/uploads\/2019\/02\/1549878302_musaquliyevdeputat.jpg",650,484,false]},"rttpg_author":{"display_name":"V\u00fcsal Rafiqo\u011flu","author_link":"https:\/\/arantv.az\/?author=2"},"rttpg_comment":0,"rttpg_category":"<a href=\"https:\/\/arantv.az\/?cat=1\" rel=\"category\">C\u0259miyy\u0259t<\/a>","rttpg_excerpt":"&#8220;Xaricd\u0259n Az\u0259rbaycana qar\u015f\u0131 s\u00f6y\u00fc\u015f s\u00f6y\u0259nl\u0259rin qar\u015f\u0131s\u0131n\u0131 almaq \u00fc\u00e7\u00fcn biz d\u0259 \u00f6z milli sosial \u015f\u0259b\u0259k\u0259mizi yarada v\u0259 dig\u0259r sosial \u015f\u0259b\u0259k\u0259l\u0259ri ba\u011flaya bil\u0259rik. Bununla da yaranan t\u0259hl\u00fck\u0259l\u0259rin qar\u015f\u0131s\u0131n\u0131 almaq m\u00fcmk\u00fcnd\u00fcr. H\u0259r bir \u00f6lk\u0259 kimi, bunu biz d\u0259 ed\u0259 bil\u0259rik&#8221;. ARANTV.AZ\u00a0x\u0259b\u0259r verir ki, bu fikirl\u0259ri demokrat.az-a a\u00e7\u0131qlamas\u0131nda Milli M\u0259clisin S\u0259hiyy\u0259 komit\u0259sinin s\u0259dr m\u00fcavini, deputat Musa Quliyev bildirib. Deputat&hellip;","_links":{"self":[{"href":"https:\/\/arantv.az\/index.php?rest_route=\/wp\/v2\/posts\/37711"}],"collection":[{"href":"https:\/\/arantv.az\/index.php?rest_route=\/wp\/v2\/posts"}],"about":[{"href":"https:\/\/arantv.az\/index.php?rest_route=\/wp\/v2\/types\/post"}],"author":[{"embeddable":true,"href":"https:\/\/arantv.az\/index.php?rest_route=\/wp\/v2\/users\/2"}],"replies":[{"embeddable":true,"href":"https:\/\/arantv.az\/index.php?rest_route=%2Fwp%2Fv2%2Fcomments&post=37711"}],"version-history":[{"count":0,"href":"https:\/\/arantv.az\/index.php?rest_route=\/wp\/v2\/posts\/37711\/revisions"}],"wp:featuredmedia":[{"embeddable":true,"href":"https:\/\/arantv.az\/index.php?rest_route=\/wp\/v2\/media\/37712"}],"wp:attachment":[{"href":"https:\/\/arantv.az\/index.php?rest_route=%2Fwp%2Fv2%2Fmedia&parent=37711"}],"wp:term":[{"taxonomy":"category","embeddable":true,"href":"https:\/\/arantv.az\/index.php?rest_route=%2Fwp%2Fv2%2Fcategories&post=37711"},{"taxonomy":"post_tag","embeddable":true,"href":"https:\/\/arantv.az\/index.php?rest_route=%2Fwp%2Fv2%2Ftags&post=37711"}],"curies":[{"name":"wp","href":"https:\/\/api.w.org\/{rel}","templated":true}]}}