{"id":377118,"date":"2021-09-13T08:53:39","date_gmt":"2021-09-13T05:53:39","guid":{"rendered":"http:\/\/arantv.az\/?p=377118"},"modified":"2021-09-13T08:53:39","modified_gmt":"2021-09-13T05:53:39","slug":"az%c9%99rbaycan-polisi-gorus-qafan-yolunda-video","status":"publish","type":"post","link":"https:\/\/arantv.az\/?p=377118","title":{"rendered":"Az\u0259rbaycan polisi Gorus-Qafan yolunda &#8211; V\u0130DEO"},"content":{"rendered":"<p>Az\u0259rbaycan ordusu Qubadl\u0131da s\u0259rh\u0259d demarkasiyas\u0131 apard\u0131qdan sonra Erm\u0259nistan\u0131n \u0259razisind\u0259 qalan \u015eurnux\u00a0k\u0259ndi tarixi sahibin\u0259 qay\u0131td\u0131.<\/p>\n<p>Bu hadis\u0259 2021-ci ilin yanvar ay\u0131n\u0131n \u0259vv\u0259ll\u0259rin\u0259 t\u0259sad\u00fcf edirdi, \u015eurnux\u00a0k\u0259ndinin qaytar\u0131lmas\u0131 is\u0259 Az\u0259rbaycan ordusunun Gorus-Qafan yolunun 21 kilometr zola\u011f\u0131na n\u0259zar\u0259t etm\u0259si il\u0259 n\u0259tic\u0259l\u0259ndi.<\/p>\n<p>Bu g\u00fcn Gorus-Qafan yolunda Az\u0259rbaycan h\u0259rb\u00e7il\u0259ri il\u0259 yana\u015f\u0131, Az\u0259rbaycan polisi d\u0259 xidm\u0259t edir, art\u0131q polis postu qurulub.<\/p>\n<div id=\"AdviadNativeVideo0\" class=\"AdviadNativeVideo\"><\/div>\n<p>Az\u0259rbaycan Daxili \u0130\u015fl\u0259r Nazirliyi bildirib ki, xidm\u0259tin daha s\u0259m\u0259r\u0259li t\u0259\u015fkili \u00fc\u00e7\u00fcn m\u0259qs\u0259d\u0259m\u00fcvafiq bilin\u0259n yerl\u0259rd\u0259 polis postlar\u0131 t\u0259yin olunur.<\/p>\n<p>Az\u0259rbaycan polisi Gorus-Qafan yolunda n\u00f6vb\u0259t\u00e7ilik \u00e7\u0259kir, \u00c7evik Polis Alay\u0131 da \u0259raziy\u0259 c\u0259lb olunub.<\/p>\n<p>Sosial \u015f\u0259b\u0259k\u0259l\u0259rd\u0259 yay\u0131lan g\u00f6r\u00fcnt\u00fcl\u0259r\u0259 \u0259sas\u0259n dey\u0259 bil\u0259rik ki, Az\u0259rbaycan polisi ba\u015f\u0131nda d\u0259bilq\u0259, \u0259ynind\u0259 zirehli g\u00f6d\u0259k\u00e7\u0259, \u0259lind\u0259 silah xidm\u0259t apar\u0131r.<\/p>\n<p>H\u0259min videog\u00f6r\u00fcnt\u00fcn\u00fc t\u0259qdim edirik:<\/p>\n<div><iframe loading=\"lazy\" title=\"YouTube video player\" src=\"https:\/\/www.youtube.com\/embed\/YUfH07UBcz0\" width=\"560\" height=\"315\" frameborder=\"0\" allowfullscreen=\"allowfullscreen\" data-mce-fragment=\"1\"><\/iframe><\/div>\n<p>&nbsp;<\/p>\n","protected":false},"excerpt":{"rendered":"<p>Az\u0259rbaycan ordusu Qubadl\u0131da s\u0259rh\u0259d demarkasiyas\u0131 apard\u0131qdan sonra Erm\u0259nistan\u0131n \u0259razisind\u0259 qalan \u015eurnux\u00a0k\u0259ndi tarixi sahibin\u0259 qay\u0131td\u0131. Bu hadis\u0259 2021-ci ilin yanvar ay\u0131n\u0131n \u0259vv\u0259ll\u0259rin\u0259 t\u0259sad\u00fcf edirdi, \u015eurnux\u00a0k\u0259ndinin qaytar\u0131lmas\u0131 is\u0259 Az\u0259rbaycan ordusunun Gorus-Qafan yolunun 21 kilometr zola\u011f\u0131na n\u0259zar\u0259t etm\u0259si il\u0259 n\u0259tic\u0259l\u0259ndi. Bu g\u00fcn Gorus-Qafan yolunda Az\u0259rbaycan h\u0259rb\u00e7il\u0259ri il\u0259 yana\u015f\u0131, Az\u0259rbaycan polisi d\u0259 xidm\u0259t edir, art\u0131q polis postu qurulub. Az\u0259rbaycan Daxili \u0130\u015fl\u0259r Nazirliyi bildirib ki, xidm\u0259tin daha s\u0259m\u0259r\u0259li t\u0259\u015fkili \u00fc\u00e7\u00fcn m\u0259qs\u0259d\u0259m\u00fcvafiq bilin\u0259n yerl\u0259rd\u0259 polis postlar\u0131 t\u0259yin olunur. Az\u0259rbaycan polisi Gorus-Qafan yolunda n\u00f6vb\u0259t\u00e7ilik \u00e7\u0259kir, \u00c7evik Polis Alay\u0131 da \u0259raziy\u0259 c\u0259lb olunub. Sosial \u015f\u0259b\u0259k\u0259l\u0259rd\u0259 yay\u0131lan g\u00f6r\u00fcnt\u00fcl\u0259r\u0259 \u0259sas\u0259n&hellip;<\/p>\n","protected":false},"author":2,"featured_media":377119,"comment_status":"closed","ping_status":"closed","sticky":false,"template":"","format":"standard","meta":{"om_disable_all_campaigns":false,"_monsterinsights_skip_tracking":false,"_monsterinsights_sitenote_active":false,"_monsterinsights_sitenote_note":"","_monsterinsights_sitenote_category":0},"categories":[4],"tags":[],"aioseo_notices":[],"gutentor_comment":0,"rttpg_featured_image_url":{"full":["https:\/\/arantv.az\/wp-content\/uploads\/2021\/09\/241740236_545574506677216_92284038231997454_n.jpg",590,465,false],"landscape":["https:\/\/arantv.az\/wp-content\/uploads\/2021\/09\/241740236_545574506677216_92284038231997454_n.jpg",590,465,false],"portraits":["https:\/\/arantv.az\/wp-content\/uploads\/2021\/09\/241740236_545574506677216_92284038231997454_n.jpg",590,465,false],"thumbnail":["https:\/\/arantv.az\/wp-content\/uploads\/2021\/09\/241740236_545574506677216_92284038231997454_n-500x280.jpg",500,280,true],"medium":["https:\/\/arantv.az\/wp-content\/uploads\/2021\/09\/241740236_545574506677216_92284038231997454_n-463x365.jpg",463,365,true],"large":["https:\/\/arantv.az\/wp-content\/uploads\/2021\/09\/241740236_545574506677216_92284038231997454_n.jpg",590,465,false],"1536x1536":["https:\/\/arantv.az\/wp-content\/uploads\/2021\/09\/241740236_545574506677216_92284038231997454_n.jpg",590,465,false],"2048x2048":["https:\/\/arantv.az\/wp-content\/uploads\/2021\/09\/241740236_545574506677216_92284038231997454_n.jpg",590,465,false],"post-thumbnail":["https:\/\/arantv.az\/wp-content\/uploads\/2021\/09\/241740236_545574506677216_92284038231997454_n-240x172.jpg",240,172,true],"advps-thumb-one":["https:\/\/arantv.az\/wp-content\/uploads\/2021\/09\/241740236_545574506677216_92284038231997454_n.jpg",590,465,false]},"rttpg_author":{"display_name":"V\u00fcsal Rafiqo\u011flu","author_link":"https:\/\/arantv.az\/?author=2"},"rttpg_comment":0,"rttpg_category":"<a href=\"https:\/\/arantv.az\/?cat=4\" rel=\"category\">Siyas\u0259t<\/a>","rttpg_excerpt":"Az\u0259rbaycan ordusu Qubadl\u0131da s\u0259rh\u0259d demarkasiyas\u0131 apard\u0131qdan sonra Erm\u0259nistan\u0131n \u0259razisind\u0259 qalan \u015eurnux\u00a0k\u0259ndi tarixi sahibin\u0259 qay\u0131td\u0131. Bu hadis\u0259 2021-ci ilin yanvar ay\u0131n\u0131n \u0259vv\u0259ll\u0259rin\u0259 t\u0259sad\u00fcf edirdi, \u015eurnux\u00a0k\u0259ndinin qaytar\u0131lmas\u0131 is\u0259 Az\u0259rbaycan ordusunun Gorus-Qafan yolunun 21 kilometr zola\u011f\u0131na n\u0259zar\u0259t etm\u0259si il\u0259 n\u0259tic\u0259l\u0259ndi. Bu g\u00fcn Gorus-Qafan yolunda Az\u0259rbaycan h\u0259rb\u00e7il\u0259ri il\u0259 yana\u015f\u0131, Az\u0259rbaycan polisi d\u0259 xidm\u0259t edir, art\u0131q polis postu qurulub. Az\u0259rbaycan&hellip;","_links":{"self":[{"href":"https:\/\/arantv.az\/index.php?rest_route=\/wp\/v2\/posts\/377118"}],"collection":[{"href":"https:\/\/arantv.az\/index.php?rest_route=\/wp\/v2\/posts"}],"about":[{"href":"https:\/\/arantv.az\/index.php?rest_route=\/wp\/v2\/types\/post"}],"author":[{"embeddable":true,"href":"https:\/\/arantv.az\/index.php?rest_route=\/wp\/v2\/users\/2"}],"replies":[{"embeddable":true,"href":"https:\/\/arantv.az\/index.php?rest_route=%2Fwp%2Fv2%2Fcomments&post=377118"}],"version-history":[{"count":0,"href":"https:\/\/arantv.az\/index.php?rest_route=\/wp\/v2\/posts\/377118\/revisions"}],"wp:featuredmedia":[{"embeddable":true,"href":"https:\/\/arantv.az\/index.php?rest_route=\/wp\/v2\/media\/377119"}],"wp:attachment":[{"href":"https:\/\/arantv.az\/index.php?rest_route=%2Fwp%2Fv2%2Fmedia&parent=377118"}],"wp:term":[{"taxonomy":"category","embeddable":true,"href":"https:\/\/arantv.az\/index.php?rest_route=%2Fwp%2Fv2%2Fcategories&post=377118"},{"taxonomy":"post_tag","embeddable":true,"href":"https:\/\/arantv.az\/index.php?rest_route=%2Fwp%2Fv2%2Ftags&post=377118"}],"curies":[{"name":"wp","href":"https:\/\/api.w.org\/{rel}","templated":true}]}}