{"id":377124,"date":"2021-09-13T08:55:33","date_gmt":"2021-09-13T05:55:33","guid":{"rendered":"http:\/\/arantv.az\/?p=377124"},"modified":"2021-09-13T08:55:33","modified_gmt":"2021-09-13T05:55:33","slug":"din-d%c9%99-s%c9%99hid-ogluna-v%c9%99zif%c9%99-verildi","status":"publish","type":"post","link":"https:\/\/arantv.az\/?p=377124","title":{"rendered":"D\u0130N-d\u0259 \u015f\u0259hid o\u011fluna v\u0259zif\u0259 verildi"},"content":{"rendered":"<p>Daxili i\u015fl\u0259r nazirliyind\u0259 kadr d\u0259yi\u015fikliyi olub.<\/p>\n<p><b>ARANTV.AZ <\/b>x\u0259b\u0259r verir ki, bununla ba\u011fl\u0131 daxili i\u015fl\u0259r naziri, general-polkovnik Vilay\u0259t Eyvazov \u0259mr imzalay\u0131b.<\/p>\n<div id=\"AdviadNativeVideo0\" class=\"AdviadNativeVideo\"><\/div>\n<p>Nazirin \u0259mrin\u0259 \u0259sas\u0259n, \u015eu\u015fa Rayon Polis \u015e\u00f6b\u0259sinin Cinay\u0259t Axtar\u0131\u015f B\u00f6lm\u0259sinin \u0259m\u0259kda\u015f\u0131 \u018fsg\u0259rov S\u0259nan X\u0259zani o\u011flu Goranboy Rayon Polis \u015e\u00f6b\u0259sinin Cinay\u0259t Axtar\u0131\u015f B\u00f6lm\u0259sinin ba\u015f \u0259m\u0259liyyat m\u00fcv\u0259kkili v\u0259zif\u0259sin\u0259 t\u0259yin edilib.<\/p>\n<p>Qeyd ed\u0259k ki, S.\u018fsg\u0259rov \u015f\u0259hid X\u0259zani \u018fsg\u0259rovun o\u011fludur.<\/p>\n","protected":false},"excerpt":{"rendered":"<p>Daxili i\u015fl\u0259r nazirliyind\u0259 kadr d\u0259yi\u015fikliyi olub. ARANTV.AZ x\u0259b\u0259r verir ki, bununla ba\u011fl\u0131 daxili i\u015fl\u0259r naziri, general-polkovnik Vilay\u0259t Eyvazov \u0259mr imzalay\u0131b. Nazirin \u0259mrin\u0259 \u0259sas\u0259n, \u015eu\u015fa Rayon Polis \u015e\u00f6b\u0259sinin Cinay\u0259t Axtar\u0131\u015f B\u00f6lm\u0259sinin \u0259m\u0259kda\u015f\u0131 \u018fsg\u0259rov S\u0259nan X\u0259zani o\u011flu Goranboy Rayon Polis \u015e\u00f6b\u0259sinin Cinay\u0259t Axtar\u0131\u015f B\u00f6lm\u0259sinin ba\u015f \u0259m\u0259liyyat m\u00fcv\u0259kkili v\u0259zif\u0259sin\u0259 t\u0259yin edilib. Qeyd ed\u0259k ki, S.\u018fsg\u0259rov \u015f\u0259hid X\u0259zani \u018fsg\u0259rovun o\u011fludur.<\/p>\n","protected":false},"author":2,"featured_media":244137,"comment_status":"closed","ping_status":"closed","sticky":false,"template":"","format":"standard","meta":{"om_disable_all_campaigns":false,"_monsterinsights_skip_tracking":false,"_monsterinsights_sitenote_active":false,"_monsterinsights_sitenote_note":"","_monsterinsights_sitenote_category":0},"categories":[26],"tags":[],"aioseo_notices":[],"gutentor_comment":0,"rttpg_featured_image_url":{"full":["https:\/\/arantv.az\/wp-content\/uploads\/2020\/11\/dinpolis1-690x403.jpg",620,362,false],"landscape":["https:\/\/arantv.az\/wp-content\/uploads\/2020\/11\/dinpolis1-690x403.jpg",620,362,false],"portraits":["https:\/\/arantv.az\/wp-content\/uploads\/2020\/11\/dinpolis1-690x403.jpg",620,362,false],"thumbnail":["https:\/\/arantv.az\/wp-content\/uploads\/2020\/11\/dinpolis1-690x403-150x150.jpg",150,150,true],"medium":["https:\/\/arantv.az\/wp-content\/uploads\/2020\/11\/dinpolis1-690x403-300x175.jpg",300,175,true],"large":["https:\/\/arantv.az\/wp-content\/uploads\/2020\/11\/dinpolis1-690x403.jpg",620,362,false],"1536x1536":["https:\/\/arantv.az\/wp-content\/uploads\/2020\/11\/dinpolis1-690x403.jpg",620,362,false],"2048x2048":["https:\/\/arantv.az\/wp-content\/uploads\/2020\/11\/dinpolis1-690x403.jpg",620,362,false],"post-thumbnail":["https:\/\/arantv.az\/wp-content\/uploads\/2020\/11\/dinpolis1-690x403-240x172.jpg",240,172,true],"advps-thumb-one":["https:\/\/arantv.az\/wp-content\/uploads\/2020\/11\/dinpolis1-690x403.jpg",620,362,false]},"rttpg_author":{"display_name":"V\u00fcsal Rafiqo\u011flu","author_link":"https:\/\/arantv.az\/?author=2"},"rttpg_comment":0,"rttpg_category":"<a href=\"https:\/\/arantv.az\/?cat=26\" rel=\"category\">Sosial<\/a>","rttpg_excerpt":"Daxili i\u015fl\u0259r nazirliyind\u0259 kadr d\u0259yi\u015fikliyi olub. ARANTV.AZ x\u0259b\u0259r verir ki, bununla ba\u011fl\u0131 daxili i\u015fl\u0259r naziri, general-polkovnik Vilay\u0259t Eyvazov \u0259mr imzalay\u0131b. Nazirin \u0259mrin\u0259 \u0259sas\u0259n, \u015eu\u015fa Rayon Polis \u015e\u00f6b\u0259sinin Cinay\u0259t Axtar\u0131\u015f B\u00f6lm\u0259sinin \u0259m\u0259kda\u015f\u0131 \u018fsg\u0259rov S\u0259nan X\u0259zani o\u011flu Goranboy Rayon Polis \u015e\u00f6b\u0259sinin Cinay\u0259t Axtar\u0131\u015f B\u00f6lm\u0259sinin ba\u015f \u0259m\u0259liyyat m\u00fcv\u0259kkili v\u0259zif\u0259sin\u0259 t\u0259yin edilib. Qeyd ed\u0259k ki, S.\u018fsg\u0259rov \u015f\u0259hid X\u0259zani \u018fsg\u0259rovun&hellip;","_links":{"self":[{"href":"https:\/\/arantv.az\/index.php?rest_route=\/wp\/v2\/posts\/377124"}],"collection":[{"href":"https:\/\/arantv.az\/index.php?rest_route=\/wp\/v2\/posts"}],"about":[{"href":"https:\/\/arantv.az\/index.php?rest_route=\/wp\/v2\/types\/post"}],"author":[{"embeddable":true,"href":"https:\/\/arantv.az\/index.php?rest_route=\/wp\/v2\/users\/2"}],"replies":[{"embeddable":true,"href":"https:\/\/arantv.az\/index.php?rest_route=%2Fwp%2Fv2%2Fcomments&post=377124"}],"version-history":[{"count":0,"href":"https:\/\/arantv.az\/index.php?rest_route=\/wp\/v2\/posts\/377124\/revisions"}],"wp:featuredmedia":[{"embeddable":true,"href":"https:\/\/arantv.az\/index.php?rest_route=\/wp\/v2\/media\/244137"}],"wp:attachment":[{"href":"https:\/\/arantv.az\/index.php?rest_route=%2Fwp%2Fv2%2Fmedia&parent=377124"}],"wp:term":[{"taxonomy":"category","embeddable":true,"href":"https:\/\/arantv.az\/index.php?rest_route=%2Fwp%2Fv2%2Fcategories&post=377124"},{"taxonomy":"post_tag","embeddable":true,"href":"https:\/\/arantv.az\/index.php?rest_route=%2Fwp%2Fv2%2Ftags&post=377124"}],"curies":[{"name":"wp","href":"https:\/\/api.w.org\/{rel}","templated":true}]}}