{"id":37730,"date":"2019-02-11T15:02:08","date_gmt":"2019-02-11T12:02:08","guid":{"rendered":"http:\/\/arantv.az\/?p=37730"},"modified":"2019-02-11T15:02:08","modified_gmt":"2019-02-11T12:02:08","slug":"birinci-vitse-prezident-mehriban-%c9%99liyeva-bakidaki-usaq-psixonevroloji-m%c9%99rk%c9%99zind%c9%99-olub-foto","status":"publish","type":"post","link":"https:\/\/arantv.az\/?p=37730","title":{"rendered":"Birinci vitse-prezident Mehriban \u018fliyeva Bak\u0131dak\u0131 U\u015faq Psixonevroloji M\u0259rk\u0259zind\u0259 olub &#8211; FOTO"},"content":{"rendered":"<p>Az\u0259rbaycan Respublikas\u0131n\u0131n Birinci vitse-prezidenti, Heyd\u0259r \u018fliyev Fondunun prezidenti Mehriban \u018fliyeva fevral\u0131n 11-d\u0259 Bak\u0131n\u0131n N\u0259rimanov rayonundak\u0131 U\u015faq Psixonevroloji M\u0259rk\u0259zind\u0259 olub.<\/p>\n<p><strong>ARANTV.AZ<\/strong> az\u0259rtac-a istinad\u0259n bildirir ki, d\u0259f\u0259l\u0259rl\u0259 bu m\u00fc\u0259ssis\u0259y\u0259 g\u0259l\u0259n Mehriban xan\u0131m \u018fliyeva tibbi b\u0259rpa v\u0259 t\u0259lim-t\u0259rbiy\u0259 prosesl\u0259ri il\u0259 yax\u0131ndan maraqlan\u0131b, m\u00f6vcud probleml\u0259rin h\u0259llin\u0259 dair tap\u015f\u0131r\u0131qlar verib. Bu g\u00fcn d\u0259 Mehriban \u018fliyeva burada ya\u015fayan v\u0259 m\u00fcalic\u0259 olunan, x\u00fcsusi t\u0259hsil\u0259 yiy\u0259l\u0259n\u0259n u\u015faqlar \u00fc\u00e7\u00fcn yarad\u0131lan \u015f\u0259raitl\u0259 maraqlan\u0131b.<\/p>\n<p>M\u0259rk\u0259zin ba\u015f h\u0259kimi \u0130rad\u0259 Musayeva Birinci vitse-prezident Mehriban \u018fliyevaya m\u0259lumat verdi ki, haz\u0131rda m\u00fc\u0259ssis\u0259d\u0259 k\u00f6rp\u0259likd\u0259n yetkinlik ya\u015f\u0131na q\u0259d\u0259r 103 u\u015fa\u011fa tibbi xidm\u0259t g\u00f6st\u0259rilir. Burada u\u015faqlar\u0131n ya\u015fay\u0131\u015f\u0131, m\u00fcalic\u0259si, x\u00fcsusi t\u0259hsil\u0259 yiy\u0259l\u0259nm\u0259l\u0259ri \u00fc\u00e7\u00fcn h\u0259r c\u00fcr \u015f\u0259rait yarad\u0131l\u0131b. Heyd\u0259r \u018fliyev Fondunun d\u0259st\u0259yi il\u0259 2009-cu ild\u0259 in\u015fa edil\u0259n bu tibb oca\u011f\u0131nda psixoloq, aromaterapiya, okulist, psixonevroloq, nevropatoloq, loqoped, pediatr, lor, ultras\u0259s m\u00fcayin\u0259si, fizioterapiya otaqlar\u0131 f\u0259aliyy\u0259t g\u00f6st\u0259rir. M\u0259rk\u0259zd\u0259 autizm, u\u015faq serebral iflici v\u0259 formalar\u0131, \u0259qli gerilik v\u0259 l\u0259ngim\u0259l\u0259r, onun t\u0259zah\u00fcrl\u0259rind\u0259n \u0259ziyy\u0259t \u00e7\u0259k\u0259n u\u015faqlar m\u00fcalic\u0259 olunurlar. Onlar\u0131n m\u00fcalic\u0259si is\u0259 kompleks \u015f\u0259klind\u0259, y\u0259ni h\u0259kim v\u0259 pedaqoji m\u00fcalic\u0259 daxil olmaqla apar\u0131l\u0131r. M\u0259rk\u0259zd\u0259 bu sah\u0259d\u0259 d\u00fcnyada t\u0259tbiq olunan m\u00fcasir proqramlardan istifad\u0259 edilir. Burada \u0259n m\u00fcasir tibb v\u0259 diaqnostik cihazlardan, reabilitasiya avadanl\u0131\u011f\u0131ndan istifad\u0259 olunaraq, sa\u011flaml\u0131q imkanlar\u0131 m\u0259hdud u\u015faqlara \u0259n y\u00fcks\u0259k s\u0259viyy\u0259d\u0259 tibbi v\u0259 b\u0259rpa xidm\u0259ti g\u00f6st\u0259rilir. Bunun \u00fc\u00e7\u00fcn m\u0259rk\u0259zd\u0259 h\u0259r c\u00fcr \u015f\u0259rait yarad\u0131l\u0131b. U\u015faqlar\u0131n m\u00fcalic\u0259si, t\u0259lim-t\u0259rbiy\u0259si il\u0259 pe\u015f\u0259kar tibbi, pedaqoji v\u0259 texniki hey\u0259t m\u0259\u015f\u011ful olur.<\/p>\n<p>Birinci vitse-prezident Mehriban \u018fliyeva u\u015faqlarla s\u00f6hb\u0259t etdi.<\/p>\n<p>Doqquz ya\u015fl\u0131 \u00d6m\u0259rl\u0259 birg\u0259 r\u0259sm \u00e7\u0259k\u0259n birinci xan\u0131m Mehriban \u018fliyeva onun bacar\u0131ql\u0131 oldu\u011funu dedi. Heyd\u0259r \u018fliyev Fondunun prezidenti u\u015faqlar\u0131n m\u00fcalic\u0259si \u00fc\u00e7\u00fcn t\u0259tbiq edil\u0259n prosedurlar\u0131 izl\u0259di, m\u00fcalic\u0259 zaman\u0131 istifad\u0259 olunan \u00fcsullarla maraqland\u0131. Mehriban xan\u0131m \u018fliyeva x\u00fcsusi qay\u011f\u0131ya ehtiyac\u0131 olan 6 ya\u015fl\u0131 Nasimin d\u0259 ist\u0259k v\u0259 arzular\u0131n\u0131 dinl\u0259di, oyun vasit\u0259sil\u0259 onun suallar\u0131n\u0131 cavabland\u0131rd\u0131. Tibb m\u00fc\u0259ssis\u0259sinin dig\u0259r balaca pasiyenti Abdullan\u0131n m\u00fcalic\u0259si is\u0259 filtrasiya olunan musiqinin x\u00fcsusi qulaqc\u0131qlarla dinl\u0259nilm\u0259sin\u0259 \u0259sas\u0259n beyin\u0259 impulslar\u0131n \u00f6t\u00fcr\u00fclm\u0259si il\u0259 apar\u0131l\u0131r.<\/p>\n<p>M\u00fcalic\u0259nin bu \u00fcsulu il\u0259 maraqlanan Birinci vitse-prezident\u0259 m\u0259lumat verildi ki, cari ild\u0259n h\u0259min m\u00fcalic\u0259d\u0259 t\u0259tbiq edil\u0259n yenilikl\u0259rd\u0259n biri d\u0259 Az\u0259rbaycan klassik musiqisinin filtrasiya olunaraq istifad\u0259 edilm\u0259sidir.<\/p>\n<p>\u00d6lk\u0259mizd\u0259 sa\u011flaml\u0131q imkanlar\u0131 m\u0259hdud olan u\u015faqlar\u0131n tibbi v\u0259 sosial reabilitasiyas\u0131n\u0131n g\u00fccl\u0259ndirilm\u0259si istiqam\u0259tind\u0259 m\u00fch\u00fcm add\u0131mlar at\u0131l\u0131r. D\u00f6vl\u0259t sa\u011flaml\u0131q imkanlar\u0131 m\u0259hdud u\u015faqlar\u0131n \u00e7oxsayl\u0131 sosial proqramlara, o c\u00fcml\u0259d\u0259n reabilitasiya, pulsuz istirah\u0259t v\u0259 texniki-b\u0259rpa t\u0259minat proqramlar\u0131na c\u0259lb olunmas\u0131n\u0131 h\u0259yata ke\u00e7irir. M\u0259rk\u0259zd\u0259 yarad\u0131lan \u015f\u0259rait d\u0259 bunu bir daha t\u0259sdiq edir.<\/p>\n<p>X\u00fcsusi qay\u011f\u0131ya ehtiyac\u0131 olan balacalar Mehriban \u018fliyeva il\u0259 s\u00f6hb\u0259t ed\u0259r\u0259k, bacar\u0131qlar\u0131n\u0131 n\u00fcmayi\u015f etdirdil\u0259r.<\/p>\n<p>U\u015faqlar Heyd\u0259r \u018fliyev Fondunun prezidentin\u0259 sevimli oyunlar\u0131ndan, oxuduqlar\u0131 mahn\u0131lardan dan\u0131\u015fd\u0131lar.<\/p>\n<p>Heyd\u0259r \u018fliyev Fondunun prezidenti Mehriban \u018fliyevaya m\u00fc\u0259ssis\u0259nin h\u0259y\u0259tind\u0259 in\u015fa edil\u0259n akt zal\u0131 haqq\u0131nda da m\u0259lumat verildi.<\/p>\n<p>M\u0259rk\u0259zd\u0259 m\u00fcalic\u0259 v\u0259 t\u0259hsil alan u\u015faqlara Heyd\u0259r \u018fliyev Fondunun h\u0259diyy\u0259l\u0259ri t\u0259qdim edildi.<\/p>\n<p>Birinci vitse-prezident tibb oca\u011f\u0131n\u0131n f\u0259aliyy\u0259tin\u0259 u\u011furlar arzulad\u0131.<\/p>\n<p><img loading=\"lazy\" class=\"alignnone size-medium wp-image-37731\" src=\"https:\/\/arantv.az\/wp-content\/uploads\/2019\/02\/729630_06-300x215.jpg\" alt=\"\" width=\"300\" height=\"215\" \/><img loading=\"lazy\" class=\"alignnone size-full wp-image-37732\" src=\"https:\/\/arantv.az\/wp-content\/uploads\/2019\/02\/729630_07.jpg\" alt=\"\" width=\"250\" height=\"173\" \/><\/p>\n<p><img loading=\"lazy\" class=\"alignnone size-medium wp-image-37733\" src=\"https:\/\/arantv.az\/wp-content\/uploads\/2019\/02\/729630_01-300x221.jpg\" alt=\"\" width=\"300\" height=\"221\" \/><img loading=\"lazy\" class=\"alignnone size-full wp-image-37734\" src=\"https:\/\/arantv.az\/wp-content\/uploads\/2019\/02\/729630_05.jpg\" alt=\"\" width=\"250\" height=\"166\" \/><\/p>\n<p><img loading=\"lazy\" class=\"alignnone size-medium wp-image-37735\" src=\"https:\/\/arantv.az\/wp-content\/uploads\/2019\/02\/729630_04-226x300.jpg\" alt=\"\" width=\"226\" height=\"300\" \/><img loading=\"lazy\" class=\"alignnone size-full wp-image-37736\" src=\"https:\/\/arantv.az\/wp-content\/uploads\/2019\/02\/729630_02.jpg\" alt=\"\" width=\"250\" height=\"167\" \/><\/p>\n","protected":false},"excerpt":{"rendered":"<p>Az\u0259rbaycan Respublikas\u0131n\u0131n Birinci vitse-prezidenti, Heyd\u0259r \u018fliyev Fondunun prezidenti Mehriban \u018fliyeva fevral\u0131n 11-d\u0259 Bak\u0131n\u0131n N\u0259rimanov rayonundak\u0131 U\u015faq Psixonevroloji M\u0259rk\u0259zind\u0259 olub. ARANTV.AZ az\u0259rtac-a istinad\u0259n bildirir ki, d\u0259f\u0259l\u0259rl\u0259 bu m\u00fc\u0259ssis\u0259y\u0259 g\u0259l\u0259n Mehriban xan\u0131m \u018fliyeva tibbi b\u0259rpa v\u0259 t\u0259lim-t\u0259rbiy\u0259 prosesl\u0259ri il\u0259 yax\u0131ndan maraqlan\u0131b, m\u00f6vcud probleml\u0259rin h\u0259llin\u0259 dair tap\u015f\u0131r\u0131qlar verib. Bu g\u00fcn d\u0259 Mehriban \u018fliyeva burada ya\u015fayan v\u0259 m\u00fcalic\u0259 olunan, x\u00fcsusi t\u0259hsil\u0259 yiy\u0259l\u0259n\u0259n u\u015faqlar \u00fc\u00e7\u00fcn yarad\u0131lan \u015f\u0259raitl\u0259 maraqlan\u0131b. M\u0259rk\u0259zin ba\u015f h\u0259kimi \u0130rad\u0259 Musayeva Birinci vitse-prezident Mehriban \u018fliyevaya m\u0259lumat verdi ki, haz\u0131rda m\u00fc\u0259ssis\u0259d\u0259 k\u00f6rp\u0259likd\u0259n yetkinlik ya\u015f\u0131na q\u0259d\u0259r 103 u\u015fa\u011fa tibbi xidm\u0259t g\u00f6st\u0259rilir. Burada u\u015faqlar\u0131n ya\u015fay\u0131\u015f\u0131, m\u00fcalic\u0259si,&hellip;<\/p>\n","protected":false},"author":2,"featured_media":37731,"comment_status":"closed","ping_status":"closed","sticky":false,"template":"","format":"standard","meta":{"om_disable_all_campaigns":false,"_monsterinsights_skip_tracking":false,"_monsterinsights_sitenote_active":false,"_monsterinsights_sitenote_note":"","_monsterinsights_sitenote_category":0},"categories":[19],"tags":[],"aioseo_notices":[],"gutentor_comment":0,"rttpg_featured_image_url":{"full":["https:\/\/arantv.az\/wp-content\/uploads\/2019\/02\/729630_06.jpg",932,669,false],"landscape":["https:\/\/arantv.az\/wp-content\/uploads\/2019\/02\/729630_06.jpg",932,669,false],"portraits":["https:\/\/arantv.az\/wp-content\/uploads\/2019\/02\/729630_06.jpg",932,669,false],"thumbnail":["https:\/\/arantv.az\/wp-content\/uploads\/2019\/02\/729630_06-150x150.jpg",150,150,true],"medium":["https:\/\/arantv.az\/wp-content\/uploads\/2019\/02\/729630_06-300x215.jpg",300,215,true],"large":["https:\/\/arantv.az\/wp-content\/uploads\/2019\/02\/729630_06.jpg",640,459,false],"1536x1536":["https:\/\/arantv.az\/wp-content\/uploads\/2019\/02\/729630_06.jpg",932,669,false],"2048x2048":["https:\/\/arantv.az\/wp-content\/uploads\/2019\/02\/729630_06.jpg",932,669,false],"post-thumbnail":["https:\/\/arantv.az\/wp-content\/uploads\/2019\/02\/729630_06-240x172.jpg",240,172,true],"advps-thumb-one":["https:\/\/arantv.az\/wp-content\/uploads\/2019\/02\/729630_06-932x620.jpg",932,620,true]},"rttpg_author":{"display_name":"V\u00fcsal Rafiqo\u011flu","author_link":"https:\/\/arantv.az\/?author=2"},"rttpg_comment":0,"rttpg_category":"<a href=\"https:\/\/arantv.az\/?cat=19\" rel=\"category\">G\u00fcnd\u0259m<\/a>","rttpg_excerpt":"Az\u0259rbaycan Respublikas\u0131n\u0131n Birinci vitse-prezidenti, Heyd\u0259r \u018fliyev Fondunun prezidenti Mehriban \u018fliyeva fevral\u0131n 11-d\u0259 Bak\u0131n\u0131n N\u0259rimanov rayonundak\u0131 U\u015faq Psixonevroloji M\u0259rk\u0259zind\u0259 olub. ARANTV.AZ az\u0259rtac-a istinad\u0259n bildirir ki, d\u0259f\u0259l\u0259rl\u0259 bu m\u00fc\u0259ssis\u0259y\u0259 g\u0259l\u0259n Mehriban xan\u0131m \u018fliyeva tibbi b\u0259rpa v\u0259 t\u0259lim-t\u0259rbiy\u0259 prosesl\u0259ri il\u0259 yax\u0131ndan maraqlan\u0131b, m\u00f6vcud probleml\u0259rin h\u0259llin\u0259 dair tap\u015f\u0131r\u0131qlar verib. Bu g\u00fcn d\u0259 Mehriban \u018fliyeva burada ya\u015fayan v\u0259 m\u00fcalic\u0259 olunan,&hellip;","_links":{"self":[{"href":"https:\/\/arantv.az\/index.php?rest_route=\/wp\/v2\/posts\/37730"}],"collection":[{"href":"https:\/\/arantv.az\/index.php?rest_route=\/wp\/v2\/posts"}],"about":[{"href":"https:\/\/arantv.az\/index.php?rest_route=\/wp\/v2\/types\/post"}],"author":[{"embeddable":true,"href":"https:\/\/arantv.az\/index.php?rest_route=\/wp\/v2\/users\/2"}],"replies":[{"embeddable":true,"href":"https:\/\/arantv.az\/index.php?rest_route=%2Fwp%2Fv2%2Fcomments&post=37730"}],"version-history":[{"count":0,"href":"https:\/\/arantv.az\/index.php?rest_route=\/wp\/v2\/posts\/37730\/revisions"}],"wp:featuredmedia":[{"embeddable":true,"href":"https:\/\/arantv.az\/index.php?rest_route=\/wp\/v2\/media\/37731"}],"wp:attachment":[{"href":"https:\/\/arantv.az\/index.php?rest_route=%2Fwp%2Fv2%2Fmedia&parent=37730"}],"wp:term":[{"taxonomy":"category","embeddable":true,"href":"https:\/\/arantv.az\/index.php?rest_route=%2Fwp%2Fv2%2Fcategories&post=37730"},{"taxonomy":"post_tag","embeddable":true,"href":"https:\/\/arantv.az\/index.php?rest_route=%2Fwp%2Fv2%2Ftags&post=37730"}],"curies":[{"name":"wp","href":"https:\/\/api.w.org\/{rel}","templated":true}]}}