{"id":37738,"date":"2019-02-11T15:03:18","date_gmt":"2019-02-11T12:03:18","guid":{"rendered":"http:\/\/arantv.az\/?p=37738"},"modified":"2019-02-11T15:03:18","modified_gmt":"2019-02-11T12:03:18","slug":"birinci-vitse-prezident-mehriban-%c9%99liyevanin-say%c9%99sind%c9%99-s%c9%99hn%c9%99y%c9%99-qayitdim-aleksandr-sarovski","status":"publish","type":"post","link":"https:\/\/arantv.az\/?p=37738","title":{"rendered":"Birinci vitse-prezident Mehriban \u018fliyevan\u0131n say\u0259sind\u0259 s\u0259hn\u0259y\u0259 qay\u0131td\u0131m &#8211; Aleksandr \u015earovski"},"content":{"rendered":"<p><strong>Az\u0259rbaycan\u0131n Xalq artisti, S\u0259m\u0259d Vur\u011fun ad\u0131na Az\u0259rbaycan D\u00f6vl\u0259t Rus Dram Teatr\u0131n\u0131n ba\u015f rejissoru Aleksandr \u015earovski do\u011fma teatr\u0131n s\u0259hn\u0259sind\u0259 ad g\u00fcn\u00fcn\u00fc qeyd edib.<\/strong><\/p>\n<p><strong>ARANTV.AZ<\/strong> trend-\u0259 istinad\u0259n bildirir ki,\u00a0s\u0259b\u0259bkar\u0131n \u015f\u0259r\u0259fin\u0259 &#8220;Maskarad&#8221; tama\u015fas\u0131n\u0131n n\u00fcmayi\u015fi olub. Tama\u015fan\u0131n \u00fcst\u00fcn c\u0259h\u0259ti odur ki, A.\u015earovski t\u0259kc\u0259 rejissor deyil, h\u0259m d\u0259 ba\u015f rollardan birini ifa edir. Tan\u0131nm\u0131\u015f rejissoru s\u0259hn\u0259d\u0259 aktyor kimi g\u00f6rm\u0259k is\u0259 teatr s\u0259n\u0259tinin p\u0259r\u0259sti\u015fkarlar\u0131 \u00fc\u00e7\u00fcn x\u00fcsusi xo\u015fb\u0259xtlikdir.<\/p>\n<p>T\u0259dbird\u0259 Heyd\u0259r \u018fliyev Fondunun icra\u00e7\u0131 direktoru Anar \u018fl\u0259kb\u0259rov, Rusiya, Avstriya v\u0259 \u0130sve\u00e7in Az\u0259rbaycandak\u0131 s\u0259firl\u0259ri, g\u00f6rk\u0259mli ictimai, m\u0259d\u0259niyy\u0259t v\u0259 inc\u0259s\u0259n\u0259t xadiml\u0259ri i\u015ftirak edibl\u0259r.<\/p>\n<p>K\u0130V n\u00fcmay\u0259nd\u0259l\u0259ri il\u0259 s\u00f6hb\u0259tind\u0259 A.\u015earovski tama\u015fada Arbenin rolunun onun \u00fc\u00e7\u00fcn \u00e7ox qiym\u0259tli oldu\u011funu v\u0259 buna g\u00f6r\u0259 d\u0259 s\u0259hn\u0259d\u0259 m\u0259mnuniyy\u0259tl\u0259 \u00e7\u0131x\u0131\u015f etdiyini vur\u011fulay\u0131b: &#8220;M\u0259ni t\u0259brik etm\u0259y\u0259 g\u0259l\u0259n h\u0259r k\u0259s\u0259 t\u0259\u015f\u0259kk\u00fcr\u00fcm\u00fc bildirir\u0259m. He\u00e7 k\u0259s bilmirdi, lakin bel\u0259 oldu ki, bir m\u00fcdd\u0259t \u0259vv\u0259l s\u0259hh\u0259timd\u0259 problem yarand\u0131 v\u0259 d\u00fc\u015f\u00fcnd\u00fcm ki, bir d\u0259 he\u00e7 vaxt s\u0259hn\u0259y\u0259 artist kimi \u00e7\u0131xa bilm\u0259y\u0259c\u0259y\u0259m&#8221;.<\/p>\n<p>Xalq artisti Az\u0259rbaycan\u0131n Birinci vitse-prezidenti, Heyd\u0259r \u018fliyev Fondunun prezidenti Mehriban \u018fliyevaya m\u00fcalic\u0259 almas\u0131na g\u00f6st\u0259rdiyi k\u00f6m\u0259y\u0259 g\u00f6r\u0259 minn\u0259tdarl\u0131\u011f\u0131n\u0131 bildirib.<\/p>\n<p>A.\u015earovski \u0259lav\u0259 edib ki, ad g\u00fcn\u00fcn\u00fc do\u011fma teatr\u0131n s\u0259hn\u0259sind\u0259 tama\u015fa\u00e7\u0131larla ke\u00e7irm\u0259kd\u0259n m\u0259mnundur.<\/p>\n<p>G\u0259l\u0259c\u0259k yarad\u0131c\u0131l\u0131q planlar\u0131 barad\u0259 dan\u0131\u015fan rejissor qeyd edib ki, may ay\u0131nda Bernard \u015eounun pyesinin motivl\u0259ri \u0259sas\u0131nda s\u0259hn\u0259l\u0259\u015fdirilmi\u015f &#8220;Milyon\u00e7u qad\u0131n&#8221; tama\u015fas\u0131 t\u0259qdim olunacaq. Tama\u015fa Az\u0259rbaycan\u0131n xalq artisti Natalya \u015earovskayan\u0131n yubileyin\u0259 h\u0259sr olunub.<\/p>\n<p>&#8220;Maskarad&#8221; tama\u015fas\u0131 izl\u0259yicil\u0259r t\u0259r\u0259find\u0259n maraqla qar\u015f\u0131lan\u0131b.<\/p>\n<p>Sonra xalq artisti A.\u015earovski tama\u015fa\u00e7\u0131lara m\u00fcraci\u0259t edib:<\/p>\n<p>&#8220;\u018fziz dostlar, bu g\u00fcn m\u0259nim deb\u00fct\u00fcmd\u00fcr. Bundan \u0259vv\u0259l m\u0259n s\u0259hn\u0259 il\u0259 vidala\u015fm\u0131\u015f v\u0259 d\u00fc\u015f\u00fcnm\u00fc\u015fd\u00fcm ki, yaln\u0131z rejissor kimi f\u0259aliyy\u0259t g\u00f6st\u0259r\u0259c\u0259y\u0259m. Lakin Birinci vitse-prezident Mehriban \u018fliyevan\u0131n say\u0259sind\u0259 aya\u011fa qalxd\u0131m. Az\u0259rbaycan\u0131n Birinci-vitse prezidentinin k\u00f6m\u0259k\u00e7isi Anar \u018fl\u0259kb\u0259rov vasit\u0259sil\u0259 Mehriban \u018fliyevaya minn\u0259tdarl\u0131\u011f\u0131m\u0131 \u00e7atd\u0131rmaq ist\u0259yir\u0259m. H\u0259r k\u0259s\u0259 t\u0259\u015f\u0259kk\u00fcr. H\u0259yat davam edir v\u0259 h\u0259r \u015fey ir\u0259lid\u0259dir&#8230;&#8221;<\/p>\n<p><img loading=\"lazy\" class=\"alignnone size-full wp-image-37739\" src=\"https:\/\/arantv.az\/wp-content\/uploads\/2019\/02\/729628_4.jpg\" alt=\"\" width=\"250\" height=\"167\" \/><\/p>\n","protected":false},"excerpt":{"rendered":"<p>Az\u0259rbaycan\u0131n Xalq artisti, S\u0259m\u0259d Vur\u011fun ad\u0131na Az\u0259rbaycan D\u00f6vl\u0259t Rus Dram Teatr\u0131n\u0131n ba\u015f rejissoru Aleksandr \u015earovski do\u011fma teatr\u0131n s\u0259hn\u0259sind\u0259 ad g\u00fcn\u00fcn\u00fc qeyd edib. ARANTV.AZ trend-\u0259 istinad\u0259n bildirir ki,\u00a0s\u0259b\u0259bkar\u0131n \u015f\u0259r\u0259fin\u0259 &#8220;Maskarad&#8221; tama\u015fas\u0131n\u0131n n\u00fcmayi\u015fi olub. Tama\u015fan\u0131n \u00fcst\u00fcn c\u0259h\u0259ti odur ki, A.\u015earovski t\u0259kc\u0259 rejissor deyil, h\u0259m d\u0259 ba\u015f rollardan birini ifa edir. Tan\u0131nm\u0131\u015f rejissoru s\u0259hn\u0259d\u0259 aktyor kimi g\u00f6rm\u0259k is\u0259 teatr s\u0259n\u0259tinin p\u0259r\u0259sti\u015fkarlar\u0131 \u00fc\u00e7\u00fcn x\u00fcsusi xo\u015fb\u0259xtlikdir. T\u0259dbird\u0259 Heyd\u0259r \u018fliyev Fondunun icra\u00e7\u0131 direktoru Anar \u018fl\u0259kb\u0259rov, Rusiya, Avstriya v\u0259 \u0130sve\u00e7in Az\u0259rbaycandak\u0131 s\u0259firl\u0259ri, g\u00f6rk\u0259mli ictimai, m\u0259d\u0259niyy\u0259t v\u0259 inc\u0259s\u0259n\u0259t xadiml\u0259ri i\u015ftirak edibl\u0259r. K\u0130V n\u00fcmay\u0259nd\u0259l\u0259ri il\u0259 s\u00f6hb\u0259tind\u0259 A.\u015earovski tama\u015fada Arbenin&hellip;<\/p>\n","protected":false},"author":2,"featured_media":37740,"comment_status":"closed","ping_status":"closed","sticky":false,"template":"","format":"standard","meta":{"om_disable_all_campaigns":false,"_monsterinsights_skip_tracking":false,"_monsterinsights_sitenote_active":false,"_monsterinsights_sitenote_note":"","_monsterinsights_sitenote_category":0},"categories":[19],"tags":[],"aioseo_notices":[],"gutentor_comment":0,"rttpg_featured_image_url":{"full":["https:\/\/arantv.az\/wp-content\/uploads\/2019\/02\/729628_2.jpg",800,600,false],"landscape":["https:\/\/arantv.az\/wp-content\/uploads\/2019\/02\/729628_2.jpg",800,600,false],"portraits":["https:\/\/arantv.az\/wp-content\/uploads\/2019\/02\/729628_2.jpg",800,600,false],"thumbnail":["https:\/\/arantv.az\/wp-content\/uploads\/2019\/02\/729628_2-150x150.jpg",150,150,true],"medium":["https:\/\/arantv.az\/wp-content\/uploads\/2019\/02\/729628_2-300x225.jpg",300,225,true],"large":["https:\/\/arantv.az\/wp-content\/uploads\/2019\/02\/729628_2.jpg",640,480,false],"1536x1536":["https:\/\/arantv.az\/wp-content\/uploads\/2019\/02\/729628_2.jpg",800,600,false],"2048x2048":["https:\/\/arantv.az\/wp-content\/uploads\/2019\/02\/729628_2.jpg",800,600,false],"post-thumbnail":["https:\/\/arantv.az\/wp-content\/uploads\/2019\/02\/729628_2-240x172.jpg",240,172,true],"advps-thumb-one":["https:\/\/arantv.az\/wp-content\/uploads\/2019\/02\/729628_2.jpg",800,600,false]},"rttpg_author":{"display_name":"V\u00fcsal Rafiqo\u011flu","author_link":"https:\/\/arantv.az\/?author=2"},"rttpg_comment":0,"rttpg_category":"<a href=\"https:\/\/arantv.az\/?cat=19\" rel=\"category\">G\u00fcnd\u0259m<\/a>","rttpg_excerpt":"Az\u0259rbaycan\u0131n Xalq artisti, S\u0259m\u0259d Vur\u011fun ad\u0131na Az\u0259rbaycan D\u00f6vl\u0259t Rus Dram Teatr\u0131n\u0131n ba\u015f rejissoru Aleksandr \u015earovski do\u011fma teatr\u0131n s\u0259hn\u0259sind\u0259 ad g\u00fcn\u00fcn\u00fc qeyd edib. ARANTV.AZ trend-\u0259 istinad\u0259n bildirir ki,\u00a0s\u0259b\u0259bkar\u0131n \u015f\u0259r\u0259fin\u0259 &#8220;Maskarad&#8221; tama\u015fas\u0131n\u0131n n\u00fcmayi\u015fi olub. Tama\u015fan\u0131n \u00fcst\u00fcn c\u0259h\u0259ti odur ki, A.\u015earovski t\u0259kc\u0259 rejissor deyil, h\u0259m d\u0259 ba\u015f rollardan birini ifa edir. Tan\u0131nm\u0131\u015f rejissoru s\u0259hn\u0259d\u0259 aktyor kimi g\u00f6rm\u0259k is\u0259&hellip;","_links":{"self":[{"href":"https:\/\/arantv.az\/index.php?rest_route=\/wp\/v2\/posts\/37738"}],"collection":[{"href":"https:\/\/arantv.az\/index.php?rest_route=\/wp\/v2\/posts"}],"about":[{"href":"https:\/\/arantv.az\/index.php?rest_route=\/wp\/v2\/types\/post"}],"author":[{"embeddable":true,"href":"https:\/\/arantv.az\/index.php?rest_route=\/wp\/v2\/users\/2"}],"replies":[{"embeddable":true,"href":"https:\/\/arantv.az\/index.php?rest_route=%2Fwp%2Fv2%2Fcomments&post=37738"}],"version-history":[{"count":0,"href":"https:\/\/arantv.az\/index.php?rest_route=\/wp\/v2\/posts\/37738\/revisions"}],"wp:featuredmedia":[{"embeddable":true,"href":"https:\/\/arantv.az\/index.php?rest_route=\/wp\/v2\/media\/37740"}],"wp:attachment":[{"href":"https:\/\/arantv.az\/index.php?rest_route=%2Fwp%2Fv2%2Fmedia&parent=37738"}],"wp:term":[{"taxonomy":"category","embeddable":true,"href":"https:\/\/arantv.az\/index.php?rest_route=%2Fwp%2Fv2%2Fcategories&post=37738"},{"taxonomy":"post_tag","embeddable":true,"href":"https:\/\/arantv.az\/index.php?rest_route=%2Fwp%2Fv2%2Ftags&post=37738"}],"curies":[{"name":"wp","href":"https:\/\/api.w.org\/{rel}","templated":true}]}}