{"id":37746,"date":"2019-02-11T15:06:09","date_gmt":"2019-02-11T12:06:09","guid":{"rendered":"http:\/\/arantv.az\/?p=37746"},"modified":"2019-02-11T15:06:09","modified_gmt":"2019-02-11T12:06:09","slug":"%c9%99fv-m%c9%99s%c9%99l%c9%99l%c9%99ri-komissiyasi-bu-gun-toplasir","status":"publish","type":"post","link":"https:\/\/arantv.az\/?p=37746","title":{"rendered":"\u018ffv M\u0259s\u0259l\u0259l\u0259ri Komissiyas\u0131 bu g\u00fcn topla\u015f\u0131r"},"content":{"rendered":"<p><strong>Bu g\u00fcn Az\u0259rbaycan Prezidenti yan\u0131nda \u018ffv M\u0259s\u0259l\u0259l\u0259ri Komissiyas\u0131n\u0131n iclas\u0131 ke\u00e7iril\u0259c\u0259k.<\/strong><\/p>\n<p><strong>ARANTV.AZ<\/strong> trend-\u0259 istinad\u0259n bildirir ki,\u00a0iclasda \u0259fvl\u0259 ba\u011fl\u0131 m\u00fcraci\u0259tl\u0259r\u0259 bax\u0131lmas\u0131 n\u0259z\u0259rd\u0259 tutulub.<\/p>\n<p>Komissiyaya 1000-d\u0259n art\u0131q m\u00fcraci\u0259tin daxil oldu\u011fu bildirilir.<\/p>\n<p>Qeyd ed\u0259k ki, \u018ffv M\u0259s\u0259l\u0259l\u0259ri Komissiyas\u0131n\u0131n \u00f6t\u0259n il yanvar\u0131n sonlar\u0131ndan may\u0131n ortalar\u0131na q\u0259d\u0259r davam ed\u0259n iclaslar\u0131nda 1200-d\u0259n art\u0131q m\u00fcraci\u0259t\u0259 bax\u0131lm\u0131\u015fd\u0131. \u0130claslar\u0131n ard\u0131nca, 2018-ci il may\u0131n 24-d\u0259 Prezident \u0130lham \u018fliyev m\u0259hkum edilmi\u015f bir s\u0131ra \u015f\u0259xsl\u0259rin Az\u0259rbaycan Xalq C\u00fcmhuriyy\u0259tinin 100 illiyi m\u00fcnasib\u0259til\u0259 \u0259fv olunmas\u0131 haqq\u0131nda s\u0259r\u0259ncam imzalad\u0131.<\/p>\n<p>\u018ffv s\u0259r\u0259ncam\u0131 \u00fcmumilikd\u0259 634 n\u0259f\u0259r\u0259 \u015famil olundu. Onlardan azadl\u0131qdan m\u0259hrum etm\u0259 c\u0259zas\u0131na m\u0259hkum edilmi\u015f 607 n\u0259f\u0259r c\u0259zan\u0131n \u00e7\u0259kilm\u0259mi\u015f hiss\u0259sind\u0259n azad edildi. H\u0259m\u00e7inin azadl\u0131qdan m\u0259hrum etm\u0259 c\u0259zas\u0131na m\u0259hkum edilmi\u015f v\u0259 c\u0259zas\u0131n\u0131n \u00e7\u0259kilm\u0259si t\u0259xir\u0259 sal\u0131nm\u0131\u015f 1 n\u0259f\u0259r, azadl\u0131qdan m\u0259hrumetm\u0259 c\u0259zas\u0131na \u015f\u0259rti olaraq m\u0259hkum edilmi\u015f 9 n\u0259f\u0259r, c\u0259rim\u0259 c\u0259zas\u0131na m\u0259hkum edilmi\u015f 11 n\u0259f\u0259r c\u0259zadan v\u0259 islah i\u015fl\u0259ri c\u0259zas\u0131na m\u0259hkum edilmi\u015f 6 n\u0259f\u0259r c\u0259zan\u0131n \u00e7\u0259kilm\u0259mi\u015f hiss\u0259sind\u0259n azad edildi.<\/p>\n<p>\u018ffv s\u0259r\u0259ncam\u0131 39 xarici v\u0259t\u0259nda\u015fa, o c\u00fcml\u0259d\u0259n 11 G\u00fcrc\u00fcstan, 5 \u00c7in, 4 Rusiya, 4 \u0130ran, 3 T\u00fcrkiy\u0259, 3 Banqlade\u015f, 2 T\u00fcrkm\u0259nistan, 2 Qazax\u0131stan, h\u0259r\u0259sin\u0259 1-i olmaqla \u00d6zb\u0259kistan, Kamerun, Hindistan, \u018ffqan\u0131stan, Ukrayna v\u0259t\u0259nda\u015flar\u0131na v\u0259 v\u0259t\u0259nda\u015fl\u0131\u011f\u0131 olmayan 3 \u015f\u0259xs\u0259 d\u0259 \u015famil olundu.<\/p>\n","protected":false},"excerpt":{"rendered":"<p>Bu g\u00fcn Az\u0259rbaycan Prezidenti yan\u0131nda \u018ffv M\u0259s\u0259l\u0259l\u0259ri Komissiyas\u0131n\u0131n iclas\u0131 ke\u00e7iril\u0259c\u0259k. ARANTV.AZ trend-\u0259 istinad\u0259n bildirir ki,\u00a0iclasda \u0259fvl\u0259 ba\u011fl\u0131 m\u00fcraci\u0259tl\u0259r\u0259 bax\u0131lmas\u0131 n\u0259z\u0259rd\u0259 tutulub. Komissiyaya 1000-d\u0259n art\u0131q m\u00fcraci\u0259tin daxil oldu\u011fu bildirilir. Qeyd ed\u0259k ki, \u018ffv M\u0259s\u0259l\u0259l\u0259ri Komissiyas\u0131n\u0131n \u00f6t\u0259n il yanvar\u0131n sonlar\u0131ndan may\u0131n ortalar\u0131na q\u0259d\u0259r davam ed\u0259n iclaslar\u0131nda 1200-d\u0259n art\u0131q m\u00fcraci\u0259t\u0259 bax\u0131lm\u0131\u015fd\u0131. \u0130claslar\u0131n ard\u0131nca, 2018-ci il may\u0131n 24-d\u0259 Prezident \u0130lham \u018fliyev m\u0259hkum edilmi\u015f bir s\u0131ra \u015f\u0259xsl\u0259rin Az\u0259rbaycan Xalq C\u00fcmhuriyy\u0259tinin 100 illiyi m\u00fcnasib\u0259til\u0259 \u0259fv olunmas\u0131 haqq\u0131nda s\u0259r\u0259ncam imzalad\u0131. \u018ffv s\u0259r\u0259ncam\u0131 \u00fcmumilikd\u0259 634 n\u0259f\u0259r\u0259 \u015famil olundu. Onlardan azadl\u0131qdan m\u0259hrum etm\u0259 c\u0259zas\u0131na m\u0259hkum edilmi\u015f 607 n\u0259f\u0259r c\u0259zan\u0131n&hellip;<\/p>\n","protected":false},"author":2,"featured_media":37747,"comment_status":"closed","ping_status":"closed","sticky":false,"template":"","format":"standard","meta":{"om_disable_all_campaigns":false,"_monsterinsights_skip_tracking":false,"_monsterinsights_sitenote_active":false,"_monsterinsights_sitenote_note":"","_monsterinsights_sitenote_category":0},"categories":[1],"tags":[],"aioseo_notices":[],"gutentor_comment":0,"rttpg_featured_image_url":{"full":["https:\/\/arantv.az\/wp-content\/uploads\/2019\/02\/729584.jpg",700,463,false],"landscape":["https:\/\/arantv.az\/wp-content\/uploads\/2019\/02\/729584.jpg",700,463,false],"portraits":["https:\/\/arantv.az\/wp-content\/uploads\/2019\/02\/729584.jpg",700,463,false],"thumbnail":["https:\/\/arantv.az\/wp-content\/uploads\/2019\/02\/729584-150x150.jpg",150,150,true],"medium":["https:\/\/arantv.az\/wp-content\/uploads\/2019\/02\/729584-300x198.jpg",300,198,true],"large":["https:\/\/arantv.az\/wp-content\/uploads\/2019\/02\/729584.jpg",640,423,false],"1536x1536":["https:\/\/arantv.az\/wp-content\/uploads\/2019\/02\/729584.jpg",700,463,false],"2048x2048":["https:\/\/arantv.az\/wp-content\/uploads\/2019\/02\/729584.jpg",700,463,false],"post-thumbnail":["https:\/\/arantv.az\/wp-content\/uploads\/2019\/02\/729584-240x172.jpg",240,172,true],"advps-thumb-one":["https:\/\/arantv.az\/wp-content\/uploads\/2019\/02\/729584.jpg",700,463,false]},"rttpg_author":{"display_name":"V\u00fcsal Rafiqo\u011flu","author_link":"https:\/\/arantv.az\/?author=2"},"rttpg_comment":0,"rttpg_category":"<a href=\"https:\/\/arantv.az\/?cat=1\" rel=\"category\">C\u0259miyy\u0259t<\/a>","rttpg_excerpt":"Bu g\u00fcn Az\u0259rbaycan Prezidenti yan\u0131nda \u018ffv M\u0259s\u0259l\u0259l\u0259ri Komissiyas\u0131n\u0131n iclas\u0131 ke\u00e7iril\u0259c\u0259k. ARANTV.AZ trend-\u0259 istinad\u0259n bildirir ki,\u00a0iclasda \u0259fvl\u0259 ba\u011fl\u0131 m\u00fcraci\u0259tl\u0259r\u0259 bax\u0131lmas\u0131 n\u0259z\u0259rd\u0259 tutulub. Komissiyaya 1000-d\u0259n art\u0131q m\u00fcraci\u0259tin daxil oldu\u011fu bildirilir. Qeyd ed\u0259k ki, \u018ffv M\u0259s\u0259l\u0259l\u0259ri Komissiyas\u0131n\u0131n \u00f6t\u0259n il yanvar\u0131n sonlar\u0131ndan may\u0131n ortalar\u0131na q\u0259d\u0259r davam ed\u0259n iclaslar\u0131nda 1200-d\u0259n art\u0131q m\u00fcraci\u0259t\u0259 bax\u0131lm\u0131\u015fd\u0131. \u0130claslar\u0131n ard\u0131nca, 2018-ci il may\u0131n 24-d\u0259 Prezident&hellip;","_links":{"self":[{"href":"https:\/\/arantv.az\/index.php?rest_route=\/wp\/v2\/posts\/37746"}],"collection":[{"href":"https:\/\/arantv.az\/index.php?rest_route=\/wp\/v2\/posts"}],"about":[{"href":"https:\/\/arantv.az\/index.php?rest_route=\/wp\/v2\/types\/post"}],"author":[{"embeddable":true,"href":"https:\/\/arantv.az\/index.php?rest_route=\/wp\/v2\/users\/2"}],"replies":[{"embeddable":true,"href":"https:\/\/arantv.az\/index.php?rest_route=%2Fwp%2Fv2%2Fcomments&post=37746"}],"version-history":[{"count":0,"href":"https:\/\/arantv.az\/index.php?rest_route=\/wp\/v2\/posts\/37746\/revisions"}],"wp:featuredmedia":[{"embeddable":true,"href":"https:\/\/arantv.az\/index.php?rest_route=\/wp\/v2\/media\/37747"}],"wp:attachment":[{"href":"https:\/\/arantv.az\/index.php?rest_route=%2Fwp%2Fv2%2Fmedia&parent=37746"}],"wp:term":[{"taxonomy":"category","embeddable":true,"href":"https:\/\/arantv.az\/index.php?rest_route=%2Fwp%2Fv2%2Fcategories&post=37746"},{"taxonomy":"post_tag","embeddable":true,"href":"https:\/\/arantv.az\/index.php?rest_route=%2Fwp%2Fv2%2Ftags&post=37746"}],"curies":[{"name":"wp","href":"https:\/\/api.w.org\/{rel}","templated":true}]}}