{"id":37760,"date":"2019-02-11T15:22:54","date_gmt":"2019-02-11T12:22:54","guid":{"rendered":"http:\/\/arantv.az\/?p=37760"},"modified":"2019-02-11T15:22:54","modified_gmt":"2019-02-11T12:22:54","slug":"bakida-20-yasli-qiz-evd%c9%99n-qacdi-atasi-polis%c9%99-uz-tutdu","status":"publish","type":"post","link":"https:\/\/arantv.az\/?p=37760","title":{"rendered":"Bak\u0131da 20 ya\u015fl\u0131 q\u0131z evd\u0259n qa\u00e7d\u0131 \u2013 ATASI POL\u0130S\u018f \u00dcZ TUTDU"},"content":{"rendered":"<p><strong>Bak\u0131da 20 ya\u015fl\u0131 q\u0131z\u0131n itkin d\u00fc\u015fm\u0259si il\u0259 ba\u011fl\u0131 polis\u0259 m\u00fcraci\u0259t daxil olub.<\/strong><\/p>\n<p><b>ARANTV.AZ\u00a0<\/b>x\u0259b\u0259r verir ki, Sabun\u00e7u rayon Ma\u015fta\u011fa q\u0259s\u0259b\u0259 sakini olan Xalid Qulamov (ad v\u0259 soyad \u015f\u0259rtidir) 14-ci Polis \u015e\u00f6b\u0259sin\u0259 m\u00fcraci\u0259t ed\u0259r\u0259k q\u0131z\u0131n\u0131n itkin d\u00fc\u015fd\u00fcy\u00fcn\u00fc bildirib. O qeyd edib ki, q\u0131z\u0131, 1999-cu il t\u0259v\u0259ll\u00fcdl\u00fc Fidan Qulamova fevral\u0131n 7-d\u0259 saat 20 rad\u0259l\u0259rind\u0259 ev\u0259n \u00e7\u0131x\u0131b v\u0259 bird aha geri qay\u0131tmay\u0131b.<\/p>\n<p>\u015eikay\u0259t\u00e7i q\u0131z\u0131n\u0131n xarakterik \u0259lam\u0259tl\u0259rini v\u0259 fotosunu polis\u0259 t\u0259qdim edib.<\/p>\n<p>Axtar\u0131\u015f t\u0259dbirl\u0259ri h\u0259yata ke\u00e7irlir.<\/p>\n<p>publika.az<\/p>\n","protected":false},"excerpt":{"rendered":"<p>Bak\u0131da 20 ya\u015fl\u0131 q\u0131z\u0131n itkin d\u00fc\u015fm\u0259si il\u0259 ba\u011fl\u0131 polis\u0259 m\u00fcraci\u0259t daxil olub. ARANTV.AZ\u00a0x\u0259b\u0259r verir ki, Sabun\u00e7u rayon Ma\u015fta\u011fa q\u0259s\u0259b\u0259 sakini olan Xalid Qulamov (ad v\u0259 soyad \u015f\u0259rtidir) 14-ci Polis \u015e\u00f6b\u0259sin\u0259 m\u00fcraci\u0259t ed\u0259r\u0259k q\u0131z\u0131n\u0131n itkin d\u00fc\u015fd\u00fcy\u00fcn\u00fc bildirib. O qeyd edib ki, q\u0131z\u0131, 1999-cu il t\u0259v\u0259ll\u00fcdl\u00fc Fidan Qulamova fevral\u0131n 7-d\u0259 saat 20 rad\u0259l\u0259rind\u0259 ev\u0259n \u00e7\u0131x\u0131b v\u0259 bird aha geri qay\u0131tmay\u0131b. \u015eikay\u0259t\u00e7i q\u0131z\u0131n\u0131n xarakterik \u0259lam\u0259tl\u0259rini v\u0259 fotosunu polis\u0259 t\u0259qdim edib. Axtar\u0131\u015f t\u0259dbirl\u0259ri h\u0259yata ke\u00e7irlir. publika.az<\/p>\n","protected":false},"author":2,"featured_media":37761,"comment_status":"closed","ping_status":"closed","sticky":false,"template":"","format":"standard","meta":{"om_disable_all_campaigns":false,"_monsterinsights_skip_tracking":false,"_monsterinsights_sitenote_active":false,"_monsterinsights_sitenote_note":"","_monsterinsights_sitenote_category":0},"categories":[5],"tags":[],"aioseo_notices":[],"gutentor_comment":0,"rttpg_featured_image_url":{"full":["https:\/\/arantv.az\/wp-content\/uploads\/2019\/02\/itkin_0003.jpg",800,450,false],"landscape":["https:\/\/arantv.az\/wp-content\/uploads\/2019\/02\/itkin_0003.jpg",800,450,false],"portraits":["https:\/\/arantv.az\/wp-content\/uploads\/2019\/02\/itkin_0003.jpg",800,450,false],"thumbnail":["https:\/\/arantv.az\/wp-content\/uploads\/2019\/02\/itkin_0003-150x150.jpg",150,150,true],"medium":["https:\/\/arantv.az\/wp-content\/uploads\/2019\/02\/itkin_0003-300x169.jpg",300,169,true],"large":["https:\/\/arantv.az\/wp-content\/uploads\/2019\/02\/itkin_0003.jpg",640,360,false],"1536x1536":["https:\/\/arantv.az\/wp-content\/uploads\/2019\/02\/itkin_0003.jpg",800,450,false],"2048x2048":["https:\/\/arantv.az\/wp-content\/uploads\/2019\/02\/itkin_0003.jpg",800,450,false],"post-thumbnail":["https:\/\/arantv.az\/wp-content\/uploads\/2019\/02\/itkin_0003-240x172.jpg",240,172,true],"advps-thumb-one":["https:\/\/arantv.az\/wp-content\/uploads\/2019\/02\/itkin_0003.jpg",800,450,false]},"rttpg_author":{"display_name":"V\u00fcsal Rafiqo\u011flu","author_link":"https:\/\/arantv.az\/?author=2"},"rttpg_comment":0,"rttpg_category":"<a href=\"https:\/\/arantv.az\/?cat=5\" rel=\"category\">Hadis\u0259<\/a>","rttpg_excerpt":"Bak\u0131da 20 ya\u015fl\u0131 q\u0131z\u0131n itkin d\u00fc\u015fm\u0259si il\u0259 ba\u011fl\u0131 polis\u0259 m\u00fcraci\u0259t daxil olub. ARANTV.AZ\u00a0x\u0259b\u0259r verir ki, Sabun\u00e7u rayon Ma\u015fta\u011fa q\u0259s\u0259b\u0259 sakini olan Xalid Qulamov (ad v\u0259 soyad \u015f\u0259rtidir) 14-ci Polis \u015e\u00f6b\u0259sin\u0259 m\u00fcraci\u0259t ed\u0259r\u0259k q\u0131z\u0131n\u0131n itkin d\u00fc\u015fd\u00fcy\u00fcn\u00fc bildirib. O qeyd edib ki, q\u0131z\u0131, 1999-cu il t\u0259v\u0259ll\u00fcdl\u00fc Fidan Qulamova fevral\u0131n 7-d\u0259 saat 20 rad\u0259l\u0259rind\u0259 ev\u0259n \u00e7\u0131x\u0131b v\u0259 bird&hellip;","_links":{"self":[{"href":"https:\/\/arantv.az\/index.php?rest_route=\/wp\/v2\/posts\/37760"}],"collection":[{"href":"https:\/\/arantv.az\/index.php?rest_route=\/wp\/v2\/posts"}],"about":[{"href":"https:\/\/arantv.az\/index.php?rest_route=\/wp\/v2\/types\/post"}],"author":[{"embeddable":true,"href":"https:\/\/arantv.az\/index.php?rest_route=\/wp\/v2\/users\/2"}],"replies":[{"embeddable":true,"href":"https:\/\/arantv.az\/index.php?rest_route=%2Fwp%2Fv2%2Fcomments&post=37760"}],"version-history":[{"count":0,"href":"https:\/\/arantv.az\/index.php?rest_route=\/wp\/v2\/posts\/37760\/revisions"}],"wp:featuredmedia":[{"embeddable":true,"href":"https:\/\/arantv.az\/index.php?rest_route=\/wp\/v2\/media\/37761"}],"wp:attachment":[{"href":"https:\/\/arantv.az\/index.php?rest_route=%2Fwp%2Fv2%2Fmedia&parent=37760"}],"wp:term":[{"taxonomy":"category","embeddable":true,"href":"https:\/\/arantv.az\/index.php?rest_route=%2Fwp%2Fv2%2Fcategories&post=37760"},{"taxonomy":"post_tag","embeddable":true,"href":"https:\/\/arantv.az\/index.php?rest_route=%2Fwp%2Fv2%2Ftags&post=37760"}],"curies":[{"name":"wp","href":"https:\/\/api.w.org\/{rel}","templated":true}]}}