{"id":37763,"date":"2019-02-11T15:27:00","date_gmt":"2019-02-11T12:27:00","guid":{"rendered":"http:\/\/arantv.az\/?p=37763"},"modified":"2019-02-11T15:27:00","modified_gmt":"2019-02-11T12:27:00","slug":"minimum-%c9%99m%c9%99k-haqqi-davamli-olaraq-artirilacaq-nazirlik","status":"publish","type":"post","link":"https:\/\/arantv.az\/?p=37763","title":{"rendered":"Minimum \u0259m\u0259k haqq\u0131 davaml\u0131 olaraq art\u0131r\u0131lacaq \u2014 Nazirlik"},"content":{"rendered":"<div class=\"spot\">\u018fm\u0259k v\u0259 \u018fhalinin Sosial M\u00fcdafi\u0259si Nazirliyi \u00f6z\u0259l sektor i\u015f\u00e7il\u0259rinin minimum \u0259m\u0259k haqlar\u0131n\u0131 art\u0131mla alacaqlar\u0131 m\u00f6vzusu il\u0259 ba\u011fl\u0131 a\u00e7\u0131qlama verib.<\/div>\n<p><strong>ARANTV.AZ<\/strong>-\u0131n Report-a istinad\u0259n x\u0259b\u0259rin\u0259 g\u00f6r\u0259, Nazirliyin \u018fm\u0259k siyas\u0259ti \u015f\u00f6b\u0259sinin m\u00fcdiri \u018fb\u00fclf\u0259t M\u0259h\u0259rr\u0259mov jurnalistl\u0259r \u00fc\u00e7\u00fcn ke\u00e7irdiyi brifinqd\u0259 \u00f6z\u0259l sektorun b\u0259zi xidm\u0259t sah\u0259l\u0259rind\u0259 &#8211; avtomobil t\u0259miri xidm\u0259tl\u0259ri, \u00e7\u00f6r\u0259k sexl\u0259ri, h\u00fcquq \u015f\u0259xs statusunda olan ticar\u0259t sah\u0259l\u0259rind\u0259 \u00e7al\u0131\u015fanlar\u0131n \u0259m\u0259k haqlar\u0131n\u0131n minimum \u0259m\u0259k haqlar\u0131na uy\u011fun veril\u0259c\u0259yini deyib. Onun s\u00f6zl\u0259rin\u0259 g\u00f6r\u0259, bu c\u00fcr \u015f\u0259xsl\u0259rin say\u0131 150 min n\u0259f\u0259rd\u0259n \u00e7oxdur.<\/p>\n<p>O bildirib ki, minimum \u0259m\u0259k haqq\u0131 davaml\u0131 olaraq art\u0131r\u0131lacaq v\u0259 m\u0259bl\u0259\u011fin real s\u0259viyy\u0259y\u0259 uy\u011funla\u015fd\u0131r\u0131lmas\u0131 t\u0259min olunacaq.<\/p>\n<p>Nazirlik r\u0259smisi \u0259lav\u0259 edib ki, beyn\u0259lxalq t\u0259cr\u00fcb\u0259d\u0259 \u0259m\u0259k haqlar\u0131n\u0131n paket \u015f\u0259kilind\u0259 verilm\u0259si, qeyri-r\u0259smi m\u0259\u015f\u011fullu\u011fun bir n\u00f6v\u00fc kimi qiym\u0259tl\u0259ndirilir: &#8220;Minimum \u0259m\u0259k haqq\u0131n\u0131n art\u0131r\u0131lmas\u0131n\u0131 qeyri-r\u0259smi m\u0259\u015f\u011fullu\u011fun aradan qald\u0131r\u0131lmas\u0131 kimi q\u0259bul etm\u0259k laz\u0131md\u0131r. \u00c7\u00fcnki bu zaman \u0259m\u0259k haqq\u0131n\u0131n qeyri-r\u0259smi veril\u0259n hiss\u0259si r\u0259siml\u0259\u015fmi\u015f olur. Buna s\u0259b\u0259b i\u015f\u0259g\u00f6t\u00fcr\u0259nin ixtisass\u0131z \u015f\u0259xsl\u0259r\u0259 \u0259m\u0259k haqq\u0131n\u0131 180 manatdan az verm\u0259m\u0259sidir. Qeyri-r\u0259smi veril\u0259n \u0259m\u0259k haqq\u0131n\u0131n iqtisadiyyat\u0131m\u0131za m\u0259nfi t\u0259r\u0259fl\u0259ri \u00e7oxdur. \u0130\u015f\u00e7i bundan g\u0259lir vergisi vermir, d\u00f6vl\u0259t\u0259 daxil olmalar azal\u0131r. B\u00fcdc\u0259y\u0259 daxilolmalar art\u0131qca, \u0259halinin sosial m\u00fcdafi\u0259sinin yax\u015f\u0131la\u015fmas\u0131na daha \u00e7ox v\u0259sait ayr\u0131l\u0131r&#8221;.<\/p>\n<div id=\"AdributorNativeVideo0\" class=\"AdributorNativeVideo\"><\/div>\n<p>O qeyd edib ki, bazar iqtisadiyyat\u0131 \u015f\u0259raitind\u0259 b\u0259zi i\u015f\u0259g\u00f6t\u00fcr\u0259nl\u0259r i\u015f\u00e7il\u0259r\u0259 \u00f6z m\u00f6vcud imkanlar\u0131ndan daha az \u0259m\u0259k haqq\u0131 verirl\u0259r: &#8220;Bu, d\u00fczg\u00fcn yana\u015fma deyil. \u0130ndiki halda i\u015f\u0259g\u00f6t\u00fcr\u0259nl\u0259r bazar iqtisadiyyat\u0131n\u0131n t\u0259l\u0259bl\u0259rin\u0259 uy\u011fun olaraq \u0259m\u0259k haqq\u0131 ver\u0259c\u0259kl\u0259r. Bununla da d\u00f6vl\u0259t sosial fonduna \u00f6d\u0259ni\u015fl\u0259r artacaq, v\u0259t\u0259nda\u015flar\u0131m\u0131z\u0131n pensiya t\u0259minat\u0131 yax\u015f\u0131la\u015facaq&#8221;.<\/p>\n<p>Qeyd ed\u0259k ki, Prezidentin m\u00fcvafiq s\u0259r\u0259ncam\u0131 il\u0259 450 min \u015f\u0259xsin \u0259m\u0259k haqlar\u0131nda, t\u0259xmin\u0259n, 30 faiz art\u0131m olub. Minimum \u0259m\u0259k haqq\u0131 180 manata \u00e7atd\u0131r\u0131l\u0131b. Maa\u015f art\u0131m\u0131, \u00fcmumilikd\u0259, 600 mind\u0259n art\u0131q i\u015f\u00e7ini \u0259hat\u0259 edir.<\/p>\n","protected":false},"excerpt":{"rendered":"<p>\u018fm\u0259k v\u0259 \u018fhalinin Sosial M\u00fcdafi\u0259si Nazirliyi \u00f6z\u0259l sektor i\u015f\u00e7il\u0259rinin minimum \u0259m\u0259k haqlar\u0131n\u0131 art\u0131mla alacaqlar\u0131 m\u00f6vzusu il\u0259 ba\u011fl\u0131 a\u00e7\u0131qlama verib. ARANTV.AZ-\u0131n Report-a istinad\u0259n x\u0259b\u0259rin\u0259 g\u00f6r\u0259, Nazirliyin \u018fm\u0259k siyas\u0259ti \u015f\u00f6b\u0259sinin m\u00fcdiri \u018fb\u00fclf\u0259t M\u0259h\u0259rr\u0259mov jurnalistl\u0259r \u00fc\u00e7\u00fcn ke\u00e7irdiyi brifinqd\u0259 \u00f6z\u0259l sektorun b\u0259zi xidm\u0259t sah\u0259l\u0259rind\u0259 &#8211; avtomobil t\u0259miri xidm\u0259tl\u0259ri, \u00e7\u00f6r\u0259k sexl\u0259ri, h\u00fcquq \u015f\u0259xs statusunda olan ticar\u0259t sah\u0259l\u0259rind\u0259 \u00e7al\u0131\u015fanlar\u0131n \u0259m\u0259k haqlar\u0131n\u0131n minimum \u0259m\u0259k haqlar\u0131na uy\u011fun veril\u0259c\u0259yini deyib. Onun s\u00f6zl\u0259rin\u0259 g\u00f6r\u0259, bu c\u00fcr \u015f\u0259xsl\u0259rin say\u0131 150 min n\u0259f\u0259rd\u0259n \u00e7oxdur. O bildirib ki, minimum \u0259m\u0259k haqq\u0131 davaml\u0131 olaraq art\u0131r\u0131lacaq v\u0259 m\u0259bl\u0259\u011fin real s\u0259viyy\u0259y\u0259 uy\u011funla\u015fd\u0131r\u0131lmas\u0131 t\u0259min olunacaq. Nazirlik r\u0259smisi&hellip;<\/p>\n","protected":false},"author":2,"featured_media":37764,"comment_status":"closed","ping_status":"closed","sticky":false,"template":"","format":"standard","meta":{"om_disable_all_campaigns":false,"_monsterinsights_skip_tracking":false,"_monsterinsights_sitenote_active":false,"_monsterinsights_sitenote_note":"","_monsterinsights_sitenote_category":0},"categories":[19],"tags":[],"aioseo_notices":[],"gutentor_comment":0,"rttpg_featured_image_url":{"full":["https:\/\/arantv.az\/wp-content\/uploads\/2019\/02\/eesm.jpg",1000,562,false],"landscape":["https:\/\/arantv.az\/wp-content\/uploads\/2019\/02\/eesm.jpg",1000,562,false],"portraits":["https:\/\/arantv.az\/wp-content\/uploads\/2019\/02\/eesm.jpg",1000,562,false],"thumbnail":["https:\/\/arantv.az\/wp-content\/uploads\/2019\/02\/eesm-150x150.jpg",150,150,true],"medium":["https:\/\/arantv.az\/wp-content\/uploads\/2019\/02\/eesm-300x169.jpg",300,169,true],"large":["https:\/\/arantv.az\/wp-content\/uploads\/2019\/02\/eesm.jpg",640,360,false],"1536x1536":["https:\/\/arantv.az\/wp-content\/uploads\/2019\/02\/eesm.jpg",1000,562,false],"2048x2048":["https:\/\/arantv.az\/wp-content\/uploads\/2019\/02\/eesm.jpg",1000,562,false],"post-thumbnail":["https:\/\/arantv.az\/wp-content\/uploads\/2019\/02\/eesm-240x172.jpg",240,172,true],"advps-thumb-one":["https:\/\/arantv.az\/wp-content\/uploads\/2019\/02\/eesm.jpg",1000,562,false]},"rttpg_author":{"display_name":"V\u00fcsal Rafiqo\u011flu","author_link":"https:\/\/arantv.az\/?author=2"},"rttpg_comment":0,"rttpg_category":"<a href=\"https:\/\/arantv.az\/?cat=19\" rel=\"category\">G\u00fcnd\u0259m<\/a>","rttpg_excerpt":"\u018fm\u0259k v\u0259 \u018fhalinin Sosial M\u00fcdafi\u0259si Nazirliyi \u00f6z\u0259l sektor i\u015f\u00e7il\u0259rinin minimum \u0259m\u0259k haqlar\u0131n\u0131 art\u0131mla alacaqlar\u0131 m\u00f6vzusu il\u0259 ba\u011fl\u0131 a\u00e7\u0131qlama verib. ARANTV.AZ-\u0131n Report-a istinad\u0259n x\u0259b\u0259rin\u0259 g\u00f6r\u0259, Nazirliyin \u018fm\u0259k siyas\u0259ti \u015f\u00f6b\u0259sinin m\u00fcdiri \u018fb\u00fclf\u0259t M\u0259h\u0259rr\u0259mov jurnalistl\u0259r \u00fc\u00e7\u00fcn ke\u00e7irdiyi brifinqd\u0259 \u00f6z\u0259l sektorun b\u0259zi xidm\u0259t sah\u0259l\u0259rind\u0259 &#8211; avtomobil t\u0259miri xidm\u0259tl\u0259ri, \u00e7\u00f6r\u0259k sexl\u0259ri, h\u00fcquq \u015f\u0259xs statusunda olan ticar\u0259t sah\u0259l\u0259rind\u0259 \u00e7al\u0131\u015fanlar\u0131n \u0259m\u0259k haqlar\u0131n\u0131n&hellip;","_links":{"self":[{"href":"https:\/\/arantv.az\/index.php?rest_route=\/wp\/v2\/posts\/37763"}],"collection":[{"href":"https:\/\/arantv.az\/index.php?rest_route=\/wp\/v2\/posts"}],"about":[{"href":"https:\/\/arantv.az\/index.php?rest_route=\/wp\/v2\/types\/post"}],"author":[{"embeddable":true,"href":"https:\/\/arantv.az\/index.php?rest_route=\/wp\/v2\/users\/2"}],"replies":[{"embeddable":true,"href":"https:\/\/arantv.az\/index.php?rest_route=%2Fwp%2Fv2%2Fcomments&post=37763"}],"version-history":[{"count":0,"href":"https:\/\/arantv.az\/index.php?rest_route=\/wp\/v2\/posts\/37763\/revisions"}],"wp:featuredmedia":[{"embeddable":true,"href":"https:\/\/arantv.az\/index.php?rest_route=\/wp\/v2\/media\/37764"}],"wp:attachment":[{"href":"https:\/\/arantv.az\/index.php?rest_route=%2Fwp%2Fv2%2Fmedia&parent=37763"}],"wp:term":[{"taxonomy":"category","embeddable":true,"href":"https:\/\/arantv.az\/index.php?rest_route=%2Fwp%2Fv2%2Fcategories&post=37763"},{"taxonomy":"post_tag","embeddable":true,"href":"https:\/\/arantv.az\/index.php?rest_route=%2Fwp%2Fv2%2Ftags&post=37763"}],"curies":[{"name":"wp","href":"https:\/\/api.w.org\/{rel}","templated":true}]}}