{"id":37784,"date":"2019-02-11T15:48:43","date_gmt":"2019-02-11T12:48:43","guid":{"rendered":"http:\/\/arantv.az\/?p=37784"},"modified":"2019-02-11T15:48:43","modified_gmt":"2019-02-11T12:48:43","slug":"bakidaki-268-nomr%c9%99li-xususi-m%c9%99kt%c9%99bin-sagirdl%c9%99rin%c9%99-heyd%c9%99r-%c9%99liyev-fondunun-h%c9%99diyy%c9%99l%c9%99ri-t%c9%99qdim-edilib-foto","status":"publish","type":"post","link":"https:\/\/arantv.az\/?p=37784","title":{"rendered":"Bak\u0131dak\u0131 268 n\u00f6mr\u0259li x\u00fcsusi m\u0259kt\u0259bin \u015fagirdl\u0259rin\u0259 Heyd\u0259r \u018fliyev Fondunun h\u0259diyy\u0259l\u0259ri t\u0259qdim edilib &#8211; FOTO"},"content":{"rendered":"<p>Az\u0259rbaycan Respublikas\u0131n\u0131n Birinci vitse-prezidenti, Heyd\u0259r \u018fliyev Fondunun prezidenti Mehriban \u018fliyeva fevral\u0131n 11-d\u0259 Bak\u0131n\u0131n N\u0259simi rayonundak\u0131 268 n\u00f6mr\u0259li x\u00fcsusi m\u0259kt\u0259bd\u0259 d\u0259 olub, u\u015faqlarla g\u00f6r\u00fc\u015f\u00fcb, \u015fagirdl\u0259rin t\u0259hsili il\u0259 maraqlan\u0131b.<\/p>\n<p><strong>ARANTV.AZ<\/strong> az\u0259rtac-a istinad\u0259n bildirir ki, m\u0259kt\u0259bin direktoru Seyf\u0259ddin Mustafayev Birinci vitse-prezident\u0259 m\u0259lumat verdi.<\/p>\n<p>Bildirildi ki, t\u0259hsil oca\u011f\u0131 2017-ci il sentyabr\u0131n 11-d\u0259 \u0259sasl\u0131 t\u0259mird\u0259n sonra Prezident \u0130lham \u018fliyevin i\u015ftirak\u0131 il\u0259 istifad\u0259y\u0259 verilib. Qeyd olundu ki, m\u0259kt\u0259bin 23 sinif ota\u011f\u0131 var. T\u0259hsil m\u00fc\u0259ssis\u0259sinin b\u00fct\u00fcn otaqlar\u0131 z\u0259ruri \u0259yani t\u0259dris v\u0259saitl\u0259ri il\u0259 t\u0259chiz olunub. Burada, h\u0259m\u00e7inin informatika ota\u011f\u0131 v\u0259 gimnastika zal\u0131 da \u015fagirdl\u0259rin ixtiyar\u0131na verilib. T\u0259hsil oca\u011f\u0131nda \u0259qli v\u0259 fiziki c\u0259h\u0259td\u0259n geri qalm\u0131\u015f, psixi inki\u015faf\u0131nda l\u0259ngim\u0259si olan 900 \u015fagird t\u0259hsil al\u0131r. Onlardan 220-n\u0259 m\u0259kt\u0259bd\u0259, qalanlar\u0131na is\u0259 evl\u0259rind\u0259 f\u0259rdi qaydada d\u0259rs ke\u00e7irilir. X\u00fcsusi qay\u011f\u0131ya ehtiyac\u0131 olan u\u015faqlar\u0131n t\u0259hsili il\u0259 242 m\u00fc\u0259llim m\u0259\u015f\u011ful olur. Onlar daun sindromlu, autizm, \u00fcmumt\u0259hsil proqram\u0131n\u0131 m\u0259nims\u0259y\u0259 bilm\u0259y\u0259n v\u0259 \u0259qli inki\u015faf geriliyi diaqnozu olan u\u015faqlara t\u0259lim ke\u00e7irl\u0259r. M\u0259kt\u0259bd\u0259 Az\u0259rbaycan v\u0259 rus b\u00f6lm\u0259l\u0259ri f\u0259aliyy\u0259t g\u00f6st\u0259rir. Burada u\u015faqlar g\u00fcnd\u0259 2 d\u0259f\u0259 qidalan\u0131rlar.<\/p>\n<p>Qeyd ed\u0259k ki, Az\u0259rbaycan\u0131n g\u0259l\u0259c\u0259yi olan u\u015faqlara y\u00fcks\u0259k qay\u011f\u0131 g\u00f6st\u0259r\u0259n Heyd\u0259r \u018fliyev Fondu onlar\u0131n intellektual inki\u015faf\u0131, sa\u011flam v\u0259t\u0259nda\u015flar kimi boya-ba\u015fa \u00e7atmalar\u0131 \u00fc\u00e7\u00fcn m\u00fch\u00fcm t\u0259dbirl\u0259r h\u0259yata ke\u00e7irir. Fond x\u00fcsusi qay\u011f\u0131ya ehtiyac\u0131 olan u\u015faqlar\u0131 da h\u0259r zaman diqq\u0259t m\u0259rk\u0259zind\u0259 saxlay\u0131r, m\u00fcxt\u0259lif aksiyalar realla\u015fd\u0131rmaqla onlara sevinc b\u0259x\u015f edir. Bu d\u0259f\u0259 d\u0259 u\u015faqlara Heyd\u0259r \u018fliyev Fondunun h\u0259diyy\u0259l\u0259ri t\u0259qdim edildi. Fondun prezidenti Mehriban \u018fliyeva x\u00fcsusi qay\u011f\u0131ya ehtiyac\u0131 olan u\u015faqlar\u0131n t\u0259hsil ald\u0131\u011f\u0131 bu m\u00fc\u0259ssis\u0259y\u0259 d\u0259f\u0259l\u0259rl\u0259 ba\u015f \u00e7\u0259kib, burada yarad\u0131lan \u015f\u0259raitl\u0259 maraqlan\u0131b.<\/p>\n<p>Birinci vitse-prezident Mehriban \u018fliyeva m\u0259kt\u0259bin musiqi sinfind\u0259 \u015fagirdl\u0259rin ifas\u0131n\u0131 dinl\u0259di.<\/p>\n<p><img loading=\"lazy\" class=\"alignnone size-medium wp-image-37785\" src=\"https:\/\/arantv.az\/wp-content\/uploads\/2019\/02\/729651-300x225.jpg\" alt=\"\" width=\"300\" height=\"225\" \/><img loading=\"lazy\" class=\"alignnone size-full wp-image-37786\" src=\"https:\/\/arantv.az\/wp-content\/uploads\/2019\/02\/729651_01.jpg\" alt=\"\" width=\"250\" height=\"167\" \/> <img loading=\"lazy\" class=\"alignnone size-medium wp-image-37787\" src=\"https:\/\/arantv.az\/wp-content\/uploads\/2019\/02\/729651_02.jpg\" alt=\"\" width=\"250\" height=\"167\" \/><img loading=\"lazy\" class=\"alignnone size-full wp-image-37788\" src=\"https:\/\/arantv.az\/wp-content\/uploads\/2019\/02\/729651_03.jpg\" alt=\"\" width=\"250\" height=\"179\" \/> <img loading=\"lazy\" class=\"alignnone size-medium wp-image-37789\" src=\"https:\/\/arantv.az\/wp-content\/uploads\/2019\/02\/729651_08.jpg\" alt=\"\" width=\"250\" height=\"174\" \/><img loading=\"lazy\" class=\"alignnone size-full wp-image-37790\" src=\"https:\/\/arantv.az\/wp-content\/uploads\/2019\/02\/729651_07.jpg\" alt=\"\" width=\"250\" height=\"159\" \/> <img loading=\"lazy\" class=\"alignnone size-medium wp-image-37791\" src=\"https:\/\/arantv.az\/wp-content\/uploads\/2019\/02\/729651_05.jpg\" alt=\"\" width=\"250\" height=\"188\" \/><\/p>\n","protected":false},"excerpt":{"rendered":"<p>Az\u0259rbaycan Respublikas\u0131n\u0131n Birinci vitse-prezidenti, Heyd\u0259r \u018fliyev Fondunun prezidenti Mehriban \u018fliyeva fevral\u0131n 11-d\u0259 Bak\u0131n\u0131n N\u0259simi rayonundak\u0131 268 n\u00f6mr\u0259li x\u00fcsusi m\u0259kt\u0259bd\u0259 d\u0259 olub, u\u015faqlarla g\u00f6r\u00fc\u015f\u00fcb, \u015fagirdl\u0259rin t\u0259hsili il\u0259 maraqlan\u0131b. ARANTV.AZ az\u0259rtac-a istinad\u0259n bildirir ki, m\u0259kt\u0259bin direktoru Seyf\u0259ddin Mustafayev Birinci vitse-prezident\u0259 m\u0259lumat verdi. Bildirildi ki, t\u0259hsil oca\u011f\u0131 2017-ci il sentyabr\u0131n 11-d\u0259 \u0259sasl\u0131 t\u0259mird\u0259n sonra Prezident \u0130lham \u018fliyevin i\u015ftirak\u0131 il\u0259 istifad\u0259y\u0259 verilib. Qeyd olundu ki, m\u0259kt\u0259bin 23 sinif ota\u011f\u0131 var. T\u0259hsil m\u00fc\u0259ssis\u0259sinin b\u00fct\u00fcn otaqlar\u0131 z\u0259ruri \u0259yani t\u0259dris v\u0259saitl\u0259ri il\u0259 t\u0259chiz olunub. Burada, h\u0259m\u00e7inin informatika ota\u011f\u0131 v\u0259 gimnastika zal\u0131 da \u015fagirdl\u0259rin ixtiyar\u0131na verilib. T\u0259hsil oca\u011f\u0131nda&hellip;<\/p>\n","protected":false},"author":2,"featured_media":37785,"comment_status":"closed","ping_status":"closed","sticky":false,"template":"","format":"standard","meta":{"om_disable_all_campaigns":false,"_monsterinsights_skip_tracking":false,"_monsterinsights_sitenote_active":false,"_monsterinsights_sitenote_note":"","_monsterinsights_sitenote_category":0},"categories":[19],"tags":[],"aioseo_notices":[],"gutentor_comment":0,"rttpg_featured_image_url":{"full":["https:\/\/arantv.az\/wp-content\/uploads\/2019\/02\/729651.jpg",800,600,false],"landscape":["https:\/\/arantv.az\/wp-content\/uploads\/2019\/02\/729651.jpg",800,600,false],"portraits":["https:\/\/arantv.az\/wp-content\/uploads\/2019\/02\/729651.jpg",800,600,false],"thumbnail":["https:\/\/arantv.az\/wp-content\/uploads\/2019\/02\/729651-150x150.jpg",150,150,true],"medium":["https:\/\/arantv.az\/wp-content\/uploads\/2019\/02\/729651-300x225.jpg",300,225,true],"large":["https:\/\/arantv.az\/wp-content\/uploads\/2019\/02\/729651.jpg",640,480,false],"1536x1536":["https:\/\/arantv.az\/wp-content\/uploads\/2019\/02\/729651.jpg",800,600,false],"2048x2048":["https:\/\/arantv.az\/wp-content\/uploads\/2019\/02\/729651.jpg",800,600,false],"post-thumbnail":["https:\/\/arantv.az\/wp-content\/uploads\/2019\/02\/729651-240x172.jpg",240,172,true],"advps-thumb-one":["https:\/\/arantv.az\/wp-content\/uploads\/2019\/02\/729651.jpg",800,600,false]},"rttpg_author":{"display_name":"V\u00fcsal Rafiqo\u011flu","author_link":"https:\/\/arantv.az\/?author=2"},"rttpg_comment":0,"rttpg_category":"<a href=\"https:\/\/arantv.az\/?cat=19\" rel=\"category\">G\u00fcnd\u0259m<\/a>","rttpg_excerpt":"Az\u0259rbaycan Respublikas\u0131n\u0131n Birinci vitse-prezidenti, Heyd\u0259r \u018fliyev Fondunun prezidenti Mehriban \u018fliyeva fevral\u0131n 11-d\u0259 Bak\u0131n\u0131n N\u0259simi rayonundak\u0131 268 n\u00f6mr\u0259li x\u00fcsusi m\u0259kt\u0259bd\u0259 d\u0259 olub, u\u015faqlarla g\u00f6r\u00fc\u015f\u00fcb, \u015fagirdl\u0259rin t\u0259hsili il\u0259 maraqlan\u0131b. ARANTV.AZ az\u0259rtac-a istinad\u0259n bildirir ki, m\u0259kt\u0259bin direktoru Seyf\u0259ddin Mustafayev Birinci vitse-prezident\u0259 m\u0259lumat verdi. Bildirildi ki, t\u0259hsil oca\u011f\u0131 2017-ci il sentyabr\u0131n 11-d\u0259 \u0259sasl\u0131 t\u0259mird\u0259n sonra Prezident \u0130lham \u018fliyevin i\u015ftirak\u0131&hellip;","_links":{"self":[{"href":"https:\/\/arantv.az\/index.php?rest_route=\/wp\/v2\/posts\/37784"}],"collection":[{"href":"https:\/\/arantv.az\/index.php?rest_route=\/wp\/v2\/posts"}],"about":[{"href":"https:\/\/arantv.az\/index.php?rest_route=\/wp\/v2\/types\/post"}],"author":[{"embeddable":true,"href":"https:\/\/arantv.az\/index.php?rest_route=\/wp\/v2\/users\/2"}],"replies":[{"embeddable":true,"href":"https:\/\/arantv.az\/index.php?rest_route=%2Fwp%2Fv2%2Fcomments&post=37784"}],"version-history":[{"count":0,"href":"https:\/\/arantv.az\/index.php?rest_route=\/wp\/v2\/posts\/37784\/revisions"}],"wp:featuredmedia":[{"embeddable":true,"href":"https:\/\/arantv.az\/index.php?rest_route=\/wp\/v2\/media\/37785"}],"wp:attachment":[{"href":"https:\/\/arantv.az\/index.php?rest_route=%2Fwp%2Fv2%2Fmedia&parent=37784"}],"wp:term":[{"taxonomy":"category","embeddable":true,"href":"https:\/\/arantv.az\/index.php?rest_route=%2Fwp%2Fv2%2Fcategories&post=37784"},{"taxonomy":"post_tag","embeddable":true,"href":"https:\/\/arantv.az\/index.php?rest_route=%2Fwp%2Fv2%2Ftags&post=37784"}],"curies":[{"name":"wp","href":"https:\/\/api.w.org\/{rel}","templated":true}]}}