{"id":37793,"date":"2019-02-11T15:49:40","date_gmt":"2019-02-11T12:49:40","guid":{"rendered":"http:\/\/arantv.az\/?p=37793"},"modified":"2019-02-11T15:49:40","modified_gmt":"2019-02-11T12:49:40","slug":"xin-baki-2019-cu-ild%c9%99-erm%c9%99ni-qosunlarinin-isgal-olunmus-%c9%99razil%c9%99rd%c9%99n-cixarilmasi-m%c9%99s%c9%99l%c9%99sind%c9%99-ir%c9%99lil%c9%99yis%c9%99-umid-edir","status":"publish","type":"post","link":"https:\/\/arantv.az\/?p=37793","title":{"rendered":"X\u0130N: Bak\u0131 2019-cu ild\u0259 erm\u0259ni qo\u015funlar\u0131n\u0131n i\u015f\u011fal olunmu\u015f \u0259razil\u0259rd\u0259n \u00e7\u0131xar\u0131lmas\u0131 m\u0259s\u0259l\u0259sind\u0259 ir\u0259lil\u0259yi\u015f\u0259 \u00fcmid edir"},"content":{"rendered":"<p>&#8220;Az\u0259rbaycan 2019-cu ild\u0259 erm\u0259ni qo\u015funlar\u0131n\u0131n i\u015f\u011fal olunmu\u015f \u0259razil\u0259rd\u0259n \u00e7\u0131xar\u0131lmas\u0131 m\u0259s\u0259l\u0259sind\u0259 ir\u0259lil\u0259yi\u015f\u0259 \u00fcmid edir&#8221;.<\/p>\n<p><strong>ARANTV.AZ<\/strong> trend-\u0259 istinad\u0259n x\u0259b\u0259r verir ki, bunu &#8220;The Korea Times&#8221; q\u0259zetin\u0259 m\u00fcsahib\u0259sind\u0259 xarici i\u015fl\u0259r naziri Elmar M\u0259mm\u0259dyarov deyib.<\/p>\n<p>E.M\u0259mm\u0259dyarov bildirib ki, Erm\u0259nistan-Az\u0259rbaycan Da\u011fl\u0131q Qaraba\u011f m\u00fcnaqi\u015f\u0259si il\u0259 ba\u011fl\u0131 Az\u0259rbaycan\u0131n m\u00f6vqeyi d\u0259f\u0259l\u0259rl\u0259 b\u00fct\u00fcn platformalarda \u0259n y\u00fcks\u0259k s\u0259viyy\u0259d\u0259 s\u0259sl\u0259ndirilib:<\/p>\n<p>&#8220;M\u00fcnaqi\u015f\u0259 Az\u0259rbaycan\u0131n suverenliyi v\u0259 \u0259razi b\u00fct\u00f6vl\u00fcy\u00fc \u0259sas\u0131nda, beyn\u0259lxalq s\u0259viyy\u0259d\u0259 tan\u0131nm\u0131\u015f s\u0259rh\u0259dl\u0259r \u00e7\u0259r\u00e7iv\u0259sind\u0259 h\u0259ll olunmal\u0131d\u0131r. Nizamlanman\u0131n h\u00fcquqi \u0259sas\u0131na g\u0259ldikd\u0259 xat\u0131rlatmaq laz\u0131md\u0131r ki, bununla ba\u011fl\u0131 BMT-nin 1993-c\u00fc ild\u0259 q\u0259bul olunmu\u015f 4 q\u0259tnam\u0259si, dig\u0259r beyn\u0259lxalq t\u0259\u015fkilatlar\u0131n, o c\u00fcml\u0259d\u0259n AT\u018fT, \u0130slam \u018fm\u0259kda\u015fl\u0131q T\u0259\u015fkilat\u0131, Qo\u015fulmama H\u0259r\u0259kat\u0131, NATO, Avropa Parlamenti v\u0259 dig\u0259r t\u0259\u015fkilatlar\u0131n q\u0259rar v\u0259 q\u0259tnam\u0259l\u0259ri m\u00f6vcuddur&#8221;.<\/p>\n<p>Nazirin s\u00f6zl\u0259rin\u0259 g\u00f6r\u0259, t\u0259\u0259ss\u00fcf ki, uzun ill\u0259r apar\u0131lm\u0131\u015f dan\u0131\u015f\u0131qlar he\u00e7 bir n\u0259tic\u0259 verm\u0259yib:<\/p>\n<p>&#8220;Amma Erm\u0259nistanda bir m\u00fcdd\u0259t \u0259vv\u0259l ba\u015f vermi\u015f hadis\u0259l\u0259r, Az\u0259rbaycan Prezidenti il\u0259 Erm\u0259nistan\u0131n ba\u015f naziri aras\u0131nda s\u00f6hb\u0259tl\u0259r, el\u0259c\u0259 d\u0259 erm\u0259ni h\u0259mkar\u0131mla d\u00f6rd g\u00f6r\u00fc\u015f\u00fcm dan\u0131\u015f\u0131qlar prosesinin ir\u0259lil\u0259m\u0259si \u00fc\u00e7\u00fcn m\u00fc\u0259yy\u0259n \u0259saslar yarad\u0131b&#8221;.<\/p>\n<p>E.M\u0259mm\u0259dyarov vur\u011fulay\u0131b ki, Az\u0259rbaycan dan\u0131\u015f\u0131qlar xatirin\u0259 dan\u0131\u015f\u0131qlar\u0131n yox, ciddi n\u0259tic\u0259l\u0259rin t\u0259r\u0259fdar\u0131d\u0131r v\u0259 bu, \u00f6lk\u0259nin prinsipial m\u00f6vqeyidir:<\/p>\n<p>&#8220;\u00dcmid edirik ki, bu il erm\u0259ni qo\u015funlar\u0131n\u0131n Az\u0259rbaycan\u0131n i\u015f\u011fal olunmu\u015f \u0259razil\u0259rind\u0259n \u00e7\u0131xar\u0131lmas\u0131 v\u0259 iki \u00f6lk\u0259 aras\u0131nda m\u00fcnasib\u0259tl\u0259rin normalla\u015fmas\u0131 bax\u0131m\u0131ndan m\u00fc\u0259yy\u0259n ir\u0259lil\u0259yi\u015f \u0259ld\u0259 olunacaq. M\u00fcnaqi\u015f\u0259nin nizamlanmas\u0131nda ir\u0259lil\u0259yi\u015f, b\u00fct\u00fcn regionda s\u00fclh, t\u0259hl\u00fck\u0259sizlik v\u0259 sabitlik \u00fc\u00e7\u00fcn \u015f\u0259raitin yarad\u0131lmas\u0131 ilk n\u00f6vb\u0259d\u0259 Erm\u0259nistan\u0131n \u00f6z\u00fcn\u00fcn iqtisadi inki\u015faf\u0131 \u00fc\u00e7\u00fcn imkanlar yarad\u0131r&#8221;.<\/p>\n<p>Nazir \u0259lav\u0259 edib ki, Az\u0259rbaycan m\u00fcxt\u0259lif etnik qruplara m\u0259nsub v\u0259t\u0259nda\u015flar\u0131n\u0131n t\u0259hl\u00fck\u0259sizliyini t\u0259min etdiyi kimi, beyn\u0259lxalq \u00f6hd\u0259likl\u0259r\u0259 uy\u011fun olaraq bunu Da\u011fl\u0131q Qaraba\u011fda erm\u0259ni \u0259silli v\u0259t\u0259nda\u015flar\u0131 bar\u0259sind\u0259 d\u0259 etm\u0259y\u0259 v\u0259 onlara Az\u0259rbaycan\u0131n beyn\u0259lxalq s\u0259viyy\u0259d\u0259 tan\u0131nm\u0131\u015f s\u0259rh\u0259dl\u0259ri daxilind\u0259 \u0259n y\u00fcks\u0259k s\u0259viyy\u0259d\u0259 \u00f6z\u00fcn\u00fcidar\u0259 h\u00fcququ verm\u0259y\u0259 haz\u0131rd\u0131r.<\/p>\n","protected":false},"excerpt":{"rendered":"<p>&#8220;Az\u0259rbaycan 2019-cu ild\u0259 erm\u0259ni qo\u015funlar\u0131n\u0131n i\u015f\u011fal olunmu\u015f \u0259razil\u0259rd\u0259n \u00e7\u0131xar\u0131lmas\u0131 m\u0259s\u0259l\u0259sind\u0259 ir\u0259lil\u0259yi\u015f\u0259 \u00fcmid edir&#8221;. ARANTV.AZ trend-\u0259 istinad\u0259n x\u0259b\u0259r verir ki, bunu &#8220;The Korea Times&#8221; q\u0259zetin\u0259 m\u00fcsahib\u0259sind\u0259 xarici i\u015fl\u0259r naziri Elmar M\u0259mm\u0259dyarov deyib. E.M\u0259mm\u0259dyarov bildirib ki, Erm\u0259nistan-Az\u0259rbaycan Da\u011fl\u0131q Qaraba\u011f m\u00fcnaqi\u015f\u0259si il\u0259 ba\u011fl\u0131 Az\u0259rbaycan\u0131n m\u00f6vqeyi d\u0259f\u0259l\u0259rl\u0259 b\u00fct\u00fcn platformalarda \u0259n y\u00fcks\u0259k s\u0259viyy\u0259d\u0259 s\u0259sl\u0259ndirilib: &#8220;M\u00fcnaqi\u015f\u0259 Az\u0259rbaycan\u0131n suverenliyi v\u0259 \u0259razi b\u00fct\u00f6vl\u00fcy\u00fc \u0259sas\u0131nda, beyn\u0259lxalq s\u0259viyy\u0259d\u0259 tan\u0131nm\u0131\u015f s\u0259rh\u0259dl\u0259r \u00e7\u0259r\u00e7iv\u0259sind\u0259 h\u0259ll olunmal\u0131d\u0131r. Nizamlanman\u0131n h\u00fcquqi \u0259sas\u0131na g\u0259ldikd\u0259 xat\u0131rlatmaq laz\u0131md\u0131r ki, bununla ba\u011fl\u0131 BMT-nin 1993-c\u00fc ild\u0259 q\u0259bul olunmu\u015f 4 q\u0259tnam\u0259si, dig\u0259r beyn\u0259lxalq t\u0259\u015fkilatlar\u0131n, o c\u00fcml\u0259d\u0259n AT\u018fT, \u0130slam \u018fm\u0259kda\u015fl\u0131q T\u0259\u015fkilat\u0131, Qo\u015fulmama H\u0259r\u0259kat\u0131,&hellip;<\/p>\n","protected":false},"author":2,"featured_media":37794,"comment_status":"closed","ping_status":"closed","sticky":false,"template":"","format":"standard","meta":{"om_disable_all_campaigns":false,"_monsterinsights_skip_tracking":false,"_monsterinsights_sitenote_active":false,"_monsterinsights_sitenote_note":"","_monsterinsights_sitenote_category":0},"categories":[4],"tags":[],"aioseo_notices":[],"gutentor_comment":0,"rttpg_featured_image_url":{"full":["https:\/\/arantv.az\/wp-content\/uploads\/2019\/02\/elmar_2837576.jpg",800,600,false],"landscape":["https:\/\/arantv.az\/wp-content\/uploads\/2019\/02\/elmar_2837576.jpg",800,600,false],"portraits":["https:\/\/arantv.az\/wp-content\/uploads\/2019\/02\/elmar_2837576.jpg",800,600,false],"thumbnail":["https:\/\/arantv.az\/wp-content\/uploads\/2019\/02\/elmar_2837576-150x150.jpg",150,150,true],"medium":["https:\/\/arantv.az\/wp-content\/uploads\/2019\/02\/elmar_2837576-300x225.jpg",300,225,true],"large":["https:\/\/arantv.az\/wp-content\/uploads\/2019\/02\/elmar_2837576.jpg",640,480,false],"1536x1536":["https:\/\/arantv.az\/wp-content\/uploads\/2019\/02\/elmar_2837576.jpg",800,600,false],"2048x2048":["https:\/\/arantv.az\/wp-content\/uploads\/2019\/02\/elmar_2837576.jpg",800,600,false],"post-thumbnail":["https:\/\/arantv.az\/wp-content\/uploads\/2019\/02\/elmar_2837576-240x172.jpg",240,172,true],"advps-thumb-one":["https:\/\/arantv.az\/wp-content\/uploads\/2019\/02\/elmar_2837576.jpg",800,600,false]},"rttpg_author":{"display_name":"V\u00fcsal Rafiqo\u011flu","author_link":"https:\/\/arantv.az\/?author=2"},"rttpg_comment":0,"rttpg_category":"<a href=\"https:\/\/arantv.az\/?cat=4\" rel=\"category\">Siyas\u0259t<\/a>","rttpg_excerpt":"&#8220;Az\u0259rbaycan 2019-cu ild\u0259 erm\u0259ni qo\u015funlar\u0131n\u0131n i\u015f\u011fal olunmu\u015f \u0259razil\u0259rd\u0259n \u00e7\u0131xar\u0131lmas\u0131 m\u0259s\u0259l\u0259sind\u0259 ir\u0259lil\u0259yi\u015f\u0259 \u00fcmid edir&#8221;. ARANTV.AZ trend-\u0259 istinad\u0259n x\u0259b\u0259r verir ki, bunu &#8220;The Korea Times&#8221; q\u0259zetin\u0259 m\u00fcsahib\u0259sind\u0259 xarici i\u015fl\u0259r naziri Elmar M\u0259mm\u0259dyarov deyib. E.M\u0259mm\u0259dyarov bildirib ki, Erm\u0259nistan-Az\u0259rbaycan Da\u011fl\u0131q Qaraba\u011f m\u00fcnaqi\u015f\u0259si il\u0259 ba\u011fl\u0131 Az\u0259rbaycan\u0131n m\u00f6vqeyi d\u0259f\u0259l\u0259rl\u0259 b\u00fct\u00fcn platformalarda \u0259n y\u00fcks\u0259k s\u0259viyy\u0259d\u0259 s\u0259sl\u0259ndirilib: &#8220;M\u00fcnaqi\u015f\u0259 Az\u0259rbaycan\u0131n suverenliyi v\u0259 \u0259razi b\u00fct\u00f6vl\u00fcy\u00fc&hellip;","_links":{"self":[{"href":"https:\/\/arantv.az\/index.php?rest_route=\/wp\/v2\/posts\/37793"}],"collection":[{"href":"https:\/\/arantv.az\/index.php?rest_route=\/wp\/v2\/posts"}],"about":[{"href":"https:\/\/arantv.az\/index.php?rest_route=\/wp\/v2\/types\/post"}],"author":[{"embeddable":true,"href":"https:\/\/arantv.az\/index.php?rest_route=\/wp\/v2\/users\/2"}],"replies":[{"embeddable":true,"href":"https:\/\/arantv.az\/index.php?rest_route=%2Fwp%2Fv2%2Fcomments&post=37793"}],"version-history":[{"count":0,"href":"https:\/\/arantv.az\/index.php?rest_route=\/wp\/v2\/posts\/37793\/revisions"}],"wp:featuredmedia":[{"embeddable":true,"href":"https:\/\/arantv.az\/index.php?rest_route=\/wp\/v2\/media\/37794"}],"wp:attachment":[{"href":"https:\/\/arantv.az\/index.php?rest_route=%2Fwp%2Fv2%2Fmedia&parent=37793"}],"wp:term":[{"taxonomy":"category","embeddable":true,"href":"https:\/\/arantv.az\/index.php?rest_route=%2Fwp%2Fv2%2Fcategories&post=37793"},{"taxonomy":"post_tag","embeddable":true,"href":"https:\/\/arantv.az\/index.php?rest_route=%2Fwp%2Fv2%2Ftags&post=37793"}],"curies":[{"name":"wp","href":"https:\/\/api.w.org\/{rel}","templated":true}]}}