{"id":37796,"date":"2019-02-11T15:51:00","date_gmt":"2019-02-11T12:51:00","guid":{"rendered":"http:\/\/arantv.az\/?p=37796"},"modified":"2019-02-11T15:51:00","modified_gmt":"2019-02-11T12:51:00","slug":"isd%c9%99n-cixarilan-general-yenid%c9%99n-musavir-oldu","status":"publish","type":"post","link":"https:\/\/arantv.az\/?p=37796","title":{"rendered":"\u0130\u015fd\u0259n \u00e7\u0131xar\u0131lan general yenid\u0259n m\u00fc\u015favir oldu"},"content":{"rendered":"<p><strong>Vergil\u0259r nazirinin sabiq m\u00fc\u015faviri, vergi general\u0131 Habil M\u0259mm\u0259dov yeni\u00a0v\u0259zif\u0259y\u0259 t\u0259yinat al\u0131b.\u00a0<\/strong><\/p>\n<p><strong>ARANTV.AZ\u00a0<\/strong> unikal.org-a istinad\u0259n x\u0259b\u0259r verir ki, H.M\u0259mm\u0259dov Himay\u0259\u00e7ilik \u015euras\u0131n\u0131n q\u0259rar\u0131 il\u0259 \u018fman\u0259tl\u0259rin S\u0131\u011fortalanmas\u0131 Fondunun icra\u00e7\u0131 direktorunun m\u00fc\u015faviri v\u0259zif\u0259sin\u0259 t\u0259yin edilib.<\/p>\n<p>X\u0259b\u0259ri sayta \u018fman\u0259tl\u0259rin S\u0131\u011fortalanmas\u0131\u00a0Fondundan t\u0259sdiql\u0259yibl\u0259r.<\/p>\n<div id=\"AdributorNativeVideo0\" class=\"AdributorNativeVideo\"><\/div>\n<p>Qeyd ed\u0259k ki, haz\u0131rda \u018fman\u0259tl\u0259rin S\u0131\u011fortalanmas\u0131 Fondunun icra\u00e7\u0131 direktoru v\u0259zif\u0259sini m\u00fcv\u0259qq\u0259ti V\u00fcqar Rafik o\u011flu Abdullayev icra edir.<\/p>\n<p>Xat\u0131rladaq ki,\u00a0 M\u0259mm\u0259dov Habil Amil o\u011flu bundan \u0259vv\u0259l sabiq vergil\u0259r naziri Fazil M\u0259mm\u0259dovun b\u00fcdc\u0259 proqnozlar\u0131n\u0131n icras\u0131 \u00fczr\u0259 m\u00fc\u015faviri v\u0259zif\u0259sind\u0259 \u00e7al\u0131\u015f\u0131b. Daha sonra vergil\u0259r naziri Mikay\u0131l Cabbarovun \u0259mri il\u0259 v\u0259zif\u0259sind\u0259n k\u0259narla\u015fd\u0131r\u0131lm\u0131\u015fd\u0131.<\/p>\n","protected":false},"excerpt":{"rendered":"<p>Vergil\u0259r nazirinin sabiq m\u00fc\u015faviri, vergi general\u0131 Habil M\u0259mm\u0259dov yeni\u00a0v\u0259zif\u0259y\u0259 t\u0259yinat al\u0131b.\u00a0 ARANTV.AZ\u00a0 unikal.org-a istinad\u0259n x\u0259b\u0259r verir ki, H.M\u0259mm\u0259dov Himay\u0259\u00e7ilik \u015euras\u0131n\u0131n q\u0259rar\u0131 il\u0259 \u018fman\u0259tl\u0259rin S\u0131\u011fortalanmas\u0131 Fondunun icra\u00e7\u0131 direktorunun m\u00fc\u015faviri v\u0259zif\u0259sin\u0259 t\u0259yin edilib. X\u0259b\u0259ri sayta \u018fman\u0259tl\u0259rin S\u0131\u011fortalanmas\u0131\u00a0Fondundan t\u0259sdiql\u0259yibl\u0259r. Qeyd ed\u0259k ki, haz\u0131rda \u018fman\u0259tl\u0259rin S\u0131\u011fortalanmas\u0131 Fondunun icra\u00e7\u0131 direktoru v\u0259zif\u0259sini m\u00fcv\u0259qq\u0259ti V\u00fcqar Rafik o\u011flu Abdullayev icra edir. Xat\u0131rladaq ki,\u00a0 M\u0259mm\u0259dov Habil Amil o\u011flu bundan \u0259vv\u0259l sabiq vergil\u0259r naziri Fazil M\u0259mm\u0259dovun b\u00fcdc\u0259 proqnozlar\u0131n\u0131n icras\u0131 \u00fczr\u0259 m\u00fc\u015faviri v\u0259zif\u0259sind\u0259 \u00e7al\u0131\u015f\u0131b. Daha sonra vergil\u0259r naziri Mikay\u0131l Cabbarovun \u0259mri il\u0259 v\u0259zif\u0259sind\u0259n k\u0259narla\u015fd\u0131r\u0131lm\u0131\u015fd\u0131.<\/p>\n","protected":false},"author":2,"featured_media":37797,"comment_status":"closed","ping_status":"closed","sticky":false,"template":"","format":"standard","meta":{"om_disable_all_campaigns":false,"_monsterinsights_skip_tracking":false,"_monsterinsights_sitenote_active":false,"_monsterinsights_sitenote_note":"","_monsterinsights_sitenote_category":0},"categories":[1],"tags":[],"aioseo_notices":[],"gutentor_comment":0,"rttpg_featured_image_url":{"full":["https:\/\/arantv.az\/wp-content\/uploads\/2019\/02\/729620.jpg",637,400,false],"landscape":["https:\/\/arantv.az\/wp-content\/uploads\/2019\/02\/729620.jpg",637,400,false],"portraits":["https:\/\/arantv.az\/wp-content\/uploads\/2019\/02\/729620.jpg",637,400,false],"thumbnail":["https:\/\/arantv.az\/wp-content\/uploads\/2019\/02\/729620-150x150.jpg",150,150,true],"medium":["https:\/\/arantv.az\/wp-content\/uploads\/2019\/02\/729620-300x188.jpg",300,188,true],"large":["https:\/\/arantv.az\/wp-content\/uploads\/2019\/02\/729620.jpg",637,400,false],"1536x1536":["https:\/\/arantv.az\/wp-content\/uploads\/2019\/02\/729620.jpg",637,400,false],"2048x2048":["https:\/\/arantv.az\/wp-content\/uploads\/2019\/02\/729620.jpg",637,400,false],"post-thumbnail":["https:\/\/arantv.az\/wp-content\/uploads\/2019\/02\/729620-240x172.jpg",240,172,true],"advps-thumb-one":["https:\/\/arantv.az\/wp-content\/uploads\/2019\/02\/729620.jpg",637,400,false]},"rttpg_author":{"display_name":"V\u00fcsal Rafiqo\u011flu","author_link":"https:\/\/arantv.az\/?author=2"},"rttpg_comment":0,"rttpg_category":"<a href=\"https:\/\/arantv.az\/?cat=1\" rel=\"category\">C\u0259miyy\u0259t<\/a>","rttpg_excerpt":"Vergil\u0259r nazirinin sabiq m\u00fc\u015faviri, vergi general\u0131 Habil M\u0259mm\u0259dov yeni\u00a0v\u0259zif\u0259y\u0259 t\u0259yinat al\u0131b.\u00a0 ARANTV.AZ\u00a0 unikal.org-a istinad\u0259n x\u0259b\u0259r verir ki, H.M\u0259mm\u0259dov Himay\u0259\u00e7ilik \u015euras\u0131n\u0131n q\u0259rar\u0131 il\u0259 \u018fman\u0259tl\u0259rin S\u0131\u011fortalanmas\u0131 Fondunun icra\u00e7\u0131 direktorunun m\u00fc\u015faviri v\u0259zif\u0259sin\u0259 t\u0259yin edilib. X\u0259b\u0259ri sayta \u018fman\u0259tl\u0259rin S\u0131\u011fortalanmas\u0131\u00a0Fondundan t\u0259sdiql\u0259yibl\u0259r. Qeyd ed\u0259k ki, haz\u0131rda \u018fman\u0259tl\u0259rin S\u0131\u011fortalanmas\u0131 Fondunun icra\u00e7\u0131 direktoru v\u0259zif\u0259sini m\u00fcv\u0259qq\u0259ti V\u00fcqar Rafik o\u011flu Abdullayev icra edir. Xat\u0131rladaq ki,\u00a0&hellip;","_links":{"self":[{"href":"https:\/\/arantv.az\/index.php?rest_route=\/wp\/v2\/posts\/37796"}],"collection":[{"href":"https:\/\/arantv.az\/index.php?rest_route=\/wp\/v2\/posts"}],"about":[{"href":"https:\/\/arantv.az\/index.php?rest_route=\/wp\/v2\/types\/post"}],"author":[{"embeddable":true,"href":"https:\/\/arantv.az\/index.php?rest_route=\/wp\/v2\/users\/2"}],"replies":[{"embeddable":true,"href":"https:\/\/arantv.az\/index.php?rest_route=%2Fwp%2Fv2%2Fcomments&post=37796"}],"version-history":[{"count":0,"href":"https:\/\/arantv.az\/index.php?rest_route=\/wp\/v2\/posts\/37796\/revisions"}],"wp:featuredmedia":[{"embeddable":true,"href":"https:\/\/arantv.az\/index.php?rest_route=\/wp\/v2\/media\/37797"}],"wp:attachment":[{"href":"https:\/\/arantv.az\/index.php?rest_route=%2Fwp%2Fv2%2Fmedia&parent=37796"}],"wp:term":[{"taxonomy":"category","embeddable":true,"href":"https:\/\/arantv.az\/index.php?rest_route=%2Fwp%2Fv2%2Fcategories&post=37796"},{"taxonomy":"post_tag","embeddable":true,"href":"https:\/\/arantv.az\/index.php?rest_route=%2Fwp%2Fv2%2Ftags&post=37796"}],"curies":[{"name":"wp","href":"https:\/\/api.w.org\/{rel}","templated":true}]}}