{"id":37799,"date":"2019-02-11T15:52:24","date_gmt":"2019-02-11T12:52:24","guid":{"rendered":"http:\/\/arantv.az\/?p=37799"},"modified":"2019-02-11T15:52:24","modified_gmt":"2019-02-11T12:52:24","slug":"az%c9%99rbaycanin-birinci-vitse-prezidenti-mehriban-%c9%99liyeva-bakidaki-1-nomr%c9%99li-korp%c9%99l%c9%99r-evinin-sakinl%c9%99ri-il%c9%99-gorusub-foto","status":"publish","type":"post","link":"https:\/\/arantv.az\/?p=37799","title":{"rendered":"Az\u0259rbaycan\u0131n Birinci vitse-prezidenti Mehriban \u018fliyeva Bak\u0131dak\u0131 1 n\u00f6mr\u0259li k\u00f6rp\u0259l\u0259r evinin sakinl\u0259ri il\u0259 g\u00f6r\u00fc\u015f\u00fcb &#8211; FOTO"},"content":{"rendered":"<p>Az\u0259rbaycan Respublikas\u0131n\u0131n Birinci vitse-prezidenti Mehriban \u018fliyeva fevral\u0131n 11-d\u0259 Bak\u0131n\u0131n N\u0259simi rayonundak\u0131 1 n\u00f6mr\u0259li k\u00f6rp\u0259l\u0259r evind\u0259 olub.<\/p>\n<p><strong>ARANTV.AZ<\/strong> AZ\u018fRTAC-a istinad\u0259n bildirir ki, k\u00f6rp\u0259l\u0259r evinin ba\u015f h\u0259kimi \u0259v\u0259zi Simuz\u0259r Top\u00e7uba\u015fova Birinci vitse-prezident\u0259 m\u0259lumat verib. Bildirilib ki, haz\u0131rda burada 3 ya\u015fad\u0259k 13 u\u015faq var.<\/p>\n<p>Birinci vitse-prezident Mehriban \u018fliyeva valideyn himay\u0259sind\u0259n m\u0259hrum olan u\u015faqlara daim diqq\u0259tl\u0259 yana\u015f\u0131r, onlar\u0131n g\u0259l\u0259c\u0259kd\u0259 fiziki v\u0259 m\u0259n\u0259vi c\u0259h\u0259td\u0259n sa\u011flam, d\u00fcnyag\u00f6r\u00fc\u015fl\u00fc, bilikli, savadl\u0131 yeti\u015fm\u0259si \u00fc\u00e7\u00fcn m\u00fch\u00fcm layih\u0259l\u0259r\u0259 imza at\u0131r. Heyd\u0259r \u018fliyev Fondunun prezidentinin N\u0259simi rayonundak\u0131 k\u00f6rp\u0259l\u0259r evini n\u00f6vb\u0259ti d\u0259f\u0259 ziyar\u0259t etm\u0259si Mehriban xan\u0131m \u018fliyevan\u0131n buran\u0131n sakinl\u0259rin\u0259 n\u0259 d\u0259r\u0259c\u0259d\u0259 h\u0259ssasl\u0131qla yana\u015fd\u0131\u011f\u0131n\u0131, onlarla m\u00fct\u0259madi olaraq maraqland\u0131\u011f\u0131n\u0131 bir daha n\u00fcmayi\u015f etdirir. Mehriban xan\u0131m \u018fliyevan\u0131n r\u0259hb\u0259rlik etdiyi Heyd\u0259r \u018fliyev Fondunun f\u0259aliyy\u0259tind\u0259 yeni k\u00f6rp\u0259l\u0259r evi, u\u015faq ba\u011f\u00e7alar\u0131n\u0131n in\u015fas\u0131, m\u00f6vcud olanlar\u0131n is\u0259 yenid\u0259n qurulmas\u0131 \u0259sas yer tutur. B\u00fct\u00fcn bunlar s\u00fcbut edir ki, Fond g\u0259l\u0259c\u0259yimiz olan u\u015faqlar\u0131n t\u0259lim-t\u0259rbiy\u0259sinin \u0259n y\u00fcks\u0259k s\u0259viyy\u0259d\u0259 t\u0259\u015fkili istiqam\u0259tind\u0259 Az\u0259rbaycan d\u00f6vl\u0259tinin h\u0259yata ke\u00e7irdiyi siyas\u0259t\u0259 m\u00fch\u00fcm t\u00f6hf\u0259l\u0259r verir. Heyd\u0259r \u018fliyev Fondu valideyn himay\u0259sind\u0259n m\u0259hrum olan u\u015faqlar\u0131n sosial m\u0259s\u0259l\u0259l\u0259rinin h\u0259lli, sa\u011flaml\u0131\u011f\u0131n\u0131n qorunmas\u0131, bu h\u0259ssas qrupa daxil olanlar\u0131n v\u0259t\u0259np\u0259rv\u0259r, savadl\u0131 \u015f\u0259xsiyy\u0259t kimi yeti\u015fm\u0259si istiqam\u0259tind\u0259 indiy\u0259d\u0259k bir \u00e7ox vacib layih\u0259l\u0259r icra edib.<\/p>\n<p>Qeyd ed\u0259k ki, 1930-cu ild\u0259 tikil\u0259n bu bina uzun ill\u0259r t\u0259mir edilm\u0259diyin\u0259 g\u00f6r\u0259 yarars\u0131z hala d\u00fc\u015fm\u00fc\u015fd\u00fc. Heyd\u0259r \u018fliyev Fondunun t\u0259\u015f\u0259bb\u00fcs\u00fc il\u0259 k\u00f6rp\u0259l\u0259r evind\u0259 ilk d\u0259f\u0259 2005-ci ild\u0259, daha sonra 2014-c\u00fc ild\u0259 \u0259sasl\u0131 t\u0259mir v\u0259 yenid\u0259nqurma i\u015fl\u0259ri apar\u0131l\u0131b. 2015-ci il may\u0131n 10-da Fondun prezidenti Mehriban \u018fliyevan\u0131n i\u015ftirak\u0131 il\u0259 k\u00f6rp\u0259l\u0259r evinin a\u00e7\u0131l\u0131\u015f\u0131 olub. Binadak\u0131 yataq, tibbi m\u00fcayin\u0259, laboratoriya, fiziki t\u0259rbiy\u0259 otaqlar\u0131 z\u0259ruri avadanl\u0131q v\u0259 inventarla t\u0259chiz edilib.<\/p>\n<p>K\u00f6rp\u0259l\u0259r evinin sakinl\u0259rin\u0259 Heyd\u0259r \u018fliyev Fondunun h\u0259diyy\u0259l\u0259ri t\u0259qdim edildi.<\/p>\n<p><img loading=\"lazy\" class=\"alignnone size-full wp-image-37800\" src=\"https:\/\/arantv.az\/wp-content\/uploads\/2019\/02\/729645_03.jpg\" alt=\"\" width=\"250\" height=\"199\" \/> <img loading=\"lazy\" class=\"alignnone size-medium wp-image-37801\" src=\"https:\/\/arantv.az\/wp-content\/uploads\/2019\/02\/729645_06-300x215.jpg\" alt=\"\" width=\"300\" height=\"215\" \/><\/p>\n<p><img loading=\"lazy\" class=\"alignnone size-full wp-image-37802\" src=\"https:\/\/arantv.az\/wp-content\/uploads\/2019\/02\/729645_04.jpg\" alt=\"\" width=\"250\" height=\"188\" \/> <img loading=\"lazy\" class=\"alignnone size-medium wp-image-37803\" src=\"https:\/\/arantv.az\/wp-content\/uploads\/2019\/02\/729645_01.jpg\" alt=\"\" width=\"250\" height=\"226\" \/><\/p>\n<p><img loading=\"lazy\" class=\"alignnone size-full wp-image-37804\" src=\"https:\/\/arantv.az\/wp-content\/uploads\/2019\/02\/729645_07.jpg\" alt=\"\" width=\"250\" height=\"203\" \/> <img loading=\"lazy\" class=\"alignnone size-medium wp-image-37805\" src=\"https:\/\/arantv.az\/wp-content\/uploads\/2019\/02\/729645_02.jpg\" alt=\"\" width=\"250\" height=\"167\" \/><\/p>\n","protected":false},"excerpt":{"rendered":"<p>Az\u0259rbaycan Respublikas\u0131n\u0131n Birinci vitse-prezidenti Mehriban \u018fliyeva fevral\u0131n 11-d\u0259 Bak\u0131n\u0131n N\u0259simi rayonundak\u0131 1 n\u00f6mr\u0259li k\u00f6rp\u0259l\u0259r evind\u0259 olub. ARANTV.AZ AZ\u018fRTAC-a istinad\u0259n bildirir ki, k\u00f6rp\u0259l\u0259r evinin ba\u015f h\u0259kimi \u0259v\u0259zi Simuz\u0259r Top\u00e7uba\u015fova Birinci vitse-prezident\u0259 m\u0259lumat verib. Bildirilib ki, haz\u0131rda burada 3 ya\u015fad\u0259k 13 u\u015faq var. Birinci vitse-prezident Mehriban \u018fliyeva valideyn himay\u0259sind\u0259n m\u0259hrum olan u\u015faqlara daim diqq\u0259tl\u0259 yana\u015f\u0131r, onlar\u0131n g\u0259l\u0259c\u0259kd\u0259 fiziki v\u0259 m\u0259n\u0259vi c\u0259h\u0259td\u0259n sa\u011flam, d\u00fcnyag\u00f6r\u00fc\u015fl\u00fc, bilikli, savadl\u0131 yeti\u015fm\u0259si \u00fc\u00e7\u00fcn m\u00fch\u00fcm layih\u0259l\u0259r\u0259 imza at\u0131r. Heyd\u0259r \u018fliyev Fondunun prezidentinin N\u0259simi rayonundak\u0131 k\u00f6rp\u0259l\u0259r evini n\u00f6vb\u0259ti d\u0259f\u0259 ziyar\u0259t etm\u0259si Mehriban xan\u0131m \u018fliyevan\u0131n buran\u0131n sakinl\u0259rin\u0259 n\u0259 d\u0259r\u0259c\u0259d\u0259 h\u0259ssasl\u0131qla yana\u015fd\u0131\u011f\u0131n\u0131,&hellip;<\/p>\n","protected":false},"author":2,"featured_media":37801,"comment_status":"closed","ping_status":"closed","sticky":false,"template":"","format":"standard","meta":{"om_disable_all_campaigns":false,"_monsterinsights_skip_tracking":false,"_monsterinsights_sitenote_active":false,"_monsterinsights_sitenote_note":"","_monsterinsights_sitenote_category":0},"categories":[19],"tags":[],"aioseo_notices":[],"gutentor_comment":0,"rttpg_featured_image_url":{"full":["https:\/\/arantv.az\/wp-content\/uploads\/2019\/02\/729645_06.jpg",933,669,false],"landscape":["https:\/\/arantv.az\/wp-content\/uploads\/2019\/02\/729645_06.jpg",933,669,false],"portraits":["https:\/\/arantv.az\/wp-content\/uploads\/2019\/02\/729645_06.jpg",933,669,false],"thumbnail":["https:\/\/arantv.az\/wp-content\/uploads\/2019\/02\/729645_06-150x150.jpg",150,150,true],"medium":["https:\/\/arantv.az\/wp-content\/uploads\/2019\/02\/729645_06-300x215.jpg",300,215,true],"large":["https:\/\/arantv.az\/wp-content\/uploads\/2019\/02\/729645_06.jpg",640,459,false],"1536x1536":["https:\/\/arantv.az\/wp-content\/uploads\/2019\/02\/729645_06.jpg",933,669,false],"2048x2048":["https:\/\/arantv.az\/wp-content\/uploads\/2019\/02\/729645_06.jpg",933,669,false],"post-thumbnail":["https:\/\/arantv.az\/wp-content\/uploads\/2019\/02\/729645_06-240x172.jpg",240,172,true],"advps-thumb-one":["https:\/\/arantv.az\/wp-content\/uploads\/2019\/02\/729645_06-933x620.jpg",933,620,true]},"rttpg_author":{"display_name":"V\u00fcsal Rafiqo\u011flu","author_link":"https:\/\/arantv.az\/?author=2"},"rttpg_comment":0,"rttpg_category":"<a href=\"https:\/\/arantv.az\/?cat=19\" rel=\"category\">G\u00fcnd\u0259m<\/a>","rttpg_excerpt":"Az\u0259rbaycan Respublikas\u0131n\u0131n Birinci vitse-prezidenti Mehriban \u018fliyeva fevral\u0131n 11-d\u0259 Bak\u0131n\u0131n N\u0259simi rayonundak\u0131 1 n\u00f6mr\u0259li k\u00f6rp\u0259l\u0259r evind\u0259 olub. ARANTV.AZ AZ\u018fRTAC-a istinad\u0259n bildirir ki, k\u00f6rp\u0259l\u0259r evinin ba\u015f h\u0259kimi \u0259v\u0259zi Simuz\u0259r Top\u00e7uba\u015fova Birinci vitse-prezident\u0259 m\u0259lumat verib. Bildirilib ki, haz\u0131rda burada 3 ya\u015fad\u0259k 13 u\u015faq var. Birinci vitse-prezident Mehriban \u018fliyeva valideyn himay\u0259sind\u0259n m\u0259hrum olan u\u015faqlara daim diqq\u0259tl\u0259 yana\u015f\u0131r, onlar\u0131n g\u0259l\u0259c\u0259kd\u0259&hellip;","_links":{"self":[{"href":"https:\/\/arantv.az\/index.php?rest_route=\/wp\/v2\/posts\/37799"}],"collection":[{"href":"https:\/\/arantv.az\/index.php?rest_route=\/wp\/v2\/posts"}],"about":[{"href":"https:\/\/arantv.az\/index.php?rest_route=\/wp\/v2\/types\/post"}],"author":[{"embeddable":true,"href":"https:\/\/arantv.az\/index.php?rest_route=\/wp\/v2\/users\/2"}],"replies":[{"embeddable":true,"href":"https:\/\/arantv.az\/index.php?rest_route=%2Fwp%2Fv2%2Fcomments&post=37799"}],"version-history":[{"count":0,"href":"https:\/\/arantv.az\/index.php?rest_route=\/wp\/v2\/posts\/37799\/revisions"}],"wp:featuredmedia":[{"embeddable":true,"href":"https:\/\/arantv.az\/index.php?rest_route=\/wp\/v2\/media\/37801"}],"wp:attachment":[{"href":"https:\/\/arantv.az\/index.php?rest_route=%2Fwp%2Fv2%2Fmedia&parent=37799"}],"wp:term":[{"taxonomy":"category","embeddable":true,"href":"https:\/\/arantv.az\/index.php?rest_route=%2Fwp%2Fv2%2Fcategories&post=37799"},{"taxonomy":"post_tag","embeddable":true,"href":"https:\/\/arantv.az\/index.php?rest_route=%2Fwp%2Fv2%2Ftags&post=37799"}],"curies":[{"name":"wp","href":"https:\/\/api.w.org\/{rel}","templated":true}]}}