{"id":37807,"date":"2019-02-11T15:54:59","date_gmt":"2019-02-11T12:54:59","guid":{"rendered":"http:\/\/arantv.az\/?p=37807"},"modified":"2019-02-11T15:54:59","modified_gmt":"2019-02-11T12:54:59","slug":"mill%c9%99t-v%c9%99kili-gileyl%c9%99ndi-feysbukda-dostuq-bir-d%c9%99f%c9%99-telefonda-danismisam","status":"publish","type":"post","link":"https:\/\/arantv.az\/?p=37807","title":{"rendered":"Mill\u0259t v\u0259kili gileyl\u0259ndi &#8211; &#8220;Feysbuk&#8221;da dostuq, bir d\u0259f\u0259 telefonda dan\u0131\u015fm\u0131\u015fam&#8230;"},"content":{"rendered":"<p><em><strong>&#8220;Z\u0259ng ed\u0259nd\u0259 ad\u0131n\u0131z\u0131 v\u0259 xahi\u015finizi deyin&#8221;<\/strong><\/em><\/p>\n<p><strong>ARANTV.AZ<\/strong> x\u0259b\u0259r verir ki, Milli M\u0259clisin komit\u0259 s\u0259drinin m\u00fcavini, YAP \u0130cra Katibliyinin \u015f\u00f6b\u0259 m\u00fcdiri\u00a0<strong>Ayd\u0131n Mirz\u0259zad\u0259<\/strong>\u00a0&#8220;facebook&#8221; sosial \u015f\u0259b\u0259k\u0259si vasit\u0259sil\u0259 ona z\u0259ng ed\u0259nl\u0259r\u0259 m\u00fcraci\u0259t edib.<\/p>\n<p>Mill\u0259t v\u0259kili g\u00fcn \u0259rzind\u0259 onunla telefonda \u00fcnsiyy\u0259td\u0259 oldu\u011fu b\u0259zi \u015f\u0259xsl\u0259rin \u00f6zl\u0259rini t\u0259qdim etm\u0259m\u0259sind\u0259n gileyl\u0259nib:<\/p>\n<p>&#8220;Bir qayda olaraq z\u0259ng etdiyim adama ilk n\u00f6vb\u0259d\u0259 \u00f6z ad\u0131m\u0131, soyad\u0131m\u0131 v\u0259 v\u0259zif\u0259mi deyir\u0259m. Tez-tez dan\u0131\u015fd\u0131\u011f\u0131m v\u0259 telefon n\u00f6mr\u0259mi yadda\u015fa yazd\u0131\u011f\u0131na \u0259min oldu\u011fum insanlar istisna olmaqla. Ancaq b\u0259z\u0259n m\u0259n\u0259 z\u0259ng g\u0259lir v\u0259 bel\u0259 dialoq gedir:<\/p>\n<p>&#8211; Salam, Ayd\u0131n m\u00fc\u0259llim.<\/p>\n<p>&#8211; Salam, e\u015fidir\u0259m, buyurun.<\/p>\n<p>&#8211; Dey\u0259s\u0259n, m\u0259ni tan\u0131mad\u0131n\u0131z?<\/p>\n<p>&#8211; Ad\u0131n\u0131z\u0131 deyin tan\u0131yaram.<\/p>\n<p>&#8211; Sizinl\u0259 &#8220;feysbuk&#8221;da dostuq, bir d\u0259f\u0259 sizinl\u0259 telefonda dan\u0131\u015fm\u0131\u015fam, bir d\u0259f\u0259 is\u0259 t\u0259dbird\u0259 g\u00f6r\u00fc\u015fm\u00fc\u015f\u00fck.<\/p>\n<p>&#8211; Ad\u0131n\u0131z\u0131 deyin, m\u0259n sizi e\u015fidir\u0259m.<\/p>\n<div id=\"AdributorNativeVideo0\" class=\"AdributorNativeVideo\"><\/div>\n<p>&#8211; Yox, dey\u0259s\u0259n, m\u0259ni tan\u0131mad\u0131n\u0131z.<\/p>\n<p>&#8211; M\u0259n sizi e\u015fidir\u0259m.<\/p>\n<p>&#8211; Ax\u0131 sizinl\u0259 telefonla bir d\u0259f\u0259 dan\u0131\u015fm\u0131\u015f\u0131q, do\u011frudanm\u0131 m\u0259nim ad\u0131m\u0131 yadda\u015fa yazmay\u0131bs\u0131n\u0131z ?<\/p>\n<p>&#8211; M\u0259n sizi e\u015fidir\u0259m, probleminizi v\u0259 ya xahi\u015finizi deyin.<\/p>\n<p>&#8211; Do\u011frudan tan\u0131mad\u0131n\u0131z ?<\/p>\n<p>\u018fziz dostlar\u0131m. Bel\u0259 dialoqlar vaxta\u015f\u0131r\u0131 ba\u015f verir. M\u0259nim &#8220;feysbuk&#8221;da 5 min dostum var v\u0259 onlar\u0131n t\u0259rkibi vaxta\u015f\u0131r\u0131 d\u0259yi\u015fir. G\u00fcn \u0259rzind\u0259 m\u0259n\u0259 az\u0131 40-50 z\u0259ng g\u0259lir v\u0259 onlar\u0131n \u0259ks\u0259rtiyy\u0259ti m\u0259n\u0259 ya birinci d\u0259f\u0259, ya da az-az z\u0259ng ed\u0259nl\u0259rdir. \u00c7ox sayda i\u015ftirak etdiyim t\u0259dbirl\u0259rd\u0259 is\u0259 onlarla insanlarla s\u00f6hb\u0259t edir\u0259m.<\/p>\n<p>Ona g\u00f6r\u0259 d\u0259 xahi\u015f edir\u0259m, z\u0259ng ed\u0259nd\u0259 birba\u015fa ad\u0131n\u0131z\u0131 v\u0259 xahi\u015finizi deyin!&#8221;.<\/p>\n<p>Qeyd ed\u0259k ki, Ayd\u0131n Mirz\u0259zad\u0259 ictimai-siyasi f\u0259aliyy\u0259ti il\u0259 yana\u015f\u0131 &#8220;Facebook&#8221; sosial \u015f\u0259b\u0259k\u0259sind\u0259 d\u0259 \u0259n f\u0259al deputatlardan biridir. O, eyni zamanda imkan daxilind\u0259 media m\u0259nsublar\u0131n\u0131n da suallar\u0131n\u0131 tez-tez cavabland\u0131ran, \u00f6lk\u0259d\u0259 v\u0259 Az\u0259rbaycanla ba\u011fl\u0131 ba\u015f ver\u0259n ictimai-siyasi v\u0259 dig\u0259r m\u0259s\u0259l\u0259l\u0259r\u0259 m\u00fct\u0259madi olaraq m\u00fcnasib\u0259tini bildir\u0259n v\u0259 onlar\u0131 \u0259trafl\u0131 \u015f\u0259rh ed\u0259n \u015f\u0259xsl\u0259rd\u0259ndir.milli.az<\/p>\n","protected":false},"excerpt":{"rendered":"<p>&#8220;Z\u0259ng ed\u0259nd\u0259 ad\u0131n\u0131z\u0131 v\u0259 xahi\u015finizi deyin&#8221; ARANTV.AZ x\u0259b\u0259r verir ki, Milli M\u0259clisin komit\u0259 s\u0259drinin m\u00fcavini, YAP \u0130cra Katibliyinin \u015f\u00f6b\u0259 m\u00fcdiri\u00a0Ayd\u0131n Mirz\u0259zad\u0259\u00a0&#8220;facebook&#8221; sosial \u015f\u0259b\u0259k\u0259si vasit\u0259sil\u0259 ona z\u0259ng ed\u0259nl\u0259r\u0259 m\u00fcraci\u0259t edib. Mill\u0259t v\u0259kili g\u00fcn \u0259rzind\u0259 onunla telefonda \u00fcnsiyy\u0259td\u0259 oldu\u011fu b\u0259zi \u015f\u0259xsl\u0259rin \u00f6zl\u0259rini t\u0259qdim etm\u0259m\u0259sind\u0259n gileyl\u0259nib: &#8220;Bir qayda olaraq z\u0259ng etdiyim adama ilk n\u00f6vb\u0259d\u0259 \u00f6z ad\u0131m\u0131, soyad\u0131m\u0131 v\u0259 v\u0259zif\u0259mi deyir\u0259m. Tez-tez dan\u0131\u015fd\u0131\u011f\u0131m v\u0259 telefon n\u00f6mr\u0259mi yadda\u015fa yazd\u0131\u011f\u0131na \u0259min oldu\u011fum insanlar istisna olmaqla. Ancaq b\u0259z\u0259n m\u0259n\u0259 z\u0259ng g\u0259lir v\u0259 bel\u0259 dialoq gedir: &#8211; Salam, Ayd\u0131n m\u00fc\u0259llim. &#8211; Salam, e\u015fidir\u0259m, buyurun. &#8211; Dey\u0259s\u0259n, m\u0259ni tan\u0131mad\u0131n\u0131z?&hellip;<\/p>\n","protected":false},"author":2,"featured_media":37808,"comment_status":"closed","ping_status":"closed","sticky":false,"template":"","format":"standard","meta":{"om_disable_all_campaigns":false,"_monsterinsights_skip_tracking":false,"_monsterinsights_sitenote_active":false,"_monsterinsights_sitenote_note":"","_monsterinsights_sitenote_category":0},"categories":[1],"tags":[],"aioseo_notices":[],"gutentor_comment":0,"rttpg_featured_image_url":{"full":["https:\/\/arantv.az\/wp-content\/uploads\/2019\/02\/aydin_mirzezade_1.jpg",800,600,false],"landscape":["https:\/\/arantv.az\/wp-content\/uploads\/2019\/02\/aydin_mirzezade_1.jpg",800,600,false],"portraits":["https:\/\/arantv.az\/wp-content\/uploads\/2019\/02\/aydin_mirzezade_1.jpg",800,600,false],"thumbnail":["https:\/\/arantv.az\/wp-content\/uploads\/2019\/02\/aydin_mirzezade_1-150x150.jpg",150,150,true],"medium":["https:\/\/arantv.az\/wp-content\/uploads\/2019\/02\/aydin_mirzezade_1-300x225.jpg",300,225,true],"large":["https:\/\/arantv.az\/wp-content\/uploads\/2019\/02\/aydin_mirzezade_1.jpg",640,480,false],"1536x1536":["https:\/\/arantv.az\/wp-content\/uploads\/2019\/02\/aydin_mirzezade_1.jpg",800,600,false],"2048x2048":["https:\/\/arantv.az\/wp-content\/uploads\/2019\/02\/aydin_mirzezade_1.jpg",800,600,false],"post-thumbnail":["https:\/\/arantv.az\/wp-content\/uploads\/2019\/02\/aydin_mirzezade_1-240x172.jpg",240,172,true],"advps-thumb-one":["https:\/\/arantv.az\/wp-content\/uploads\/2019\/02\/aydin_mirzezade_1.jpg",800,600,false]},"rttpg_author":{"display_name":"V\u00fcsal Rafiqo\u011flu","author_link":"https:\/\/arantv.az\/?author=2"},"rttpg_comment":0,"rttpg_category":"<a href=\"https:\/\/arantv.az\/?cat=1\" rel=\"category\">C\u0259miyy\u0259t<\/a>","rttpg_excerpt":"&#8220;Z\u0259ng ed\u0259nd\u0259 ad\u0131n\u0131z\u0131 v\u0259 xahi\u015finizi deyin&#8221; ARANTV.AZ x\u0259b\u0259r verir ki, Milli M\u0259clisin komit\u0259 s\u0259drinin m\u00fcavini, YAP \u0130cra Katibliyinin \u015f\u00f6b\u0259 m\u00fcdiri\u00a0Ayd\u0131n Mirz\u0259zad\u0259\u00a0&#8220;facebook&#8221; sosial \u015f\u0259b\u0259k\u0259si vasit\u0259sil\u0259 ona z\u0259ng ed\u0259nl\u0259r\u0259 m\u00fcraci\u0259t edib. Mill\u0259t v\u0259kili g\u00fcn \u0259rzind\u0259 onunla telefonda \u00fcnsiyy\u0259td\u0259 oldu\u011fu b\u0259zi \u015f\u0259xsl\u0259rin \u00f6zl\u0259rini t\u0259qdim etm\u0259m\u0259sind\u0259n gileyl\u0259nib: &#8220;Bir qayda olaraq z\u0259ng etdiyim adama ilk n\u00f6vb\u0259d\u0259 \u00f6z ad\u0131m\u0131, soyad\u0131m\u0131 v\u0259&hellip;","_links":{"self":[{"href":"https:\/\/arantv.az\/index.php?rest_route=\/wp\/v2\/posts\/37807"}],"collection":[{"href":"https:\/\/arantv.az\/index.php?rest_route=\/wp\/v2\/posts"}],"about":[{"href":"https:\/\/arantv.az\/index.php?rest_route=\/wp\/v2\/types\/post"}],"author":[{"embeddable":true,"href":"https:\/\/arantv.az\/index.php?rest_route=\/wp\/v2\/users\/2"}],"replies":[{"embeddable":true,"href":"https:\/\/arantv.az\/index.php?rest_route=%2Fwp%2Fv2%2Fcomments&post=37807"}],"version-history":[{"count":0,"href":"https:\/\/arantv.az\/index.php?rest_route=\/wp\/v2\/posts\/37807\/revisions"}],"wp:featuredmedia":[{"embeddable":true,"href":"https:\/\/arantv.az\/index.php?rest_route=\/wp\/v2\/media\/37808"}],"wp:attachment":[{"href":"https:\/\/arantv.az\/index.php?rest_route=%2Fwp%2Fv2%2Fmedia&parent=37807"}],"wp:term":[{"taxonomy":"category","embeddable":true,"href":"https:\/\/arantv.az\/index.php?rest_route=%2Fwp%2Fv2%2Fcategories&post=37807"},{"taxonomy":"post_tag","embeddable":true,"href":"https:\/\/arantv.az\/index.php?rest_route=%2Fwp%2Fv2%2Ftags&post=37807"}],"curies":[{"name":"wp","href":"https:\/\/api.w.org\/{rel}","templated":true}]}}