{"id":37810,"date":"2019-02-11T16:00:02","date_gmt":"2019-02-11T13:00:02","guid":{"rendered":"http:\/\/arantv.az\/?p=37810"},"modified":"2019-02-11T16:00:02","modified_gmt":"2019-02-11T13:00:02","slug":"c%c9%99nubi-qafqazin-geosiyasi-arxitekturasi-lider-az%c9%99rbaycan-v%c9%99-t%c9%99crid-olunmus-erm%c9%99nistan","status":"publish","type":"post","link":"https:\/\/arantv.az\/?p=37810","title":{"rendered":"C\u0259nubi Qafqaz\u0131n geosiyasi arxitekturas\u0131: lider Az\u0259rbaycan v\u0259 t\u0259crid olunmu\u015f Erm\u0259nistan"},"content":{"rendered":"<p><em><strong>ARANTV.AZ bildirir ki,\u00a0<a href=\"http:\/\/newtimes.az\/\" target=\"_blank\" rel=\"noopener\">Newtimes.az<\/a>\u00a0analitik m\u0259qal\u0259 il\u0259 \u00e7\u0131x\u0131\u015f edib. M\u0259qal\u0259ni oxucular\u0131m\u0131za t\u0259qdim edirik:<\/strong><\/em><\/p>\n<p>Son g\u00fcnl\u0259r Erm\u0259nistan m\u0259tbuat\u0131nda N.Pa\u015finyan hakimiyy\u0259tinin siyas\u0259tini t\u0259nqid ed\u0259n yaz\u0131lar\u0131n say\u0131 art\u0131b. Ekspertl\u0259r r\u0259smi \u0130r\u0259van\u0131n s\u0259ri\u015ft\u0259siz xarici siyas\u0259t yeritdiyind\u0259n daha a\u00e7\u0131q b\u0259hs edir, ba\u015f nazir N.Pa\u015finyan\u0131n xalqla qeyri-s\u0259mimi davrand\u0131\u011f\u0131 bar\u0259d\u0259 yaz\u0131rlar. Konkret olaraq erm\u0259ni ictimaiyy\u0259tinin Da\u011fl\u0131q Qaraba\u011fla ba\u011fl\u0131 dan\u0131\u015f\u0131qlarda n\u0259l\u0259rin m\u00fczakir\u0259 edildiyind\u0259n x\u0259b\u0259rdar olmad\u0131\u011f\u0131 haqq\u0131nda informasiyalar yay\u0131l\u0131r. Hakimiyy\u0259t n\u00fcmay\u0259nd\u0259l\u0259rinin bunlar\u0131 gizl\u0259tm\u0259sinin s\u0259b\u0259bini anlama\u011fa \u00e7al\u0131\u015f\u0131rlar. Burada maraql\u0131 olan \u00f6z\u00fcn\u00fc xalq\u0131n i\u00e7ind\u0259n \u00e7\u0131xm\u0131\u015f siyas\u0259t\u00e7i hesab ed\u0259n v\u0259 bu \u015f\u00fcar alt\u0131nda hakimiyy\u0259t\u0259 yiy\u0259l\u0259n\u0259n N.Pa\u015finyan\u0131n reall\u0131\u011f\u0131 xalqdan gizl\u0259tm\u0259sidir. Ayd\u0131n g\u00f6r\u00fcn\u00fcr ki, ba\u015f nazir v\u0259 komandas\u0131 \u00f6z c\u0259miyy\u0259ti il\u0259 s\u0259mimi olma\u011f\u0131 bacarm\u0131r. S\u0259b\u0259b n\u0259dir? Bu sual\u0131n t\u0259hlili \u00fcz\u0259rind\u0259 bir q\u0259d\u0259r geni\u015f dayanma\u011fa ehtiyac g\u00f6r\u00fcr\u00fck.<\/p>\n<p><strong>Dalana aparan yol: Davosdan sonrak\u0131 gizlinl\u0259r<\/strong><\/p>\n<p>Az\u0259rbaycan Prezidenti \u0130lham \u018fliyevl\u0259 Erm\u0259nistan\u0131n ba\u015f naziri Nikol Pa\u015finyan\u0131n Davos g\u00f6r\u00fc\u015f\u00fc erm\u0259ni t\u0259r\u0259fi \u00fc\u00e7\u00fcn bir kabusa d\u00f6n\u00fcb. Onlar n\u0259l\u0259rin m\u00fczakir\u0259 olundu\u011fu bar\u0259d\u0259 t\u0259la\u015fla b\u0259hs edirl\u0259r. Erm\u0259ni ekspertl\u0259r hesab edirl\u0259r ki, N.Pa\u015finyan hans\u0131sa m\u0259qamlar\u0131 ictimaiyy\u0259td\u0259n gizl\u0259dir. Buna s\u0259b\u0259b ba\u015f nazirin \u00f6z\u00fcn\u00fcn m\u00fc\u0259mmal\u0131 fikirl\u0259r s\u00f6yl\u0259m\u0259sidir. \u00c7\u00fcnki Davosdan birba\u015fa Moskvaya ged\u0259n N.Pa\u015finyan\u0131 Rusiya Prezidenti Vladimir Putin q\u0259bul etm\u0259yib. Ba\u015f nazir Dmitri Medvedevl\u0259 g\u00f6r\u00fc\u015f\u0259n erm\u0259ni h\u00f6kum\u0259tinin r\u0259hb\u0259ri yen\u0259 d\u0259 konkret he\u00e7 n\u0259 ifad\u0259 ed\u0259 bilm\u0259yib. Jurnalistl\u0259r\u0259 is\u0259 b\u0259yan edib ki, \u0130lham \u018fliyevl\u0259 Davosda &#8220;\u0259lb\u0259tt\u0259, Qaraba\u011f m\u00fcnaqi\u015f\u0259si haqq\u0131nda dan\u0131\u015fd\u0131q. Faktiki olaraq bu, r\u0259smi m\u00fczakir\u0259 deyildi, qeyri-r\u0259smi \u00fcnsiyy\u0259t idi&#8221; (bax: \u041d\u0438\u043a\u043e\u043b \u041f\u0430\u0448\u0438\u043d\u044f\u043d \u043e \u0432\u0441\u0442\u0440\u0435\u0447\u0435 \u0441 \u0418\u043b\u044c\u0445\u0430\u043c\u043e\u043c \u0410\u043b\u0438\u0435\u0432\u044b\u043c \/ Lragir.am, 25 yanvar 2019).<\/p>\n<p>Da\u011fl\u0131q Qaraba\u011f \u0259traf\u0131nda Az\u0259rbaycan\u0131n i\u015f\u011fal olunmu\u015f \u0259razil\u0259rinin qaytar\u0131lmas\u0131 il\u0259 ba\u011fl\u0131 veril\u0259n suala is\u0259 onun cavab\u0131 bel\u0259 olub ki, &#8220;Arsax\u0131 (Da\u011fl\u0131q Qaraba\u011f n\u0259z\u0259rd\u0259 tutulur &#8211; red.) t\u0259msil etmir v\u0259 ancaq Erm\u0259nistan\u0131n ad\u0131ndan dan\u0131\u015fa bil\u0259r&#8221; (bax: \u0259vv\u0259lki m\u0259nb\u0259y\u0259). Ekspertl\u0259r bu cavab\u0131 N.Pa\u015finyan\u0131n sualdan yay\u0131nmas\u0131 v\u0259 ba\u015f aldatmas\u0131 kimi qiym\u0259tl\u0259ndiribl\u0259r. Maraql\u0131d\u0131r ki, h\u0259tta erm\u0259nip\u0259r\u0259st rusiyal\u0131 ekspertl\u0259r Davos g\u00f6r\u00fc\u015f\u00fcnd\u0259n sonra N.Pa\u015finyana &#8220;s\u00f6z h\u00fccumu&#8221; edibl\u0259r. Stanislav Tarasov daha ir\u0259li ged\u0259r\u0259k iddia edib ki, yazda Erm\u0259nistanla Az\u0259rbaycan aras\u0131nda sazi\u015f imzalanacaq, erm\u0259nil\u0259r yeddi rayonu Az\u0259rbaycana qaytaracaq v\u0259 \u0259v\u0259zind\u0259 T\u00fcrkiy\u0259 parlamenti m\u0259lum protokollar\u0131 t\u0259sdiql\u0259y\u0259c\u0259kki, bununla da kommunikasiya x\u0259tl\u0259ri a\u00e7\u0131lacaq.<\/p>\n<p>B\u00fct\u00fcn bunlara N.Pa\u015finyan\u0131n RBK telekanal\u0131na verdiyi m\u00fcsahib\u0259d\u0259 &#8220;Biz Erm\u0259nistandan ke\u00e7\u0259n tranzit neft-qaz layih\u0259l\u0259rind\u0259 \u00e7ox maraql\u0131y\u0131q&#8221; dem\u0259si \u0259lav\u0259 olunub. Bunu ekspertl\u0259r erm\u0259ni ba\u015f nazirin dolay\u0131 etiraf\u0131 kimi qiym\u0259tl\u0259ndiribl\u0259r. Bel\u0259 ki, N.Pa\u015finyan t\u0259\u0259ss\u00fcfl\u0259 Erm\u0259nistandan \u0259n ki\u00e7ik boru x\u0259ttinin bel\u0259 ke\u00e7m\u0259diyini boynuna al\u0131r. \u0130ndi is\u0259 Rusiyaya, \u0130rana v\u0259 Avropa \u0130ttifaq\u0131 \u00f6lk\u0259l\u0259rin\u0259 yalvar\u0131r ki, Erm\u0259nistandan &#8220;hans\u0131sa tranzit boru x\u0259tti in\u015fa edilsin v\u0259 hans\u0131sa A n\u00f6qt\u0259sind\u0259n B n\u00f6qt\u0259sin\u0259 qaz v\u0259 ya neft n\u0259ql edilsin&#8221;. Bu halda t\u0259bii ki, bel\u0259 bir sual meydana g\u0259lir: &#8220;indiy\u0259 q\u0259d\u0259r Erm\u0259nistandan bel\u0259 bir boru x\u0259tti niy\u0259 ke\u00e7m\u0259yib?&#8221;<\/p>\n<p>Bunun cavab\u0131 ayd\u0131nd\u0131r: \u00e7\u00fcnki Az\u0259rbaycan\u0131n \u0259razisinin 20 faizini Erm\u0259nistan m\u0259hz havadarlar\u0131n\u0131n k\u00f6m\u0259yi il\u0259 i\u015f\u011fal edib v\u0259 h\u0259min torpaqlardan \u00e7\u0131xmaqdan boyun qa\u00e7\u0131r\u0131r. Dem\u0259li, dolay\u0131s\u0131 il\u0259 N.Pa\u015finyan Erm\u0259nistan\u0131n xarici siyas\u0259tinin reall\u0131\u011fa \u0259saslanmad\u0131\u011f\u0131n\u0131 etiraf edib. H\u0259tta bir s\u0131ra erm\u0259ni ekspertl\u0259r bunu a\u00e7\u0131q dem\u0259y\u0259 ba\u015flay\u0131blar. M\u0259s\u0259l\u0259n, Hrant M\u0259lik-\u015eahnazaryan &#8220;\u0130rates&#8221; q\u0259zetin\u0259 m\u00fcsahib\u0259sind\u0259 bu bar\u0259d\u0259 konkret fikirl\u0259r s\u00f6yl\u0259yib. O deyib ki, Erm\u0259nistan\u0131n &#8220;xarici siyas\u0259ti tamamil\u0259 iflasa u\u011fray\u0131b&#8221; (bax: &#8220;\u0418\u0440\u0430\u0442\u0435\u0441&#8221;: \u0412\u043d\u0435\u0448\u043d\u044f\u044f \u043f\u043e\u043b\u0438\u0442\u0438\u043a\u0430 \u043f\u043e\u043b\u043d\u043e\u0441\u0442\u044c\u044e \u043f\u043e\u0442\u0435\u0440\u043f\u0435\u043b\u0430 \u043a\u0440\u0430\u0445 &#8211; \u0413\u0440\u0430\u043d\u0442 \u041c\u0435\u043b\u0438\u043a-\u0428\u0430\u0445\u043d\u0430\u0437\u0430\u0440\u044f\u043d \/ Tert.am, 1 fevral 2019).<\/p>\n<p>Bel\u0259 m\u00f6vqed\u0259 olan ekspertl\u0259r az deyil. Onlar hesab edirl\u0259r ki, Da\u011fl\u0131q Qaraba\u011fla ba\u011fl\u0131 apar\u0131lan dan\u0131\u015f\u0131qlar\u0131n m\u0259zmununu N.Pa\u015finyan gizl\u0259dir. Bu da Erm\u0259nistan v\u0259t\u0259nda\u015flar\u0131nda v\u0259 Xank\u0259ndind\u0259 separat\u00e7\u0131-terror\u00e7u k\u00fctl\u0259d\u0259 t\u0259la\u015f yarad\u0131r. Onlar n\u0259 ba\u015f verdiyini anlaya bilmirl\u0259r. \u0130nformasiyalar\u0131n kasadl\u0131\u011f\u0131 &#8220;m\u00fcxt\u0259lif b\u0259dbin hipotezl\u0259r\u0259 \u0259sas yarad\u0131r&#8221; (bax: \u0259vv\u0259lki m\u0259nb\u0259y\u0259). Da\u011fl\u0131q Qaraba\u011fdak\u0131 separat\u00e7\u0131-terror\u00e7u y\u0131\u011f\u0131na\u011f\u0131n da dan\u0131\u015f\u0131qlarda n\u0259l\u0259rin m\u00fczakir\u0259 olundu\u011fundan x\u0259b\u0259rsiz olmas\u0131 bar\u0259d\u0259 m\u0259lumat verm\u0259si bu t\u0259\u0259ss\u00fcrat\u0131 daha da g\u00fccl\u0259ndirib (bax: \u0259vv\u0259lki m\u0259nb\u0259y\u0259). O c\u00fcml\u0259d\u0259n baz nazirl\u0259 xarici i\u015fl\u0259r nazirinin dedikl\u0259ri bir-biril\u0259 ziddiyy\u0259t t\u0259\u015fkil edir. Xarici i\u015fl\u0259r naziri Az\u0259rbaycan t\u0259r\u0259fi il\u0259 Da\u011fl\u0131q Qaraba\u011f m\u00fcnaqi\u015f\u0259sinin nizamlanmas\u0131 il\u0259 \u0259laq\u0259dar tam formatl\u0131 dan\u0131\u015f\u0131qlar apard\u0131\u011f\u0131n\u0131 deyirs\u0259, ba\u015f nazir &#8220;ancaq Erm\u0259nistan\u0131 t\u0259msil edir\u0259m&#8221; s\u00f6yl\u0259yir, y\u0259ni \u00f6z\u00fcn\u00fc k\u0259narda tutma\u011fa \u00e7al\u0131\u015f\u0131r. Bunun fonunda Davosda \u0130lham \u018fliyevl\u0259 dan\u0131\u015f\u0131qlara can at\u0131r. Bu ziddiyy\u0259tin s\u0259b\u0259bi n\u0259dir? Erm\u0259ni ekspert sual\u0131n cavab\u0131n\u0131 bilmir.<\/p>\n<p><strong>\u0130ki f\u0259rqli r\u0259hb\u0259r: Bak\u0131n\u0131n u\u011furlar\u0131, \u0130r\u0259van\u0131n iflas\u0131 fonunda<\/strong><\/p>\n<p>Sonra ifad\u0259 edilir ki, N.Pa\u015finyan 1 ildir ki, AB\u015e-\u0131n r\u0259hb\u0259rliyi il\u0259 g\u00f6r\u00fc\u015f\u0259 bilmir. Lakin Prezident Donald Tramp \u0130lham \u018fliyev\u0259 bir ne\u00e7\u0259 d\u0259f\u0259 m\u0259ktub yaz\u0131b, Con Bolton da h\u0259m g\u00f6r\u00fc\u015f\u00fcb, h\u0259m d\u0259 yanvar\u0131n 29-da Az\u0259rbaycan Prezidentin\u0259 z\u0259ng edib. Erm\u0259ni ekspert bununla \u0259laq\u0259dar sual edir: N.Pa\u015finyanla \u00fcnsiyy\u0259t\u0259 h\u0259v\u0259sli olmayan Va\u015finqton \u0130lham \u018fliyev\u0259 z\u0259ng etm\u0259kl\u0259 hans\u0131 m\u0259qs\u0259di ortaya qoyur? M\u0259s\u0259l\u0259 ondan ibar\u0259tdir ki, C.Bolton s\u00f6hb\u0259t zaman\u0131 qar\u015f\u0131l\u0131ql\u0131 maraq do\u011furan bir s\u0131ra m\u0259s\u0259l\u0259l\u0259ri, o c\u00fcml\u0259d\u0259n enerji t\u0259hl\u00fck\u0259sizliyini, t\u0259hl\u00fck\u0259sizlik sah\u0259sind\u0259 \u0259m\u0259kda\u015fl\u0131\u011f\u0131 v\u0259 Erm\u0259nistan-Az\u0259rbaycan, Da\u011fl\u0131q Qaraba\u011f m\u00fcnaqi\u015f\u0259si il\u0259 ba\u011fl\u0131 dan\u0131\u015f\u0131qlar prosesini Az\u0259rbaycan\u0131n d\u00f6vl\u0259t ba\u015f\u00e7\u0131s\u0131 il\u0259 m\u00fczakir\u0259 edib.<\/p>\n<p>Dem\u0259li, Amerika t\u0259r\u0259fi \u0259mindir ki, Erm\u0259nistan v\u0259 Az\u0259rbaycan r\u0259hb\u0259rliyi m\u00fcnaqi\u015f\u0259nin h\u0259lli il\u0259 ba\u011fl\u0131 dan\u0131\u015f\u0131qlar apar\u0131rlar. V\u0259 bu prosesd\u0259 Az\u0259rbaycan\u0131n m\u00f6vqeyin\u0259 x\u00fcsusi diqq\u0259t yetirilir, \u00e7\u00fcnki m\u0259hz Az\u0259rbaycan daim s\u00fclh v\u0259 bar\u0131\u015f prinsipi il\u0259 \u00e7\u0131x\u0131\u015f edir, regional \u0259m\u0259kda\u015fl\u0131q \u00fc\u00e7\u00fcn real add\u0131mlar at\u0131r. Bel\u0259 oldu\u011fu halda, N.Pa\u015finyan\u0131n da enerji mar\u015frutlar\u0131ndan dan\u0131\u015fmas\u0131 n\u0259yi ifad\u0259 edir?<\/p>\n<p>B\u00fct\u00fcn bunlardan H.M\u0259lik-\u015eahnazaryan bel\u0259 q\u0259na\u0259t\u0259 g\u0259lir ki, Erm\u0259nistan\u0131n xarici siyas\u0259ti dalana dir\u0259nib. Onu art\u0131q n\u0259 Q\u0259rb, n\u0259 Rusiya, n\u0259 d\u0259 \u0130ran ciddi q\u0259bul etmir. Rusiya il\u0259 m\u00fcnasib\u0259tl\u0259rin haz\u0131rk\u0131 v\u0259ziyy\u0259ti m\u0259lumdur. M\u00fc\u015fahid\u0259l\u0259r g\u00f6st\u0259rir ki, AB\u015e v\u0259 Avropa da Erm\u0259nistana ciddi m\u00fcnasib\u0259t g\u00f6st\u0259rmirl\u0259r. \u0130ran haqq\u0131nda da indiki erm\u0259ni iqtidar\u0131n\u0131n y\u00fcks\u0259k v\u0259zif\u0259li \u015f\u0259xsl\u0259ri ziddiyy\u0259tli fikirl\u0259r s\u00f6yl\u0259yirl\u0259r. G\u00f6r\u00fcn\u00fcr, onlar Amerika il\u0259 \u0130ran\u0131n maraqlar\u0131n\u0131 balansla\u015fd\u0131rma\u011fa \u00e7al\u0131\u015f\u0131rlar, lakin bu da qeyri-pe\u015f\u0259kar s\u0259viyy\u0259d\u0259 h\u0259yata ke\u00e7irildiyind\u0259n \u0259ksin\u0259 i\u015fl\u0259yir. Buradan da \u00fcmumilikd\u0259 Erm\u0259nistan\u0131n xarici siyas\u0259tinin tam iflasa u\u011frad\u0131\u011f\u0131 n\u0259tic\u0259sini \u00e7\u0131xar\u0131rlar (bax: \u0259vv\u0259lki m\u0259nb\u0259y\u0259).<\/p>\n<p>Bunlar b\u00fct\u00f6vl\u00fckd\u0259 C\u0259nubi Qafqazda geosiyasi m\u0259nz\u0259r\u0259 bar\u0259d\u0259 t\u0259s\u0259vv\u00fcrl\u0259r \u0259ld\u0259 etm\u0259y\u0259 \u0259sas verir. Ayd\u0131n g\u00f6r\u00fcn\u00fcr ki, Erm\u0259nistan\u0131n siyasi r\u0259hb\u0259rliyi \u00e7ox \u00e7\u0259tin v\u0259 ziddiyy\u0259tli v\u0259ziyy\u0259t\u0259 d\u00fc\u015f\u00fcb. O, atd\u0131\u011f\u0131 add\u0131mlar\u0131 erm\u0259ni c\u0259miyy\u0259tind\u0259n gizl\u0259tm\u0259y\u0259 m\u0259cburdur. S\u0259b\u0259bi ondan ibar\u0259tdir ki, uzun ill\u0259rdir apard\u0131qlar\u0131 t\u0259bli\u011fat\u0131n tamamil\u0259 yalan \u00fcz\u0259rind\u0259 quruldu\u011fu ayd\u0131nla\u015f\u0131r. R\u0259smi \u0130r\u0259van t\u0259crid olundu\u011funu etiraf etm\u0259s\u0259 d\u0259, \u00f6z v\u0259t\u0259nda\u015flar\u0131n\u0131 Az\u0259rbaycan \u0259razisind\u0259 ikinci erm\u0259ni d\u00f6vl\u0259ti qurdu\u011fu il\u0259 \u00e7a\u015fd\u0131rsa da, indi bu manevrl\u0259ri ed\u0259 bilmir. Bunu t\u0259sdiq ed\u0259n \u0259n az\u0131 iki \u0259lam\u0259t m\u00f6vcuddur.<\/p>\n<p>Birincisi, Az\u0259rbaycan b\u00fct\u00fcn sah\u0259l\u0259rd\u0259, o c\u00fcml\u0259d\u0259n ordu quruculu\u011funda Erm\u0259nistandan d\u0259f\u0259l\u0259rl\u0259 ir\u0259lid\u0259 oldu\u011funu \u0259yani g\u00f6st\u0259rib. Bu, h\u0259m yeni silahlarla t\u0259minatda, h\u0259m d\u0259 Aprel v\u0259 Nax\u00e7\u0131van d\u00f6y\u00fc\u015fl\u0259rind\u0259 \u00f6z\u00fcn\u00fc g\u00f6st\u0259rdi. H\u0259r iki d\u00f6y\u00fc\u015fd\u0259 Az\u0259rbaycan Ordusu h\u0259rbi-texniki, strateji v\u0259 taktiki bax\u0131mdan Erm\u0259nistandan xeyli g\u00fccl\u00fc oldu\u011funu s\u00fcbut etdi. A\u00e7\u0131q dem\u0259s\u0259l\u0259r d\u0259, bu m\u0259qam Erm\u0259nistan r\u0259hb\u0259rliyin\u0259 anlatd\u0131 ki, art\u0131q h\u0259rbi g\u00fcc\u0259 arxalanmaq m\u00fcmk\u00fcn deyildir. \u0130st\u0259nil\u0259n anda Az\u0259rbaycan Erm\u0259nistan\u0131 m\u0259hv ed\u0259 bil\u0259r.<\/p>\n<p>\u0130kincisi, Az\u0259rbaycan xarici siyas\u0259td\u0259 o d\u0259r\u0259c\u0259d\u0259 u\u011furludur ki, h\u0259tta Erm\u0259nistanla eyni h\u0259rbi-iqtisadi blokda t\u0259msil olunan d\u00f6vl\u0259tl\u0259r bel\u0259 onu m\u00fcdafi\u0259 edirl\u0259r. Bu bar\u0259d\u0259 erm\u0259ni ekspertl\u0259r d\u0259rin t\u0259\u0259ss\u00fcf hissi il\u0259 dan\u0131\u015f\u0131rlar. Rusiya, Belarus v\u0259 Qazax\u0131stan Az\u0259rbaycan Prezidenti il\u0259 daha \u00e7ox \u00fcnsiyy\u0259td\u0259 olur, onunla \u0259m\u0259kda\u015fl\u0131\u011f\u0131 inki\u015faf etdirirl\u0259r. Bunun fonunda is\u0259 N.Pa\u015finyanla g\u00f6r\u00fc\u015fm\u0259y\u0259 bel\u0259 h\u0259v\u0259sli g\u00f6r\u00fcnm\u00fcrl\u0259r.<\/p>\n<p>Amerika v\u0259 Avropa \u00f6lk\u0259l\u0259ri d\u0259 Az\u0259rbaycanla \u0259m\u0259kda\u015fl\u0131\u011fa \u00e7ox ciddi m\u00fcnasib\u0259t g\u00f6st\u0259rirl\u0259r. Onlar Az\u0259rbaycan\u0131n d\u00fcnyan\u0131n enerji x\u0259rit\u0259sini d\u0259yi\u015fdiyin\u0259 y\u00fcks\u0259k qiym\u0259t verirl\u0259r. N.Pa\u015finyan is\u0259 real he\u00e7 n\u0259 \u0259ld\u0259 ed\u0259 bilmir. Son olaraq o, Almaniyaya s\u0259f\u0259r edib. Lakin hans\u0131 konkret n\u0259tic\u0259y\u0259 nail olub? A\u0130-nin Az\u0259rbaycana qoydu\u011fu s\u0259rmay\u0259l\u0259r d\u0259f\u0259l\u0259r\u0259 \u00e7oxdur.<\/p>\n<p>Bunlardan bel\u0259 \u00e7\u0131x\u0131r ki, C\u0259nubi Qafqazda art\u0131q lider d\u00f6vl\u0259t kimi Az\u0259rbaycan geosiyasi arxitekturan\u0131n yenid\u0259n qurulmas\u0131nda apar\u0131c\u0131 rol oynay\u0131r. Erm\u0259nistan is\u0259 he\u00e7 olmasa m\u00fc\u0259yy\u0259n d\u0259r\u0259c\u0259d\u0259 i\u015ftirak\u00e7\u0131 olma\u011fa c\u0259hdl\u0259r edir. Enerji mar\u015frutlar\u0131ndan r\u0259smi \u0130r\u0259van\u0131n k\u0259d\u0259rl\u0259 b\u0259hs etm\u0259si m\u0259hz bunun \u0259lam\u0259tidir. Lakin Erm\u0259nistan\u0131n bundan sonra da tam k\u0259narda qalmamas\u0131 yaln\u0131z bir \u015f\u0259rtl\u0259 m\u00fcmk\u00fcn ola bil\u0259r: i\u015f\u011fal etdiyi Az\u0259rbaycan \u0259razil\u0259rini qeyd-\u015f\u0259rtsiz t\u0259rk etsin! Ba\u015fqa he\u00e7 bir faktor, h\u0259tta havadarlar\u0131n\u0131n yard\u0131m\u0131 v\u0259 d\u0259st\u0259yi bel\u0259 Erm\u0259nistan\u0131 t\u0259n\u0259zz\u00fcld\u0259n v\u0259 siyasi xaosdan xilas ed\u0259 bilm\u0259y\u0259c\u0259k. Bunu d\u00fcnya ictimaiyy\u0259ti d\u0259rk edir, qal\u0131r Erm\u0259nistan r\u0259hb\u0259rliyi.<\/p>\n","protected":false},"excerpt":{"rendered":"<p>ARANTV.AZ bildirir ki,\u00a0Newtimes.az\u00a0analitik m\u0259qal\u0259 il\u0259 \u00e7\u0131x\u0131\u015f edib. M\u0259qal\u0259ni oxucular\u0131m\u0131za t\u0259qdim edirik: Son g\u00fcnl\u0259r Erm\u0259nistan m\u0259tbuat\u0131nda N.Pa\u015finyan hakimiyy\u0259tinin siyas\u0259tini t\u0259nqid ed\u0259n yaz\u0131lar\u0131n say\u0131 art\u0131b. Ekspertl\u0259r r\u0259smi \u0130r\u0259van\u0131n s\u0259ri\u015ft\u0259siz xarici siyas\u0259t yeritdiyind\u0259n daha a\u00e7\u0131q b\u0259hs edir, ba\u015f nazir N.Pa\u015finyan\u0131n xalqla qeyri-s\u0259mimi davrand\u0131\u011f\u0131 bar\u0259d\u0259 yaz\u0131rlar. Konkret olaraq erm\u0259ni ictimaiyy\u0259tinin Da\u011fl\u0131q Qaraba\u011fla ba\u011fl\u0131 dan\u0131\u015f\u0131qlarda n\u0259l\u0259rin m\u00fczakir\u0259 edildiyind\u0259n x\u0259b\u0259rdar olmad\u0131\u011f\u0131 haqq\u0131nda informasiyalar yay\u0131l\u0131r. Hakimiyy\u0259t n\u00fcmay\u0259nd\u0259l\u0259rinin bunlar\u0131 gizl\u0259tm\u0259sinin s\u0259b\u0259bini anlama\u011fa \u00e7al\u0131\u015f\u0131rlar. Burada maraql\u0131 olan \u00f6z\u00fcn\u00fc xalq\u0131n i\u00e7ind\u0259n \u00e7\u0131xm\u0131\u015f siyas\u0259t\u00e7i hesab ed\u0259n v\u0259 bu \u015f\u00fcar alt\u0131nda hakimiyy\u0259t\u0259 yiy\u0259l\u0259n\u0259n N.Pa\u015finyan\u0131n reall\u0131\u011f\u0131 xalqdan gizl\u0259tm\u0259sidir. Ayd\u0131n g\u00f6r\u00fcn\u00fcr ki, ba\u015f nazir&hellip;<\/p>\n","protected":false},"author":2,"featured_media":37811,"comment_status":"closed","ping_status":"closed","sticky":false,"template":"","format":"standard","meta":{"om_disable_all_campaigns":false,"_monsterinsights_skip_tracking":false,"_monsterinsights_sitenote_active":false,"_monsterinsights_sitenote_note":"","_monsterinsights_sitenote_category":0},"categories":[4],"tags":[],"aioseo_notices":[],"gutentor_comment":0,"rttpg_featured_image_url":{"full":["https:\/\/arantv.az\/wp-content\/uploads\/2019\/02\/729634.jpg",800,600,false],"landscape":["https:\/\/arantv.az\/wp-content\/uploads\/2019\/02\/729634.jpg",800,600,false],"portraits":["https:\/\/arantv.az\/wp-content\/uploads\/2019\/02\/729634.jpg",800,600,false],"thumbnail":["https:\/\/arantv.az\/wp-content\/uploads\/2019\/02\/729634-150x150.jpg",150,150,true],"medium":["https:\/\/arantv.az\/wp-content\/uploads\/2019\/02\/729634-300x225.jpg",300,225,true],"large":["https:\/\/arantv.az\/wp-content\/uploads\/2019\/02\/729634.jpg",640,480,false],"1536x1536":["https:\/\/arantv.az\/wp-content\/uploads\/2019\/02\/729634.jpg",800,600,false],"2048x2048":["https:\/\/arantv.az\/wp-content\/uploads\/2019\/02\/729634.jpg",800,600,false],"post-thumbnail":["https:\/\/arantv.az\/wp-content\/uploads\/2019\/02\/729634-240x172.jpg",240,172,true],"advps-thumb-one":["https:\/\/arantv.az\/wp-content\/uploads\/2019\/02\/729634.jpg",800,600,false]},"rttpg_author":{"display_name":"V\u00fcsal Rafiqo\u011flu","author_link":"https:\/\/arantv.az\/?author=2"},"rttpg_comment":0,"rttpg_category":"<a href=\"https:\/\/arantv.az\/?cat=4\" rel=\"category\">Siyas\u0259t<\/a>","rttpg_excerpt":"ARANTV.AZ bildirir ki,\u00a0Newtimes.az\u00a0analitik m\u0259qal\u0259 il\u0259 \u00e7\u0131x\u0131\u015f edib. M\u0259qal\u0259ni oxucular\u0131m\u0131za t\u0259qdim edirik: Son g\u00fcnl\u0259r Erm\u0259nistan m\u0259tbuat\u0131nda N.Pa\u015finyan hakimiyy\u0259tinin siyas\u0259tini t\u0259nqid ed\u0259n yaz\u0131lar\u0131n say\u0131 art\u0131b. Ekspertl\u0259r r\u0259smi \u0130r\u0259van\u0131n s\u0259ri\u015ft\u0259siz xarici siyas\u0259t yeritdiyind\u0259n daha a\u00e7\u0131q b\u0259hs edir, ba\u015f nazir N.Pa\u015finyan\u0131n xalqla qeyri-s\u0259mimi davrand\u0131\u011f\u0131 bar\u0259d\u0259 yaz\u0131rlar. Konkret olaraq erm\u0259ni ictimaiyy\u0259tinin Da\u011fl\u0131q Qaraba\u011fla ba\u011fl\u0131 dan\u0131\u015f\u0131qlarda n\u0259l\u0259rin m\u00fczakir\u0259 edildiyind\u0259n x\u0259b\u0259rdar olmad\u0131\u011f\u0131&hellip;","_links":{"self":[{"href":"https:\/\/arantv.az\/index.php?rest_route=\/wp\/v2\/posts\/37810"}],"collection":[{"href":"https:\/\/arantv.az\/index.php?rest_route=\/wp\/v2\/posts"}],"about":[{"href":"https:\/\/arantv.az\/index.php?rest_route=\/wp\/v2\/types\/post"}],"author":[{"embeddable":true,"href":"https:\/\/arantv.az\/index.php?rest_route=\/wp\/v2\/users\/2"}],"replies":[{"embeddable":true,"href":"https:\/\/arantv.az\/index.php?rest_route=%2Fwp%2Fv2%2Fcomments&post=37810"}],"version-history":[{"count":0,"href":"https:\/\/arantv.az\/index.php?rest_route=\/wp\/v2\/posts\/37810\/revisions"}],"wp:featuredmedia":[{"embeddable":true,"href":"https:\/\/arantv.az\/index.php?rest_route=\/wp\/v2\/media\/37811"}],"wp:attachment":[{"href":"https:\/\/arantv.az\/index.php?rest_route=%2Fwp%2Fv2%2Fmedia&parent=37810"}],"wp:term":[{"taxonomy":"category","embeddable":true,"href":"https:\/\/arantv.az\/index.php?rest_route=%2Fwp%2Fv2%2Fcategories&post=37810"},{"taxonomy":"post_tag","embeddable":true,"href":"https:\/\/arantv.az\/index.php?rest_route=%2Fwp%2Fv2%2Ftags&post=37810"}],"curies":[{"name":"wp","href":"https:\/\/api.w.org\/{rel}","templated":true}]}}