{"id":37815,"date":"2019-02-11T16:06:23","date_gmt":"2019-02-11T13:06:23","guid":{"rendered":"http:\/\/arantv.az\/?p=37815"},"modified":"2019-02-11T16:06:23","modified_gmt":"2019-02-11T13:06:23","slug":"prezident-ilham-%c9%99liyev-el-salvador-respublikasinin-prezidentini-t%c9%99brik-edib","status":"publish","type":"post","link":"https:\/\/arantv.az\/?p=37815","title":{"rendered":"Prezident \u0130lham \u018fliyev El-Salvador Respublikas\u0131n\u0131n prezidentini t\u0259brik edib"},"content":{"rendered":"<p>Prezident \u0130lham \u018fliyev El-Salvador Respublikas\u0131n\u0131n yeni se\u00e7ilmi\u015f Prezidenti Nayib Bukeley\u0259 t\u0259brik m\u0259ktubu g\u00f6nd\u0259rib.<\/p>\n<p><strong>ARANTV.AZ<\/strong> x\u0259b\u0259r verir ki, t\u0259brikd\u0259 deyilir:<\/p>\n<p>&#8220;H\u00f6rm\u0259tli c\u0259nab Bukele,<\/p>\n<p>El-Salvador Respublikas\u0131n\u0131n Prezidenti v\u0259zif\u0259sin\u0259 se\u00e7ilm\u0259yiniz m\u00fcnasib\u0259til\u0259 Sizi \u00fcr\u0259kd\u0259n t\u0259brik edir\u0259m.<\/p>\n<p>\u00dcmidvaram ki, Az\u0259rbaycan il\u0259 El-Salvador aras\u0131nda \u0259laq\u0259l\u0259rin inki\u015faf\u0131 v\u0259 geni\u015fl\u0259nm\u0259si yolunda birg\u0259 s\u0259yl\u0259r g\u00f6st\u0259r\u0259c\u0259yik.<\/p>\n<p>Siz\u0259 m\u00f6hk\u0259m cansa\u011fl\u0131\u011f\u0131, xo\u015fb\u0259xtlik, qar\u015f\u0131dak\u0131 m\u0259sul f\u0259aliyy\u0259tinizd\u0259 u\u011furlar dil\u0259yir\u0259m&#8221;.<\/p>\n<p>az\u0259rtac<\/p>\n","protected":false},"excerpt":{"rendered":"<p>Prezident \u0130lham \u018fliyev El-Salvador Respublikas\u0131n\u0131n yeni se\u00e7ilmi\u015f Prezidenti Nayib Bukeley\u0259 t\u0259brik m\u0259ktubu g\u00f6nd\u0259rib. ARANTV.AZ x\u0259b\u0259r verir ki, t\u0259brikd\u0259 deyilir: &#8220;H\u00f6rm\u0259tli c\u0259nab Bukele, El-Salvador Respublikas\u0131n\u0131n Prezidenti v\u0259zif\u0259sin\u0259 se\u00e7ilm\u0259yiniz m\u00fcnasib\u0259til\u0259 Sizi \u00fcr\u0259kd\u0259n t\u0259brik edir\u0259m. \u00dcmidvaram ki, Az\u0259rbaycan il\u0259 El-Salvador aras\u0131nda \u0259laq\u0259l\u0259rin inki\u015faf\u0131 v\u0259 geni\u015fl\u0259nm\u0259si yolunda birg\u0259 s\u0259yl\u0259r g\u00f6st\u0259r\u0259c\u0259yik. Siz\u0259 m\u00f6hk\u0259m cansa\u011fl\u0131\u011f\u0131, xo\u015fb\u0259xtlik, qar\u015f\u0131dak\u0131 m\u0259sul f\u0259aliyy\u0259tinizd\u0259 u\u011furlar dil\u0259yir\u0259m&#8221;. az\u0259rtac<\/p>\n","protected":false},"author":2,"featured_media":37816,"comment_status":"closed","ping_status":"closed","sticky":false,"template":"","format":"standard","meta":{"om_disable_all_campaigns":false,"_monsterinsights_skip_tracking":false,"_monsterinsights_sitenote_active":false,"_monsterinsights_sitenote_note":"","_monsterinsights_sitenote_category":0},"categories":[1],"tags":[],"aioseo_notices":[],"gutentor_comment":0,"rttpg_featured_image_url":{"full":["https:\/\/arantv.az\/wp-content\/uploads\/2019\/02\/2018_ilham_aliyev_01-2.jpg",1200,900,false],"landscape":["https:\/\/arantv.az\/wp-content\/uploads\/2019\/02\/2018_ilham_aliyev_01-2.jpg",1200,900,false],"portraits":["https:\/\/arantv.az\/wp-content\/uploads\/2019\/02\/2018_ilham_aliyev_01-2.jpg",1200,900,false],"thumbnail":["https:\/\/arantv.az\/wp-content\/uploads\/2019\/02\/2018_ilham_aliyev_01-2-150x150.jpg",150,150,true],"medium":["https:\/\/arantv.az\/wp-content\/uploads\/2019\/02\/2018_ilham_aliyev_01-2-300x225.jpg",300,225,true],"large":["https:\/\/arantv.az\/wp-content\/uploads\/2019\/02\/2018_ilham_aliyev_01-2-1024x768.jpg",640,480,true],"1536x1536":["https:\/\/arantv.az\/wp-content\/uploads\/2019\/02\/2018_ilham_aliyev_01-2.jpg",1200,900,false],"2048x2048":["https:\/\/arantv.az\/wp-content\/uploads\/2019\/02\/2018_ilham_aliyev_01-2.jpg",1200,900,false],"post-thumbnail":["https:\/\/arantv.az\/wp-content\/uploads\/2019\/02\/2018_ilham_aliyev_01-2-240x172.jpg",240,172,true],"advps-thumb-one":["https:\/\/arantv.az\/wp-content\/uploads\/2019\/02\/2018_ilham_aliyev_01-2-1200x620.jpg",1200,620,true]},"rttpg_author":{"display_name":"V\u00fcsal Rafiqo\u011flu","author_link":"https:\/\/arantv.az\/?author=2"},"rttpg_comment":0,"rttpg_category":"<a href=\"https:\/\/arantv.az\/?cat=1\" rel=\"category\">C\u0259miyy\u0259t<\/a>","rttpg_excerpt":"Prezident \u0130lham \u018fliyev El-Salvador Respublikas\u0131n\u0131n yeni se\u00e7ilmi\u015f Prezidenti Nayib Bukeley\u0259 t\u0259brik m\u0259ktubu g\u00f6nd\u0259rib. ARANTV.AZ x\u0259b\u0259r verir ki, t\u0259brikd\u0259 deyilir: &#8220;H\u00f6rm\u0259tli c\u0259nab Bukele, El-Salvador Respublikas\u0131n\u0131n Prezidenti v\u0259zif\u0259sin\u0259 se\u00e7ilm\u0259yiniz m\u00fcnasib\u0259til\u0259 Sizi \u00fcr\u0259kd\u0259n t\u0259brik edir\u0259m. \u00dcmidvaram ki, Az\u0259rbaycan il\u0259 El-Salvador aras\u0131nda \u0259laq\u0259l\u0259rin inki\u015faf\u0131 v\u0259 geni\u015fl\u0259nm\u0259si yolunda birg\u0259 s\u0259yl\u0259r g\u00f6st\u0259r\u0259c\u0259yik. Siz\u0259 m\u00f6hk\u0259m cansa\u011fl\u0131\u011f\u0131, xo\u015fb\u0259xtlik, qar\u015f\u0131dak\u0131 m\u0259sul f\u0259aliyy\u0259tinizd\u0259 u\u011furlar dil\u0259yir\u0259m&#8221;.&hellip;","_links":{"self":[{"href":"https:\/\/arantv.az\/index.php?rest_route=\/wp\/v2\/posts\/37815"}],"collection":[{"href":"https:\/\/arantv.az\/index.php?rest_route=\/wp\/v2\/posts"}],"about":[{"href":"https:\/\/arantv.az\/index.php?rest_route=\/wp\/v2\/types\/post"}],"author":[{"embeddable":true,"href":"https:\/\/arantv.az\/index.php?rest_route=\/wp\/v2\/users\/2"}],"replies":[{"embeddable":true,"href":"https:\/\/arantv.az\/index.php?rest_route=%2Fwp%2Fv2%2Fcomments&post=37815"}],"version-history":[{"count":0,"href":"https:\/\/arantv.az\/index.php?rest_route=\/wp\/v2\/posts\/37815\/revisions"}],"wp:featuredmedia":[{"embeddable":true,"href":"https:\/\/arantv.az\/index.php?rest_route=\/wp\/v2\/media\/37816"}],"wp:attachment":[{"href":"https:\/\/arantv.az\/index.php?rest_route=%2Fwp%2Fv2%2Fmedia&parent=37815"}],"wp:term":[{"taxonomy":"category","embeddable":true,"href":"https:\/\/arantv.az\/index.php?rest_route=%2Fwp%2Fv2%2Fcategories&post=37815"},{"taxonomy":"post_tag","embeddable":true,"href":"https:\/\/arantv.az\/index.php?rest_route=%2Fwp%2Fv2%2Ftags&post=37815"}],"curies":[{"name":"wp","href":"https:\/\/api.w.org\/{rel}","templated":true}]}}