{"id":37818,"date":"2019-02-11T16:38:55","date_gmt":"2019-02-11T13:38:55","guid":{"rendered":"http:\/\/arantv.az\/?p=37818"},"modified":"2019-02-11T16:38:55","modified_gmt":"2019-02-11T13:38:55","slug":"az%c9%99rbaycanda-d%c9%99hs%c9%99t-17-yasli-yeniyetm%c9%99y%c9%99-isg%c9%99nc%c9%99-verib-basinin-d%c9%99risini-qopartdilar-foto","status":"publish","type":"post","link":"https:\/\/arantv.az\/?p=37818","title":{"rendered":"Az\u0259rbaycanda d\u0259h\u015f\u0259t: 17 ya\u015fl\u0131 yeniyetm\u0259y\u0259 i\u015fg\u0259nc\u0259 verib ba\u015f\u0131n\u0131n d\u0259risini qopartd\u0131lar &#8211; FOTO"},"content":{"rendered":"<p>Az\u0259rbaycanda 17 ya\u015fl\u0131 yeniyetm\u0259y\u0259 i\u015fg\u0259nc\u0259 verib ba\u015f\u0131n\u0131n d\u0259risini qopartd\u0131lar.<\/p>\n<p><b>ARANTV.AZ\u00a0<\/b> x\u0259b\u0259r verir ki, bu bar\u0259d\u0259 Az\u0259rbaycan U\u015faqlar Birliyinin s\u0259dri K\u0259mal\u0259 A\u011fazad\u0259 m\u0259lumat verib.<\/p>\n<div id=\"AdributorNativeVideo0\" class=\"AdributorNativeVideo\"><\/div>\n<p>O bildirib ki, s\u0131\u011f\u0131naca\u011fa m\u00fcraci\u0259t ed\u0259n 17 ya\u015fl\u0131 yeniyetm\u0259 i\u015fg\u0259nc\u0259l\u0259r\u0259 m\u0259ruz qal\u0131b: &#8220;G\u0259ncin ya\u015fad\u0131\u011f\u0131 he\u00e7 bir insanl\u0131\u011fa s\u0131\u011fm\u0131r. 17 ya\u015fl\u0131 birin\u0259 nec\u0259 i\u015fg\u0259nc\u0259 verm\u0259k olar. Yeniyetm\u0259nin b\u0259d\u0259nind\u0259 salamat yer qalmay\u0131b. Bunu ed\u0259n he\u00e7 d\u0259 yad birisi deyil. Onu bu hala salan yeniyetm\u0259nin qan\u0131ndan, can\u0131ndan biri olan insand\u0131r. Ba\u015f\u0131ndak\u0131 yan\u0131q q\u0131c olan zaman\u0131 soban\u0131n \u00fcz\u0259rin\u0259 d\u00fc\u015f\u0259nd\u0259 olub. Ya\u015fad\u0131qlar\u0131na baxmayaraq h\u0259r \u015feyi g\u00fcl\u0259-g\u00fcl\u0259 dan\u0131\u015f\u0131r&#8221;.<br \/>\n<ins><\/ins><\/p>\n<div id=\"beacon_9cf0901622\"><img loading=\"lazy\" src=\"https:\/\/ads2.newmedia.az\/www\/delivery\/lg.php?bannerid=0&amp;campaignid=0&amp;zoneid=975&amp;loc=https%3A%2F%2Fbig.az%2F344155-17_yasli_genc.html&amp;referer=https%3A%2F%2Fbig.az%2F&amp;cb=9cf0901622\" alt=\"\" width=\"0\" height=\"0\" \/><\/div>\n<p>Aysel Yusifq\u0131z\u0131<\/p>\n<p><img class=\"imgbcodecent\" src=\"https:\/\/upload.az\/foto\/arxiv\/Snimok_21549883472.png\" alt=\"Az\u0259rbaycanda d\u0259h\u015f\u0259t: 17 ya\u015fl\u0131 yeniyetm\u0259y\u0259 i\u015fg\u0259nc\u0259 verib ba\u015f\u0131n\u0131n d\u0259risini qopartd\u0131lar - FOTO\" \/><\/p>\n<p>&nbsp;<\/p>\n<p>big.az<\/p>\n","protected":false},"excerpt":{"rendered":"<p>Az\u0259rbaycanda 17 ya\u015fl\u0131 yeniyetm\u0259y\u0259 i\u015fg\u0259nc\u0259 verib ba\u015f\u0131n\u0131n d\u0259risini qopartd\u0131lar. ARANTV.AZ\u00a0 x\u0259b\u0259r verir ki, bu bar\u0259d\u0259 Az\u0259rbaycan U\u015faqlar Birliyinin s\u0259dri K\u0259mal\u0259 A\u011fazad\u0259 m\u0259lumat verib. O bildirib ki, s\u0131\u011f\u0131naca\u011fa m\u00fcraci\u0259t ed\u0259n 17 ya\u015fl\u0131 yeniyetm\u0259 i\u015fg\u0259nc\u0259l\u0259r\u0259 m\u0259ruz qal\u0131b: &#8220;G\u0259ncin ya\u015fad\u0131\u011f\u0131 he\u00e7 bir insanl\u0131\u011fa s\u0131\u011fm\u0131r. 17 ya\u015fl\u0131 birin\u0259 nec\u0259 i\u015fg\u0259nc\u0259 verm\u0259k olar. Yeniyetm\u0259nin b\u0259d\u0259nind\u0259 salamat yer qalmay\u0131b. Bunu ed\u0259n he\u00e7 d\u0259 yad birisi deyil. Onu bu hala salan yeniyetm\u0259nin qan\u0131ndan, can\u0131ndan biri olan insand\u0131r. Ba\u015f\u0131ndak\u0131 yan\u0131q q\u0131c olan zaman\u0131 soban\u0131n \u00fcz\u0259rin\u0259 d\u00fc\u015f\u0259nd\u0259 olub. Ya\u015fad\u0131qlar\u0131na baxmayaraq h\u0259r \u015feyi g\u00fcl\u0259-g\u00fcl\u0259 dan\u0131\u015f\u0131r&#8221;. Aysel Yusifq\u0131z\u0131 &nbsp; big.az<\/p>\n","protected":false},"author":2,"featured_media":37819,"comment_status":"closed","ping_status":"closed","sticky":false,"template":"","format":"standard","meta":{"om_disable_all_campaigns":false,"_monsterinsights_skip_tracking":false,"_monsterinsights_sitenote_active":false,"_monsterinsights_sitenote_note":"","_monsterinsights_sitenote_category":0},"categories":[1],"tags":[],"aioseo_notices":[],"gutentor_comment":0,"rttpg_featured_image_url":{"full":["https:\/\/arantv.az\/wp-content\/uploads\/2019\/02\/Snimok_41549883414.png",474,414,false],"landscape":["https:\/\/arantv.az\/wp-content\/uploads\/2019\/02\/Snimok_41549883414.png",474,414,false],"portraits":["https:\/\/arantv.az\/wp-content\/uploads\/2019\/02\/Snimok_41549883414.png",474,414,false],"thumbnail":["https:\/\/arantv.az\/wp-content\/uploads\/2019\/02\/Snimok_41549883414-150x150.png",150,150,true],"medium":["https:\/\/arantv.az\/wp-content\/uploads\/2019\/02\/Snimok_41549883414-300x262.png",300,262,true],"large":["https:\/\/arantv.az\/wp-content\/uploads\/2019\/02\/Snimok_41549883414.png",474,414,false],"1536x1536":["https:\/\/arantv.az\/wp-content\/uploads\/2019\/02\/Snimok_41549883414.png",474,414,false],"2048x2048":["https:\/\/arantv.az\/wp-content\/uploads\/2019\/02\/Snimok_41549883414.png",474,414,false],"post-thumbnail":["https:\/\/arantv.az\/wp-content\/uploads\/2019\/02\/Snimok_41549883414-240x172.png",240,172,true],"advps-thumb-one":["https:\/\/arantv.az\/wp-content\/uploads\/2019\/02\/Snimok_41549883414.png",474,414,false]},"rttpg_author":{"display_name":"V\u00fcsal Rafiqo\u011flu","author_link":"https:\/\/arantv.az\/?author=2"},"rttpg_comment":0,"rttpg_category":"<a href=\"https:\/\/arantv.az\/?cat=1\" rel=\"category\">C\u0259miyy\u0259t<\/a>","rttpg_excerpt":"Az\u0259rbaycanda 17 ya\u015fl\u0131 yeniyetm\u0259y\u0259 i\u015fg\u0259nc\u0259 verib ba\u015f\u0131n\u0131n d\u0259risini qopartd\u0131lar. ARANTV.AZ\u00a0 x\u0259b\u0259r verir ki, bu bar\u0259d\u0259 Az\u0259rbaycan U\u015faqlar Birliyinin s\u0259dri K\u0259mal\u0259 A\u011fazad\u0259 m\u0259lumat verib. O bildirib ki, s\u0131\u011f\u0131naca\u011fa m\u00fcraci\u0259t ed\u0259n 17 ya\u015fl\u0131 yeniyetm\u0259 i\u015fg\u0259nc\u0259l\u0259r\u0259 m\u0259ruz qal\u0131b: &#8220;G\u0259ncin ya\u015fad\u0131\u011f\u0131 he\u00e7 bir insanl\u0131\u011fa s\u0131\u011fm\u0131r. 17 ya\u015fl\u0131 birin\u0259 nec\u0259 i\u015fg\u0259nc\u0259 verm\u0259k olar. Yeniyetm\u0259nin b\u0259d\u0259nind\u0259 salamat yer qalmay\u0131b. Bunu ed\u0259n&hellip;","_links":{"self":[{"href":"https:\/\/arantv.az\/index.php?rest_route=\/wp\/v2\/posts\/37818"}],"collection":[{"href":"https:\/\/arantv.az\/index.php?rest_route=\/wp\/v2\/posts"}],"about":[{"href":"https:\/\/arantv.az\/index.php?rest_route=\/wp\/v2\/types\/post"}],"author":[{"embeddable":true,"href":"https:\/\/arantv.az\/index.php?rest_route=\/wp\/v2\/users\/2"}],"replies":[{"embeddable":true,"href":"https:\/\/arantv.az\/index.php?rest_route=%2Fwp%2Fv2%2Fcomments&post=37818"}],"version-history":[{"count":0,"href":"https:\/\/arantv.az\/index.php?rest_route=\/wp\/v2\/posts\/37818\/revisions"}],"wp:featuredmedia":[{"embeddable":true,"href":"https:\/\/arantv.az\/index.php?rest_route=\/wp\/v2\/media\/37819"}],"wp:attachment":[{"href":"https:\/\/arantv.az\/index.php?rest_route=%2Fwp%2Fv2%2Fmedia&parent=37818"}],"wp:term":[{"taxonomy":"category","embeddable":true,"href":"https:\/\/arantv.az\/index.php?rest_route=%2Fwp%2Fv2%2Fcategories&post=37818"},{"taxonomy":"post_tag","embeddable":true,"href":"https:\/\/arantv.az\/index.php?rest_route=%2Fwp%2Fv2%2Ftags&post=37818"}],"curies":[{"name":"wp","href":"https:\/\/api.w.org\/{rel}","templated":true}]}}