{"id":37894,"date":"2019-02-12T09:55:14","date_gmt":"2019-02-12T06:55:14","guid":{"rendered":"http:\/\/arantv.az\/?p=37894"},"modified":"2019-02-12T09:55:14","modified_gmt":"2019-02-12T06:55:14","slug":"b%c9%99l%c9%99diyy%c9%99l%c9%99r-ozunu-idar%c9%99-ed%c9%99-bilmir-s%c9%99b%c9%99b","status":"publish","type":"post","link":"https:\/\/arantv.az\/?p=37894","title":{"rendered":"B\u0259l\u0259diyy\u0259l\u0259r \u00f6z\u00fcn\u00fc idar\u0259 ed\u0259 bilmir &#8211; s\u0259b\u0259b&#8230;"},"content":{"rendered":"<h3><strong>20 ildir f\u0259aliyy\u0259t g\u00f6st\u0259r\u0259n yerli \u00f6z\u00fcn\u00fcidar\u0259etm\u0259 orqanlar\u0131na ayr\u0131lan v\u0259sait niy\u0259 azald\u0131l\u0131b?<\/strong><\/h3>\n<p><strong>Bu il Az\u0259rbaycanda ilk d\u0259f\u0259 olaraq b\u0259l\u0259diyy\u0259l\u0259r\u0259 subvensiya ayr\u0131l\u0131b. 2019-cu ilin d\u00f6vl\u0259t b\u00fcdc\u0259si haqq\u0131nda s\u0259n\u0259d\u0259 \u0259sas\u0259n, subvensiyan\u0131n h\u0259cmi 1 milyon manat t\u0259\u015fkil edir. \u201cB\u0259l\u0259diyy\u0259l\u0259rin f\u0259aliyy\u0259tin\u0259 inzibati n\u0259zar\u0259ti h\u0259yata ke\u00e7ir\u0259n orqan\u0131n illik m\u0259ruz\u0259si haqq\u0131nda\u201d s\u0259n\u0259d\u0259 \u0259sas\u0259n bu, \u018fdliyy\u0259 Nazirliyinin Maliyy\u0259 Nazirliyin\u0259 m\u00fcraci\u0259ti say\u0259sind\u0259 ba\u015f tutub.<\/strong><\/p>\n<p>Qeyd ed\u0259k ki, uzun ill\u0259rdir Az\u0259rbaycanda b\u0259l\u0259diyy\u0259l\u0259r\u0259 d\u00f6vl\u0259t b\u00fcdc\u0259sind\u0259n dotasiya ayr\u0131l\u0131r. Son ill\u0259rd\u0259 bu dotasiyan\u0131n m\u0259bl\u0259\u011fi bir qayda olaraq 5,2 milyon manat t\u0259\u015fkil edib. Lakin 2019-cu ilin d\u00f6vl\u0259t b\u00fcdc\u0259sind\u0259 b\u0259l\u0259diyy\u0259l\u0259r\u0259 ayr\u0131lan subsidiyan\u0131n h\u0259cmi 500 min manat azald\u0131laraq 4,7 milyon manata sal\u0131n\u0131b. \u018fv\u0259zind\u0259 is\u0259 \u018fdliyy\u0259 Nazirliyinin t\u0259klifi \u0259sas\u0131nda 1 milyon manat subvensiya ayr\u0131l\u0131b. Subvensiya ist\u0259nil\u0259n s\u0259viyy\u0259li b\u00fcdc\u0259d\u0259n yaln\u0131z m\u00fc\u0259yy\u0259n m\u0259qs\u0259dl\u0259r \u00fc\u00e7\u00fcn ayr\u0131lm\u0131\u015f v\u0259 bu m\u0259qs\u0259dl\u0259r \u00fc\u00e7\u00fcn x\u0259rcl\u0259nm\u0259li olan pul miqdar\u0131d\u0131r. Subsidiya il\u0259 eyni mahiyy\u0259t da\u015f\u0131salar da, onlar\u0131n bir s\u0131ra \u0259sas f\u0259rql\u0259ri var. V\u0259t\u0259nda\u015flar birba\u015fa subvensiya alm\u0131rlar. Subvensiya yaln\u0131z bir b\u00fcdc\u0259d\u0259n dig\u0259rin\u0259 k\u00f6\u00e7\u00fcr\u00fcl\u0259n pul miqdar\u0131n\u0131 ifad\u0259 edir.<\/p>\n<p>Subsidiya v\u0259 subvensiyan\u0131n geri qaytar\u0131lamas\u0131 n\u0259z\u0259rd\u0259 tutulmur. H\u0259r ikisi qar\u015f\u0131l\u0131qs\u0131z verilir &#8211; y\u0259ni \u0259ld\u0259 etm\u0259k \u00fc\u00e7\u00fcn h\u0259r hans\u0131 komissiya v\u0259 ya faiz miqdar\u0131 \u00f6d\u0259m\u0259k laz\u0131m g\u0259lmir. Bu iki yard\u0131m\u0131 f\u0259rql\u0259ndir\u0259n \u0259sas m\u0259qam budur ki, subvensiya yaln\u0131z pul formas\u0131nda ifad\u0259 olunur, subsidiya is\u0259 eyni zamanda material formaya malik ola bil\u0259r, t\u0259dris materiallar\u0131, d\u0259rmanlar v\u0259 s.<\/p>\n<p>Bu il ilk d\u0259f\u0259 b\u0259l\u0259diyy\u0259l\u0259r subvensiya \u0259ld\u0259 ed\u0259c\u0259kl\u0259r.<\/p>\n<p>B\u0259l\u0259diyy\u0259 se\u00e7kil\u0259ri is\u0259 bu il dekabr\u0131n 27-d\u0259 ke\u00e7iril\u0259c\u0259k. Se\u00e7kil\u0259rin ke\u00e7irilm\u0259si il\u0259 ba\u011fl\u0131 d\u00f6vl\u0259t b\u00fcdc\u0259sind\u0259n 53 milyon 900 min manat v\u0259saitin ayr\u0131lmas\u0131 n\u0259z\u0259rd\u0259 tutulub.<\/p>\n<p>\u201cB\u0259l\u0259diyy\u0259l\u0259r\u0259 se\u00e7kil\u0259rin qaydalar\u0131 haqq\u0131nda\u201d Qanunda bildirilir ki, Az\u0259rbaycan Respublikas\u0131nda yerli \u00f6z\u00fcn\u00fcidar\u0259ni h\u0259yata ke\u00e7ir\u0259n b\u0259l\u0259diyy\u0259l\u0259ri Az\u0259rbaycan Respublikas\u0131n\u0131n v\u0259t\u0259nda\u015flar\u0131 bu qanunla m\u00fc\u0259yy\u0259n edilmi\u015f qaydada \u00e7oxmandatl\u0131 se\u00e7ki \u0259razil\u0259ri \u00fczr\u0259 \u00fcmumi, b\u0259rab\u0259r, birba\u015fa se\u00e7ki h\u00fcququ \u0259sas\u0131nda s\u0259rb\u0259st, \u015f\u0259xsi v\u0259 gizli s\u0259sverm\u0259 yolu il\u0259 se\u00e7irl\u0259r. B\u0259l\u0259diyy\u0259l\u0259rin s\u0259lahiyy\u0259t m\u00fcdd\u0259ti 5 ildir. B\u0259l\u0259diyy\u0259l\u0259rin s\u0259lahiyy\u0259tl\u0259ri onlar\u0131n ilk iclas g\u00fcn\u00fc ba\u015flan\u0131r v\u0259 yeni se\u00e7il\u0259n b\u0259l\u0259diyy\u0259l\u0259rin birinci iclas g\u00fcn\u00fc ba\u015fa \u00e7at\u0131r. B\u0259l\u0259diyy\u0259 \u00fczvl\u0259rinin s\u0259lahiyy\u0259tl\u0259ri yaln\u0131z b\u0259l\u0259diyy\u0259l\u0259rin s\u0259lahiyy\u0259t m\u00fcdd\u0259tind\u0259 q\u00fcvv\u0259d\u0259dir. 18 ya\u015f\u0131 tamam olan v\u0259 ya\u015f\u0131 18-d\u0259n yuxar\u0131 olan Az\u0259rbaycan v\u0259t\u0259nda\u015flar\u0131n\u0131n b\u0259l\u0259diyy\u0259l\u0259r\u0259 \u00fczv se\u00e7m\u0259k v\u0259 se\u00e7ilm\u0259k h\u00fcququ vard\u0131r.<\/p>\n<p><strong>\u0130cra hakimiyy\u0259ti orqanlar\u0131nda i\u015fl\u0259y\u0259n v\u0259zif\u0259li \u015f\u0259xsl\u0259r, hakiml\u0259r, h\u00fcquq-m\u00fchafiz\u0259 orqanlar\u0131n\u0131n i\u015f\u00e7il\u0259ri, din xadiml\u0259ri, h\u0259rbi qulluq\u00e7ular b\u0259l\u0259diyy\u0259 \u00fczv\u00fc se\u00e7il\u0259 bilm\u0259zl\u0259r. \u0130cra hakimiyy\u0259ti orqanlar\u0131nda i\u015fl\u0259y\u0259n v\u0259zif\u0259li \u015f\u0259xsl\u0259rin, hakiml\u0259rin, h\u00fcquq-m\u00fchafiz\u0259 orqanlar\u0131n\u0131n i\u015f\u00e7il\u0259rinin b\u0259l\u0259diyy\u0259 \u00fczvl\u00fcy\u00fcn\u0259 namiz\u0259dliyi qeyd\u0259 al\u0131nd\u0131qdan sonra 3 g\u00fcn \u0259rzind\u0259 onlar tutduqlar\u0131 v\u0259zif\u0259d\u0259n azad olunmal\u0131 v\u0259 bu bar\u0259d\u0259 m\u00fcvafiq s\u0259n\u0259di \u0259razi se\u00e7ki komissiyas\u0131na t\u0259qdim etm\u0259lidirl\u0259r. Bu qaydaya riay\u0259t olunmad\u0131qda h\u0259min \u015f\u0259xsl\u0259rin qeydiyyat\u0131 l\u0259\u011fv edilir.<\/strong><\/p>\n<p>M\u0259hkumlu\u011fun \u00f6d\u0259nilm\u0259sind\u0259n v\u0259 ya g\u00f6t\u00fcr\u00fclm\u0259sind\u0259n as\u0131l\u0131 olmayaraq, Az\u0259rbaycan Respublikas\u0131 Cinay\u0259t M\u0259c\u0259ll\u0259sinin 7-1 madd\u0259sind\u0259 n\u0259z\u0259rd\u0259 tutulan a\u011f\u0131r cinay\u0259tl\u0259r\u0259 g\u00f6r\u0259 m\u0259hkum olunmu\u015f \u015f\u0259xsl\u0259r, m\u0259hk\u0259m\u0259nin qanuni q\u00fcvv\u0259y\u0259 minmi\u015f h\u00f6km\u00fc il\u0259 azadl\u0131qdan m\u0259hrumetm\u0259 yerl\u0259rind\u0259 c\u0259za \u00e7\u0259k\u0259nl\u0259r b\u0259l\u0259diyy\u0259 \u00fczv\u00fc se\u00e7il\u0259 bilm\u0259zl\u0259r. H\u0259m\u00e7inin Az\u0259rbaycan Respublikas\u0131n\u0131n qanunvericiliyi il\u0259 m\u00fc\u0259yy\u0259nl\u0259\u015fdirilmi\u015f qaydada f\u0259aliyy\u0259t qabiliyy\u0259tsizliyi t\u0259sdiq edilmi\u015f \u015f\u0259xsl\u0259r b\u0259l\u0259diyy\u0259l\u0259r\u0259 se\u00e7kil\u0259rd\u0259 i\u015ftirak ed\u0259 bilm\u0259zl\u0259r.<\/p>\n<p><img src=\"http:\/\/qafqazinfo.az\/uploads\/1507781837\/dasdasddada.jpg\" alt=\"\u00d0\u009a\u00d0\u00b0\u00d1\u0080\u00d1\u0082\u00d0\u00b8\u00d0\u00bd\u00d0\u00ba\u00d0\u00b8 \u00d0\u00bf\u00d0\u00be \u00d0\u00b7\u00d0\u00b0\u00d0\u00bf\u00d1\u0080\u00d0\u00be\u00d1\u0081\u00d1\u0083 b\u00c9\u0099l\u00c9\u0099diyy\u00c9\u0099l\u00c9\u0099r\" \/><\/p>\n<p>M\u0259n\u015f\u0259yin\u0259, siyasi bax\u0131\u015flar\u0131na, sosial v\u0259 \u0259mlak v\u0259ziyy\u0259tin\u0259, irqi v\u0259 milli m\u0259nsubiyy\u0259tin\u0259, cinsin\u0259, t\u0259hsilin\u0259, dilin\u0259, din\u0259 m\u00fcnasib\u0259tin\u0259, m\u0259\u015f\u011fuliyy\u0259t n\u00f6v\u00fcn\u0259 v\u0259 xarakterin\u0259 g\u00f6r\u0259 Az\u0259rbaycan Respublikas\u0131 v\u0259t\u0259nda\u015flar\u0131n\u0131n se\u00e7ki h\u00fcquqlar\u0131n\u0131n qanunvericilikd\u0259 n\u0259z\u0259rd\u0259 tutulmu\u015f hallar istisna olmaqla, birba\u015fa, dolay\u0131s\u0131 il\u0259 v\u0259 ya ba\u015fqa \u015f\u0259kild\u0259 m\u0259hdudla\u015fd\u0131r\u0131lmas\u0131 qada\u011fand\u0131r.<\/p>\n<p>B\u0259l\u0259diyy\u0259l\u0259r\u0259 se\u00e7kil\u0259ri Az\u0259rbaycan Respublikas\u0131n\u0131n Prezidenti t\u0259yin edir. B\u0259l\u0259diyy\u0259l\u0259rin s\u0259lahiyy\u0259tl\u0259rinin qurtarmas\u0131na \u0259n geci 120 g\u00fcn qalm\u0131\u015f yeni se\u00e7kil\u0259r t\u0259yin edilir.<\/p>\n<p><strong>Az\u0259rbaycanda qanuna uy\u011fun olaraq majoritar se\u00e7ki sistemi \u0259sas\u0131nda se\u00e7ki \u0259razil\u0259ri \u00fczr\u0259 a\u015fa\u011f\u0131dak\u0131 sayda b\u0259l\u0259diyy\u0259 \u00fczvl\u0259ri se\u00e7ilir:<\/strong><\/p>\n<p>500-d\u0259n az \u0259halisi olan \u0259razil\u0259rd\u0259 &#8211; 5 b\u0259l\u0259diyy\u0259 \u00fczv\u00fc;<\/p>\n<p>500-d\u0259n 1000-d\u0259k \u0259halisi olan \u0259razil\u0259rd\u0259 &#8211; 7 b\u0259l\u0259diyy\u0259 \u00fczv\u00fc;<\/p>\n<p>1000-d\u0259n 5000-d\u0259k \u0259halisi olan \u0259razil\u0259rd\u0259 &#8211; 9 b\u0259l\u0259diyy\u0259 \u00fczv\u00fc;<\/p>\n<p>5000-d\u0259n 10000-d\u0259k \u0259halisi olan \u0259razil\u0259rd\u0259 &#8211; 11 b\u0259l\u0259diyy\u0259 \u00fczv\u00fc;<\/p>\n<p>10000-d\u0259n 20000-d\u0259k \u0259halisi olan \u0259razil\u0259rd\u0259 &#8211; 13 b\u0259l\u0259diyy\u0259 \u00fczv\u00fc;<\/p>\n<p>20000-d\u0259n 50000-d\u0259k \u0259halisi olan \u0259razil\u0259rd\u0259 15 b\u0259l\u0259diyy\u0259 \u00fczv\u00fc;<\/p>\n<p>50000-d\u0259n 100000-d\u0259k \u0259halisi olan \u0259razil\u0259rd\u0259 &#8211; 17 b\u0259l\u0259diyy\u0259 \u00fczv\u00fc;<\/p>\n<p>100000-d\u0259n 300000-d\u0259k \u0259halisi olan \u0259razil\u0259rd\u0259 &#8211; 19 b\u0259l\u0259diyy\u0259 \u00fczv\u00fc.<\/p>\n<p>B\u0259l\u0259diyy\u0259l\u0259r\u0259 se\u00e7kil\u0259rin haz\u0131rlanmas\u0131 v\u0259 ke\u00e7irilm\u0259si il\u0259 ba\u011fl\u0131 t\u0259dbirl\u0259r Az\u0259rbaycan d\u00f6vl\u0259t b\u00fcdc\u0259sinin v\u0259 b\u0259l\u0259diyy\u0259 b\u00fcdc\u0259sinin v\u0259saiti hesab\u0131na maliyy\u0259l\u0259\u015fdirilir. Se\u00e7ki komissiyalar\u0131n\u0131n i\u015fi \u00fc\u00e7\u00fcn qeyri-d\u00f6vl\u0259t t\u0259\u015fkilatlar\u0131n\u0131n v\u0259 m\u00fc\u0259ssis\u0259l\u0259rinin binalar\u0131ndan v\u0259 avadanl\u0131\u011f\u0131ndan istifad\u0259 edilm\u0259sin\u0259 g\u00f6r\u0259 icar\u0259 haqq\u0131 Az\u0259rbaycan d\u00f6vl\u0259t b\u00fcdc\u0259sinin v\u0259 b\u0259l\u0259diyy\u0259 b\u00fcdc\u0259sinin hesab\u0131na \u00f6d\u0259nilir. Az\u0259rbaycan d\u00f6vl\u0259t b\u00fcdc\u0259si v\u0259 b\u0259l\u0259diyy\u0259 b\u00fcdc\u0259sinin v\u0259saitl\u0259rind\u0259n s\u00f6z\u00fcged\u0259n qanunda n\u0259z\u0259rd\u0259 tutulmu\u015f istisnalardan ba\u015fqa, b\u0259l\u0259diyy\u0259 \u00fczvl\u00fcy\u00fcn\u0259 namiz\u0259dl\u0259r g\u00f6st\u0259rilm\u0259sini t\u0259min etm\u0259k v\u0259 onlar bar\u0259sind\u0259 t\u0259\u015fviqat aparmaq \u00fc\u00e7\u00fcn istifad\u0259 oluna bilm\u0259z.<\/p>\n<p>Az\u0259rbaycanda b\u0259l\u0259diyy\u0259 institutunun yaranmas\u0131n\u0131n bu il 20 ili tamam olur. \u0130lk b\u0259l\u0259diyy\u0259 se\u00e7kisi 1999-cu ilin dekabr\u0131nda ke\u00e7irilib. Bir s\u0131ra ekspertl\u0259r hesab edir ki, bu yerli \u00f6z\u00fcn\u00fc idar\u0259etm\u0259 institutu 20 ild\u0259 he\u00e7 d\u0259 \u00f6z\u00fcn\u00fc do\u011frulda bilm\u0259yib. Bunu h\u0259tta YAP r\u0259hb\u0259rliyin\u0259 daxil olan \u015f\u0259xsl\u0259r d\u0259 ara-s\u0131ra dil\u0259 g\u0259tirirl\u0259r. M\u0259s\u0259l\u0259n, YAP icra katibinin m\u00fcavini Siyavu\u015f Novruzov bu yax\u0131nlarda verdiyi a\u00e7\u0131qlamada demi\u015fdi ki, b\u0259l\u0259diyy\u0259l\u0259rin \u00e7oxunun n\u0259 i\u015fl\u0259 m\u0259\u015f\u011ful oldu\u011fu, varl\u0131\u011f\u0131, yoxlu\u011fu bilinmir. Bel\u0259 olan halda bu q\u0259d\u0259r b\u0259l\u0259diyy\u0259l\u0259r\u0259 v\u0259 b\u0259l\u0259diyy\u0259 \u00fczvl\u0259rin\u0259 ehtiyac yoxdur, b\u0259l\u0259diyy\u0259l\u0259rin v\u0259 b\u0259l\u0259diyy\u0259 \u00fczvl\u0259rinin say\u0131 azald\u0131lmal\u0131d\u0131r.<\/p>\n<p><strong>Etibar SEY\u0130DA\u011eA,<\/strong><br \/>\n<strong>\u201cYeni M\u00fcsavat\u201d<\/strong><\/p>\n","protected":false},"excerpt":{"rendered":"<p>20 ildir f\u0259aliyy\u0259t g\u00f6st\u0259r\u0259n yerli \u00f6z\u00fcn\u00fcidar\u0259etm\u0259 orqanlar\u0131na ayr\u0131lan v\u0259sait niy\u0259 azald\u0131l\u0131b? Bu il Az\u0259rbaycanda ilk d\u0259f\u0259 olaraq b\u0259l\u0259diyy\u0259l\u0259r\u0259 subvensiya ayr\u0131l\u0131b. 2019-cu ilin d\u00f6vl\u0259t b\u00fcdc\u0259si haqq\u0131nda s\u0259n\u0259d\u0259 \u0259sas\u0259n, subvensiyan\u0131n h\u0259cmi 1 milyon manat t\u0259\u015fkil edir. \u201cB\u0259l\u0259diyy\u0259l\u0259rin f\u0259aliyy\u0259tin\u0259 inzibati n\u0259zar\u0259ti h\u0259yata ke\u00e7ir\u0259n orqan\u0131n illik m\u0259ruz\u0259si haqq\u0131nda\u201d s\u0259n\u0259d\u0259 \u0259sas\u0259n bu, \u018fdliyy\u0259 Nazirliyinin Maliyy\u0259 Nazirliyin\u0259 m\u00fcraci\u0259ti say\u0259sind\u0259 ba\u015f tutub. Qeyd ed\u0259k ki, uzun ill\u0259rdir Az\u0259rbaycanda b\u0259l\u0259diyy\u0259l\u0259r\u0259 d\u00f6vl\u0259t b\u00fcdc\u0259sind\u0259n dotasiya ayr\u0131l\u0131r. Son ill\u0259rd\u0259 bu dotasiyan\u0131n m\u0259bl\u0259\u011fi bir qayda olaraq 5,2 milyon manat t\u0259\u015fkil edib. Lakin 2019-cu ilin d\u00f6vl\u0259t b\u00fcdc\u0259sind\u0259 b\u0259l\u0259diyy\u0259l\u0259r\u0259 ayr\u0131lan subsidiyan\u0131n h\u0259cmi 500 min&hellip;<\/p>\n","protected":false},"author":2,"featured_media":37895,"comment_status":"closed","ping_status":"closed","sticky":false,"template":"","format":"standard","meta":{"om_disable_all_campaigns":false,"_monsterinsights_skip_tracking":false,"_monsterinsights_sitenote_active":false,"_monsterinsights_sitenote_note":"","_monsterinsights_sitenote_category":0},"categories":[1],"tags":[],"aioseo_notices":[],"gutentor_comment":0,"rttpg_featured_image_url":{"full":["https:\/\/arantv.az\/wp-content\/uploads\/2019\/02\/abbd194484e15ad27f818b75b396afcf.jpg",450,300,false],"landscape":["https:\/\/arantv.az\/wp-content\/uploads\/2019\/02\/abbd194484e15ad27f818b75b396afcf.jpg",450,300,false],"portraits":["https:\/\/arantv.az\/wp-content\/uploads\/2019\/02\/abbd194484e15ad27f818b75b396afcf.jpg",450,300,false],"thumbnail":["https:\/\/arantv.az\/wp-content\/uploads\/2019\/02\/abbd194484e15ad27f818b75b396afcf-150x150.jpg",150,150,true],"medium":["https:\/\/arantv.az\/wp-content\/uploads\/2019\/02\/abbd194484e15ad27f818b75b396afcf-300x200.jpg",300,200,true],"large":["https:\/\/arantv.az\/wp-content\/uploads\/2019\/02\/abbd194484e15ad27f818b75b396afcf.jpg",450,300,false],"1536x1536":["https:\/\/arantv.az\/wp-content\/uploads\/2019\/02\/abbd194484e15ad27f818b75b396afcf.jpg",450,300,false],"2048x2048":["https:\/\/arantv.az\/wp-content\/uploads\/2019\/02\/abbd194484e15ad27f818b75b396afcf.jpg",450,300,false],"post-thumbnail":["https:\/\/arantv.az\/wp-content\/uploads\/2019\/02\/abbd194484e15ad27f818b75b396afcf-240x172.jpg",240,172,true],"advps-thumb-one":["https:\/\/arantv.az\/wp-content\/uploads\/2019\/02\/abbd194484e15ad27f818b75b396afcf.jpg",450,300,false]},"rttpg_author":{"display_name":"V\u00fcsal Rafiqo\u011flu","author_link":"https:\/\/arantv.az\/?author=2"},"rttpg_comment":0,"rttpg_category":"<a href=\"https:\/\/arantv.az\/?cat=1\" rel=\"category\">C\u0259miyy\u0259t<\/a>","rttpg_excerpt":"20 ildir f\u0259aliyy\u0259t g\u00f6st\u0259r\u0259n yerli \u00f6z\u00fcn\u00fcidar\u0259etm\u0259 orqanlar\u0131na ayr\u0131lan v\u0259sait niy\u0259 azald\u0131l\u0131b? Bu il Az\u0259rbaycanda ilk d\u0259f\u0259 olaraq b\u0259l\u0259diyy\u0259l\u0259r\u0259 subvensiya ayr\u0131l\u0131b. 2019-cu ilin d\u00f6vl\u0259t b\u00fcdc\u0259si haqq\u0131nda s\u0259n\u0259d\u0259 \u0259sas\u0259n, subvensiyan\u0131n h\u0259cmi 1 milyon manat t\u0259\u015fkil edir. \u201cB\u0259l\u0259diyy\u0259l\u0259rin f\u0259aliyy\u0259tin\u0259 inzibati n\u0259zar\u0259ti h\u0259yata ke\u00e7ir\u0259n orqan\u0131n illik m\u0259ruz\u0259si haqq\u0131nda\u201d s\u0259n\u0259d\u0259 \u0259sas\u0259n bu, \u018fdliyy\u0259 Nazirliyinin Maliyy\u0259 Nazirliyin\u0259 m\u00fcraci\u0259ti say\u0259sind\u0259 ba\u015f tutub.&hellip;","_links":{"self":[{"href":"https:\/\/arantv.az\/index.php?rest_route=\/wp\/v2\/posts\/37894"}],"collection":[{"href":"https:\/\/arantv.az\/index.php?rest_route=\/wp\/v2\/posts"}],"about":[{"href":"https:\/\/arantv.az\/index.php?rest_route=\/wp\/v2\/types\/post"}],"author":[{"embeddable":true,"href":"https:\/\/arantv.az\/index.php?rest_route=\/wp\/v2\/users\/2"}],"replies":[{"embeddable":true,"href":"https:\/\/arantv.az\/index.php?rest_route=%2Fwp%2Fv2%2Fcomments&post=37894"}],"version-history":[{"count":0,"href":"https:\/\/arantv.az\/index.php?rest_route=\/wp\/v2\/posts\/37894\/revisions"}],"wp:featuredmedia":[{"embeddable":true,"href":"https:\/\/arantv.az\/index.php?rest_route=\/wp\/v2\/media\/37895"}],"wp:attachment":[{"href":"https:\/\/arantv.az\/index.php?rest_route=%2Fwp%2Fv2%2Fmedia&parent=37894"}],"wp:term":[{"taxonomy":"category","embeddable":true,"href":"https:\/\/arantv.az\/index.php?rest_route=%2Fwp%2Fv2%2Fcategories&post=37894"},{"taxonomy":"post_tag","embeddable":true,"href":"https:\/\/arantv.az\/index.php?rest_route=%2Fwp%2Fv2%2Ftags&post=37894"}],"curies":[{"name":"wp","href":"https:\/\/api.w.org\/{rel}","templated":true}]}}