{"id":37897,"date":"2019-02-12T09:56:25","date_gmt":"2019-02-12T06:56:25","guid":{"rendered":"http:\/\/arantv.az\/?p=37897"},"modified":"2019-02-12T09:56:25","modified_gmt":"2019-02-12T06:56:25","slug":"turkiy%c9%99nin-az%c9%99rbaycanda-yeni-h%c9%99rbi-attasesi-t%c9%99yin-edilib","status":"publish","type":"post","link":"https:\/\/arantv.az\/?p=37897","title":{"rendered":"T\u00fcrkiy\u0259nin Az\u0259rbaycanda yeni h\u0259rbi atta\u015fesi t\u0259yin edilib"},"content":{"rendered":"<p><strong><a class=\"kw-link\" title=\"T\u00fcrkiy\u0259 x\u0259b\u0259rl\u0259ri\" href=\"https:\/\/metbuat.az\/news\/search?q=t%C3%BCrkiy%C9%99\" target=\"_blank\" rel=\"noopener\">T\u00fcrkiy\u0259<\/a>\u00a0Prezidenti R\u0259c\u0259b Tayyib \u018frdo\u011fan T\u00fcrkiy\u0259nin<a class=\"kw-link\" title=\"Az\u0259rbaycan x\u0259b\u0259rl\u0259ri\" href=\"https:\/\/metbuat.az\/news\/search?q=az%C9%99rbaycan\" target=\"_blank\" rel=\"noopener\">Az\u0259rbaycan<\/a>da yeni h\u0259rbi atta\u015fesini t\u0259yin edib.<\/strong><\/p>\n<p><strong>ARANTV.AZ<\/strong>-\u0131n Trend-\u0259 istinad\u0259n m\u0259lumat\u0131na g\u00f6r\u0259, bu v\u0259zif\u0259d\u0259 T\u00fcrkiy\u0259 Ba\u015f Q\u0259rargah\u0131n\u0131n \u0130nspeksiya v\u0259 qiym\u0259tl\u0259ndirm\u0259 b\u00f6lm\u0259sinin r\u0259is m\u00fcavini \u0130smay\u0131l Hakk\u0131 K\u00f6seali \u00e7al\u0131\u015facaq.<\/p>\n<div id=\"AdributorNativeVideo0\" class=\"AdributorNativeVideo\"><\/div>\n<p>R.T.\u018frdo\u011fan\u0131n s\u0259r\u0259ncam\u0131na \u0259sas\u0259n, T\u00fcrkiy\u0259 Silahl\u0131 Q\u00fcvv\u0259l\u0259r h\u0259rbi b\u00f6lm\u0259l\u0259rin\u0259 d\u0259 bir s\u0131ra komandanlar &#8211; general v\u0259 admirallar t\u0259yin edilib.<\/p>\n","protected":false},"excerpt":{"rendered":"<p>T\u00fcrkiy\u0259\u00a0Prezidenti R\u0259c\u0259b Tayyib \u018frdo\u011fan T\u00fcrkiy\u0259ninAz\u0259rbaycanda yeni h\u0259rbi atta\u015fesini t\u0259yin edib. ARANTV.AZ-\u0131n Trend-\u0259 istinad\u0259n m\u0259lumat\u0131na g\u00f6r\u0259, bu v\u0259zif\u0259d\u0259 T\u00fcrkiy\u0259 Ba\u015f Q\u0259rargah\u0131n\u0131n \u0130nspeksiya v\u0259 qiym\u0259tl\u0259ndirm\u0259 b\u00f6lm\u0259sinin r\u0259is m\u00fcavini \u0130smay\u0131l Hakk\u0131 K\u00f6seali \u00e7al\u0131\u015facaq. R.T.\u018frdo\u011fan\u0131n s\u0259r\u0259ncam\u0131na \u0259sas\u0259n, T\u00fcrkiy\u0259 Silahl\u0131 Q\u00fcvv\u0259l\u0259r h\u0259rbi b\u00f6lm\u0259l\u0259rin\u0259 d\u0259 bir s\u0131ra komandanlar &#8211; general v\u0259 admirallar t\u0259yin edilib.<\/p>\n","protected":false},"author":2,"featured_media":37898,"comment_status":"closed","ping_status":"closed","sticky":false,"template":"","format":"standard","meta":{"om_disable_all_campaigns":false,"_monsterinsights_skip_tracking":false,"_monsterinsights_sitenote_active":false,"_monsterinsights_sitenote_note":"","_monsterinsights_sitenote_category":0},"categories":[19],"tags":[],"aioseo_notices":[],"gutentor_comment":0,"rttpg_featured_image_url":{"full":["https:\/\/arantv.az\/wp-content\/uploads\/2019\/02\/1126591.jpg",734,489,false],"landscape":["https:\/\/arantv.az\/wp-content\/uploads\/2019\/02\/1126591.jpg",734,489,false],"portraits":["https:\/\/arantv.az\/wp-content\/uploads\/2019\/02\/1126591.jpg",734,489,false],"thumbnail":["https:\/\/arantv.az\/wp-content\/uploads\/2019\/02\/1126591-150x150.jpg",150,150,true],"medium":["https:\/\/arantv.az\/wp-content\/uploads\/2019\/02\/1126591-300x200.jpg",300,200,true],"large":["https:\/\/arantv.az\/wp-content\/uploads\/2019\/02\/1126591.jpg",640,426,false],"1536x1536":["https:\/\/arantv.az\/wp-content\/uploads\/2019\/02\/1126591.jpg",734,489,false],"2048x2048":["https:\/\/arantv.az\/wp-content\/uploads\/2019\/02\/1126591.jpg",734,489,false],"post-thumbnail":["https:\/\/arantv.az\/wp-content\/uploads\/2019\/02\/1126591-240x172.jpg",240,172,true],"advps-thumb-one":["https:\/\/arantv.az\/wp-content\/uploads\/2019\/02\/1126591.jpg",734,489,false]},"rttpg_author":{"display_name":"V\u00fcsal Rafiqo\u011flu","author_link":"https:\/\/arantv.az\/?author=2"},"rttpg_comment":0,"rttpg_category":"<a href=\"https:\/\/arantv.az\/?cat=19\" rel=\"category\">G\u00fcnd\u0259m<\/a>","rttpg_excerpt":"T\u00fcrkiy\u0259\u00a0Prezidenti R\u0259c\u0259b Tayyib \u018frdo\u011fan T\u00fcrkiy\u0259ninAz\u0259rbaycanda yeni h\u0259rbi atta\u015fesini t\u0259yin edib. ARANTV.AZ-\u0131n Trend-\u0259 istinad\u0259n m\u0259lumat\u0131na g\u00f6r\u0259, bu v\u0259zif\u0259d\u0259 T\u00fcrkiy\u0259 Ba\u015f Q\u0259rargah\u0131n\u0131n \u0130nspeksiya v\u0259 qiym\u0259tl\u0259ndirm\u0259 b\u00f6lm\u0259sinin r\u0259is m\u00fcavini \u0130smay\u0131l Hakk\u0131 K\u00f6seali \u00e7al\u0131\u015facaq. R.T.\u018frdo\u011fan\u0131n s\u0259r\u0259ncam\u0131na \u0259sas\u0259n, T\u00fcrkiy\u0259 Silahl\u0131 Q\u00fcvv\u0259l\u0259r h\u0259rbi b\u00f6lm\u0259l\u0259rin\u0259 d\u0259 bir s\u0131ra komandanlar &#8211; general v\u0259 admirallar t\u0259yin edilib.","_links":{"self":[{"href":"https:\/\/arantv.az\/index.php?rest_route=\/wp\/v2\/posts\/37897"}],"collection":[{"href":"https:\/\/arantv.az\/index.php?rest_route=\/wp\/v2\/posts"}],"about":[{"href":"https:\/\/arantv.az\/index.php?rest_route=\/wp\/v2\/types\/post"}],"author":[{"embeddable":true,"href":"https:\/\/arantv.az\/index.php?rest_route=\/wp\/v2\/users\/2"}],"replies":[{"embeddable":true,"href":"https:\/\/arantv.az\/index.php?rest_route=%2Fwp%2Fv2%2Fcomments&post=37897"}],"version-history":[{"count":0,"href":"https:\/\/arantv.az\/index.php?rest_route=\/wp\/v2\/posts\/37897\/revisions"}],"wp:featuredmedia":[{"embeddable":true,"href":"https:\/\/arantv.az\/index.php?rest_route=\/wp\/v2\/media\/37898"}],"wp:attachment":[{"href":"https:\/\/arantv.az\/index.php?rest_route=%2Fwp%2Fv2%2Fmedia&parent=37897"}],"wp:term":[{"taxonomy":"category","embeddable":true,"href":"https:\/\/arantv.az\/index.php?rest_route=%2Fwp%2Fv2%2Fcategories&post=37897"},{"taxonomy":"post_tag","embeddable":true,"href":"https:\/\/arantv.az\/index.php?rest_route=%2Fwp%2Fv2%2Ftags&post=37897"}],"curies":[{"name":"wp","href":"https:\/\/api.w.org\/{rel}","templated":true}]}}