{"id":37900,"date":"2019-02-12T09:58:27","date_gmt":"2019-02-12T06:58:27","guid":{"rendered":"http:\/\/arantv.az\/?p=37900"},"modified":"2019-02-12T09:58:27","modified_gmt":"2019-02-12T06:58:27","slug":"iran-islam-inqilabinin-40-ci-ildonumu-munasib%c9%99til%c9%99-bakida-r%c9%99smi-q%c9%99bul-t%c9%99skil-edilib","status":"publish","type":"post","link":"https:\/\/arantv.az\/?p=37900","title":{"rendered":"\u0130ran \u0130slam \u0130nqilab\u0131n\u0131n 40-c\u0131 ild\u00f6n\u00fcm\u00fc m\u00fcnasib\u0259til\u0259 Bak\u0131da r\u0259smi q\u0259bul t\u0259\u015fkil edilib"},"content":{"rendered":"<p><strong>ARANTV.AZ<\/strong> x\u0259b\u0259r verir ki, fevral\u0131n 11-d\u0259 \u0130ran\u0131n Az\u0259rbaycandak\u0131 s\u0259firliyi \u00f6lk\u0259nin milli bayram\u0131 \u2013 \u0130slam \u0130nqilab\u0131n\u0131n 40-c\u0131 ild\u00f6n\u00fcm\u00fc m\u00fcnasib\u0259til\u0259 r\u0259smi q\u0259bul t\u0259\u015fkil edib.<\/p>\n<p>\u018fvv\u0259lc\u0259 Az\u0259rbaycan\u0131n v\u0259 \u0130ran\u0131n d\u00f6vl\u0259t himnl\u0259ri s\u0259sl\u0259ndirilib.<\/p>\n<p>S\u0259fir Cavad Cahangirzad\u0259 \u0130ran\u0131n inqilabdan \u00f6t\u0259n 40 ild\u0259 ke\u00e7diyi inki\u015faf yolundan dan\u0131\u015f\u0131b, bu m\u00fcdd\u0259td\u0259 m\u00fcxt\u0259lif u\u011furlar\u0131n qazan\u0131ld\u0131\u011f\u0131n\u0131 diqq\u0259t\u0259 \u00e7atd\u0131r\u0131b. S\u0259fir bildirib ki, \u0130ran \u0130slam Respublikas\u0131 \u00f6t\u0259n m\u00fcdd\u0259td\u0259 regional sabitlik amili kimi \u00e7\u0131x\u0131\u015f edib.<\/p>\n<p>\u00d6lk\u0259l\u0259rimiz aras\u0131ndak\u0131 m\u00fcnasib\u0259tl\u0259rd\u0259n dan\u0131\u015fan diplomat deyib ki, \u0130ran il\u0259 Az\u0259rbaycan aras\u0131ndak\u0131 dostluq v\u0259 qarda\u015fl\u0131\u011fa \u0259saslanan \u0259laq\u0259l\u0259r g\u00fcnd\u0259n-g\u00fcn\u0259 inki\u015faf edir. D\u00f6vl\u0259t ba\u015f\u00e7\u0131lar\u0131n\u0131n s\u0259mimi m\u00fcnasib\u0259tl\u0259ri iki \u00f6lk\u0259 aras\u0131nda \u0259m\u0259kda\u015fl\u0131\u011f\u0131n geni\u015fl\u0259ndirilm\u0259si \u00fc\u00e7\u00fcn m\u00f6hk\u0259m dayaq olub. C.Cahangirzad\u0259 deyib ki, iki qarda\u015f xalq aras\u0131nda \u00e7ox\u015fax\u0259li \u0259m\u0259kda\u015fl\u0131qlar, q\u0131r\u0131lmaz tell\u0259r yaratm\u0131\u015f\u0131q. Son ill\u0259r \u00f6lk\u0259l\u0259rimiz aras\u0131nda qar\u015f\u0131l\u0131ql\u0131 turist m\u00fcbadil\u0259sinin artmas\u0131 \u00f6lk\u0259l\u0259rimiz aras\u0131ndak\u0131 dostlu\u011fun n\u0259tic\u0259sidir.<\/p>\n<p>Az\u0259rbaycan\u0131n iqtisadiyyat naziri \u015eahin Mustafayev \u0259lam\u0259tdar g\u00fcn m\u00fcnasib\u0259til\u0259 \u0130ran xalq\u0131n\u0131 Az\u0259rbaycan h\u00f6kum\u0259ti ad\u0131ndan t\u0259brik edib. Az\u0259rbaycan v\u0259 \u0130ran xalqlar\u0131n\u0131 ortaq m\u0259n\u0259vi d\u0259y\u0259rl\u0259rin birl\u0259\u015fdirdiyini dey\u0259n nazir qeyd edib ki, \u00f6lk\u0259l\u0259rimiz aras\u0131nda \u0259laq\u0259l\u0259r bu g\u00fcn \u0259n y\u00fcks\u0259k s\u0259viyy\u0259y\u0259 qalx\u0131b. D\u00f6vl\u0259tl\u0259rimizin ba\u015f\u00e7\u0131lar\u0131n\u0131n son be\u015f ild\u0259 12 d\u0259f\u0259 g\u00f6r\u00fc\u015fm\u0259si \u0259laq\u0259l\u0259rimizin inki\u015faf\u0131na \u0259n y\u00fcks\u0259k s\u0259viyy\u0259d\u0259 veril\u0259n b\u00f6y\u00fck \u00f6n\u0259min g\u00f6st\u0259ricisidir.<\/p>\n<p>\u0130kit\u0259r\u0259fli \u0259m\u0259kda\u015fl\u0131\u011f\u0131n m\u00f6hk\u0259m m\u00fcqavil\u0259-h\u00fcquq bazas\u0131n\u0131n yarad\u0131ld\u0131\u011f\u0131n\u0131 vur\u011fulayan \u015e.Mustafayev bildirib ki, indiy\u0259d\u0259k 150-d\u0259n art\u0131q s\u0259n\u0259d, o c\u00fcml\u0259d\u0259n iqtisadi sah\u0259d\u0259 bir s\u0131ra m\u00fch\u00fcm s\u0259n\u0259dl\u0259r imzalan\u0131b. 2018-ci ild\u0259 X\u0259z\u0259r d\u0259nizinin h\u00fcquqi statusu haqq\u0131nda Konvensiyan\u0131n v\u0259 X\u0259z\u0259ryan\u0131 d\u00f6vl\u0259tl\u0259r aras\u0131nda ticar\u0259t-iqtisadi \u0259m\u0259kda\u015fl\u0131q haqq\u0131nda Sazi\u015fin imzalanmas\u0131 \u00f6lk\u0259l\u0259rimiz aras\u0131nda \u00e7oxt\u0259r\u0259fli formatda da \u0259m\u0259kda\u015fl\u0131\u011f\u0131n geni\u015fl\u0259ndiyini g\u00f6st\u0259rir. \u018flaq\u0259l\u0259rin inki\u015faf\u0131nda H\u00f6kum\u0259tl\u0259raras\u0131 Konvensiyan\u0131n v\u0259 parlamentl\u0259raras\u0131 i\u015f\u00e7i qruplar\u0131n\u0131n da m\u00fch\u00fcm rolu var. Cari ilin mart\u0131nda Az\u0259rbaycanda ke\u00e7iril\u0259c\u0259k Komissiyan\u0131n 13-c\u00fc iclas\u0131 zaman\u0131 da s\u0259m\u0259r\u0259li m\u00fczakir\u0259l\u0259r apar\u0131lacaq, yeni raz\u0131l\u0131qlar \u0259ld\u0259 edil\u0259c\u0259k.<\/p>\n<p>Ticar\u0259t \u0259laq\u0259l\u0259rinin inki\u015faf\u0131ndan dan\u0131\u015fan \u015e.Mustafayev qeyd edib ki, 2017-ci ill\u0259 m\u00fcqayis\u0259d\u0259 \u00f6t\u0259n il qar\u015f\u0131l\u0131ql\u0131 ticar\u0259t d\u00f6vriyy\u0259si t\u0259qrib\u0259n 74 faiz art\u0131b. \u018flaq\u0259l\u0259rimizin daha da geni\u015fl\u0259nm\u0259si m\u0259qs\u0259dil\u0259 h\u0259r iki \u00f6lk\u0259nin paytaxt\u0131nda, el\u0259c\u0259 d\u0259 regionlar\u0131nda i\u015f adamlar\u0131n\u0131n i\u015ftirak\u0131 il\u0259 m\u00fcnt\u0259z\u0259m g\u00f6r\u00fc\u015fl\u0259r, biznes forumlar, s\u0259rgil\u0259r v\u0259 dig\u0259r i\u015fg\u00fczar t\u0259dbirl\u0259r ke\u00e7irilir. \u0130ran\u0131n \u00f6lk\u0259miz\u0259 yat\u0131rd\u0131\u011f\u0131 3,4 milyard dollar investisiyan\u0131n 3,3 milyard dollar\u0131 neft sektoruna, 120 milyon dollar\u0131 is\u0259 qeyri-neft sektoruna y\u00f6n\u0259ldilib. Az\u0259rbaycanda xidm\u0259t, rabit\u0259, ticar\u0259t, s\u0259naye, tikinti, bank v\u0259 s\u0131\u011forta, n\u0259qliyyat v\u0259 dig\u0259r sah\u0259l\u0259rd\u0259 min\u0259 yax\u0131n \u0130ran \u015firk\u0259ti f\u0259aliyy\u0259t g\u00f6st\u0259rir. \u00d6t\u0259n il Neft\u00e7ala S\u0259naye M\u0259h\u0259ll\u0259sind\u0259 a\u00e7\u0131l\u0131\u015f\u0131 h\u0259yata ke\u00e7irilmi\u015f \u201cX\u0259z\u0259r\u201d avtomobil zavodunun u\u011furlu f\u0259aliyy\u0259ti s\u0259m\u0259r\u0259li investisiya t\u0259r\u0259fda\u015fl\u0131\u011f\u0131n\u0131n bariz n\u00fcmun\u0259si olmaqla yeni layih\u0259l\u0259rin h\u0259yata ke\u00e7irilm\u0259sin\u0259 \u0259lveri\u015fli z\u0259min yarad\u0131r.<\/p>\n<p>Nazir vur\u011fulay\u0131b ki, \u00f6lk\u0259l\u0259rimiz aras\u0131nda \u0259laq\u0259l\u0259rin \u0259sas istiqam\u0259tl\u0259rind\u0259n biri d\u0259 n\u0259qliyyat-tranzit \u0259m\u0259kda\u015fl\u0131\u011f\u0131d\u0131r. Bu g\u00fcn b\u00f6y\u00fck \u0259h\u0259miyy\u0259t\u0259 malik \u015eimal-C\u0259nub Beyn\u0259lxalq N\u0259qliyyat D\u0259hlizi layih\u0259sinin realla\u015fd\u0131r\u0131lmas\u0131 \u00fc\u00e7\u00fcn m\u00fch\u00fcm add\u0131mlar at\u0131l\u0131r. Az\u0259rbaycan bu layih\u0259 \u00fczr\u0259 \u00f6z \u0259razisind\u0259 m\u00fcvafiq infrastrukturun yarad\u0131lmas\u0131 i\u015fini u\u011furla tamamlay\u0131b, eyni zamanda, \u0130ran \u0259razisind\u0259 bu istiqam\u0259td\u0259 g\u00f6r\u00fcl\u0259n i\u015fl\u0259r\u0259 d\u0259st\u0259k verir.<\/p>\n<p>\u0130ki \u00f6lk\u0259 aras\u0131nda turizm sah\u0259sind\u0259 artan \u0259m\u0259kda\u015fl\u0131\u011f\u0131 x\u00fcsusil\u0259 qeyd ed\u0259n nazir bildirib ki, \u0130randan Az\u0259rbaycana s\u0259f\u0259r etmi\u015f turistl\u0259rin say\u0131nda d\u0259f\u0259l\u0259rl\u0259 art\u0131m m\u00fc\u015fahid\u0259 olunub. \u201cASAN viza\u201d vasit\u0259sil\u0259 viza alan \u0259cn\u0259bil\u0259rin say\u0131na g\u00f6r\u0259 \u0130ran v\u0259t\u0259nda\u015flar\u0131 \u00f6n s\u0131ralardad\u0131r.<\/p>\n<p>T\u0259dbird\u0259 r\u0259smi \u015f\u0259xsl\u0259r, Milli M\u0259clisin deputatlar\u0131, xarici \u00f6lk\u0259l\u0259rin Az\u0259rbaycandak\u0131 s\u0259firl\u0259ri v\u0259 ictimaiyy\u0259tin n\u00fcmay\u0259nd\u0259l\u0259ri i\u015ftirak edibl\u0259r.<\/p>\n","protected":false},"excerpt":{"rendered":"<p>ARANTV.AZ x\u0259b\u0259r verir ki, fevral\u0131n 11-d\u0259 \u0130ran\u0131n Az\u0259rbaycandak\u0131 s\u0259firliyi \u00f6lk\u0259nin milli bayram\u0131 \u2013 \u0130slam \u0130nqilab\u0131n\u0131n 40-c\u0131 ild\u00f6n\u00fcm\u00fc m\u00fcnasib\u0259til\u0259 r\u0259smi q\u0259bul t\u0259\u015fkil edib. \u018fvv\u0259lc\u0259 Az\u0259rbaycan\u0131n v\u0259 \u0130ran\u0131n d\u00f6vl\u0259t himnl\u0259ri s\u0259sl\u0259ndirilib. S\u0259fir Cavad Cahangirzad\u0259 \u0130ran\u0131n inqilabdan \u00f6t\u0259n 40 ild\u0259 ke\u00e7diyi inki\u015faf yolundan dan\u0131\u015f\u0131b, bu m\u00fcdd\u0259td\u0259 m\u00fcxt\u0259lif u\u011furlar\u0131n qazan\u0131ld\u0131\u011f\u0131n\u0131 diqq\u0259t\u0259 \u00e7atd\u0131r\u0131b. S\u0259fir bildirib ki, \u0130ran \u0130slam Respublikas\u0131 \u00f6t\u0259n m\u00fcdd\u0259td\u0259 regional sabitlik amili kimi \u00e7\u0131x\u0131\u015f edib. \u00d6lk\u0259l\u0259rimiz aras\u0131ndak\u0131 m\u00fcnasib\u0259tl\u0259rd\u0259n dan\u0131\u015fan diplomat deyib ki, \u0130ran il\u0259 Az\u0259rbaycan aras\u0131ndak\u0131 dostluq v\u0259 qarda\u015fl\u0131\u011fa \u0259saslanan \u0259laq\u0259l\u0259r g\u00fcnd\u0259n-g\u00fcn\u0259 inki\u015faf edir. D\u00f6vl\u0259t ba\u015f\u00e7\u0131lar\u0131n\u0131n s\u0259mimi m\u00fcnasib\u0259tl\u0259ri iki \u00f6lk\u0259 aras\u0131nda \u0259m\u0259kda\u015fl\u0131\u011f\u0131n geni\u015fl\u0259ndirilm\u0259si&hellip;<\/p>\n","protected":false},"author":2,"featured_media":37901,"comment_status":"closed","ping_status":"closed","sticky":false,"template":"","format":"standard","meta":{"om_disable_all_campaigns":false,"_monsterinsights_skip_tracking":false,"_monsterinsights_sitenote_active":false,"_monsterinsights_sitenote_note":"","_monsterinsights_sitenote_category":0},"categories":[4],"tags":[],"aioseo_notices":[],"gutentor_comment":0,"rttpg_featured_image_url":{"full":["https:\/\/arantv.az\/wp-content\/uploads\/2019\/02\/2pk53mqbv4qi942nplpp8tvqj0ir.jpg",968,669,false],"landscape":["https:\/\/arantv.az\/wp-content\/uploads\/2019\/02\/2pk53mqbv4qi942nplpp8tvqj0ir.jpg",968,669,false],"portraits":["https:\/\/arantv.az\/wp-content\/uploads\/2019\/02\/2pk53mqbv4qi942nplpp8tvqj0ir.jpg",968,669,false],"thumbnail":["https:\/\/arantv.az\/wp-content\/uploads\/2019\/02\/2pk53mqbv4qi942nplpp8tvqj0ir-150x150.jpg",150,150,true],"medium":["https:\/\/arantv.az\/wp-content\/uploads\/2019\/02\/2pk53mqbv4qi942nplpp8tvqj0ir-300x207.jpg",300,207,true],"large":["https:\/\/arantv.az\/wp-content\/uploads\/2019\/02\/2pk53mqbv4qi942nplpp8tvqj0ir.jpg",640,442,false],"1536x1536":["https:\/\/arantv.az\/wp-content\/uploads\/2019\/02\/2pk53mqbv4qi942nplpp8tvqj0ir.jpg",968,669,false],"2048x2048":["https:\/\/arantv.az\/wp-content\/uploads\/2019\/02\/2pk53mqbv4qi942nplpp8tvqj0ir.jpg",968,669,false],"post-thumbnail":["https:\/\/arantv.az\/wp-content\/uploads\/2019\/02\/2pk53mqbv4qi942nplpp8tvqj0ir-240x172.jpg",240,172,true],"advps-thumb-one":["https:\/\/arantv.az\/wp-content\/uploads\/2019\/02\/2pk53mqbv4qi942nplpp8tvqj0ir-968x620.jpg",968,620,true]},"rttpg_author":{"display_name":"V\u00fcsal Rafiqo\u011flu","author_link":"https:\/\/arantv.az\/?author=2"},"rttpg_comment":0,"rttpg_category":"<a href=\"https:\/\/arantv.az\/?cat=4\" rel=\"category\">Siyas\u0259t<\/a>","rttpg_excerpt":"ARANTV.AZ x\u0259b\u0259r verir ki, fevral\u0131n 11-d\u0259 \u0130ran\u0131n Az\u0259rbaycandak\u0131 s\u0259firliyi \u00f6lk\u0259nin milli bayram\u0131 \u2013 \u0130slam \u0130nqilab\u0131n\u0131n 40-c\u0131 ild\u00f6n\u00fcm\u00fc m\u00fcnasib\u0259til\u0259 r\u0259smi q\u0259bul t\u0259\u015fkil edib. \u018fvv\u0259lc\u0259 Az\u0259rbaycan\u0131n v\u0259 \u0130ran\u0131n d\u00f6vl\u0259t himnl\u0259ri s\u0259sl\u0259ndirilib. S\u0259fir Cavad Cahangirzad\u0259 \u0130ran\u0131n inqilabdan \u00f6t\u0259n 40 ild\u0259 ke\u00e7diyi inki\u015faf yolundan dan\u0131\u015f\u0131b, bu m\u00fcdd\u0259td\u0259 m\u00fcxt\u0259lif u\u011furlar\u0131n qazan\u0131ld\u0131\u011f\u0131n\u0131 diqq\u0259t\u0259 \u00e7atd\u0131r\u0131b. S\u0259fir bildirib ki, \u0130ran \u0130slam Respublikas\u0131 \u00f6t\u0259n&hellip;","_links":{"self":[{"href":"https:\/\/arantv.az\/index.php?rest_route=\/wp\/v2\/posts\/37900"}],"collection":[{"href":"https:\/\/arantv.az\/index.php?rest_route=\/wp\/v2\/posts"}],"about":[{"href":"https:\/\/arantv.az\/index.php?rest_route=\/wp\/v2\/types\/post"}],"author":[{"embeddable":true,"href":"https:\/\/arantv.az\/index.php?rest_route=\/wp\/v2\/users\/2"}],"replies":[{"embeddable":true,"href":"https:\/\/arantv.az\/index.php?rest_route=%2Fwp%2Fv2%2Fcomments&post=37900"}],"version-history":[{"count":0,"href":"https:\/\/arantv.az\/index.php?rest_route=\/wp\/v2\/posts\/37900\/revisions"}],"wp:featuredmedia":[{"embeddable":true,"href":"https:\/\/arantv.az\/index.php?rest_route=\/wp\/v2\/media\/37901"}],"wp:attachment":[{"href":"https:\/\/arantv.az\/index.php?rest_route=%2Fwp%2Fv2%2Fmedia&parent=37900"}],"wp:term":[{"taxonomy":"category","embeddable":true,"href":"https:\/\/arantv.az\/index.php?rest_route=%2Fwp%2Fv2%2Fcategories&post=37900"},{"taxonomy":"post_tag","embeddable":true,"href":"https:\/\/arantv.az\/index.php?rest_route=%2Fwp%2Fv2%2Ftags&post=37900"}],"curies":[{"name":"wp","href":"https:\/\/api.w.org\/{rel}","templated":true}]}}