{"id":37903,"date":"2019-02-12T09:59:44","date_gmt":"2019-02-12T06:59:44","guid":{"rendered":"http:\/\/arantv.az\/?p=37903"},"modified":"2019-02-12T09:59:44","modified_gmt":"2019-02-12T06:59:44","slug":"az%c9%99rbaycan-prodexpo-2019-beyn%c9%99lxalq-%c9%99rzaq-s%c9%99rgisind%c9%99-t%c9%99msil-olunur","status":"publish","type":"post","link":"https:\/\/arantv.az\/?p=37903","title":{"rendered":"Az\u0259rbaycan \u201cProdexpo 2019\u201d beyn\u0259lxalq \u0259rzaq s\u0259rgisind\u0259 t\u0259msil olunur"},"content":{"rendered":"<p><strong>ARANTV.AZ<\/strong> x\u0259b\u0259r verir ki, Moskvada \u201cProdexpo 2019\u201d beyn\u0259lxalq \u0259rzaq s\u0259rgisi a\u00e7\u0131l\u0131b. Fevral\u0131n 15-d\u0259k davam ed\u0259c\u0259k s\u0259rgid\u0259 \u00f6lk\u0259miz \u201cMade in Azerbaijan\u201d stendi il\u0259 t\u0259msil olunur.<\/p>\n<p>\u201cMade in Azerbaijan\u201d brendli m\u0259hsullar\u0131n sora\u011f\u0131 m\u00fcxt\u0259lif \u00f6lk\u0259l\u0259rd\u0259n g\u0259lir. Xarici bazarlara \u00e7\u0131xar\u0131lan, \u0259rzaq v\u0259 qida s\u0259rgil\u0259rind\u0259 n\u00fcmayi\u015f etdiril\u0259n yerli m\u0259hsullar bu d\u0259f\u0259 regionun qida s\u0259nayesi \u00fczr\u0259 m\u00fch\u00fcm v\u0259 \u0259h\u0259miyy\u0259tli t\u0259dbirl\u0259rind\u0259n olan \u201cProdexpo 2019\u201d beyn\u0259lxalq \u0259rzaq s\u0259rgisind\u0259 maraqla qar\u015f\u0131lan\u0131r.<\/p>\n<p>Az\u0259rbaycana aid pavilyonda \u00f6lk\u0259mizd\u0259 istehsal edil\u0259n, h\u0259m\u00e7inin \u00f6z\u00fcn\u00fcn keyfiyy\u0259ti v\u0259 r\u0259qab\u0259tqabiliyy\u0259tliyi il\u0259 se\u00e7il\u0259n m\u0259hsullar vahid \u00f6lk\u0259 stendi il\u0259 t\u0259qdim edilir. S\u0259rgi zaman\u0131 ziyar\u0259t\u00e7il\u0259r\u0259 Az\u0259rbaycan haqq\u0131nda m\u0259lumat verilir.<\/p>\n<p>\u0130ndi Az\u0259rbaycan m\u0259hsullar\u0131n\u0131 \u0259cn\u0259bil\u0259r \u00f6z \u00f6lk\u0259l\u0259rind\u0259 rahatl\u0131qla \u0259ld\u0259 ed\u0259 bilirl\u0259r. Bu c\u00fcr s\u0259rgil\u0259r is\u0259 \u201cMade in Azerbijan\u201d brendli m\u0259hsullar\u0131n t\u0259\u015fviqi istiqam\u0259tind\u0259 g\u00f6r\u00fcl\u0259n i\u015fl\u0259r\u0259 t\u00f6hf\u0259 verir, h\u0259m\u00e7inin ziyar\u0259t\u00e7il\u0259rin yeni m\u0259hsullarla tan\u0131\u015fl\u0131\u011f\u0131na imkan yarad\u0131r.<\/p>\n<p>Bu d\u0259f\u0259 s\u0259rgid\u0259 65 \u00f6lk\u0259d\u0259n 2000-d\u0259n \u00e7ox \u015firk\u0259tin m\u0259hsullar\u0131 n\u00fcmayi\u015f olunur. Az\u0259rbaycan\u0131n Rusiyadak\u0131 s\u0259firi Polad B\u00fclb\u00fclo\u011flu bildirdi ki, bu s\u0259rgi \u00f6lk\u0259l\u0259r \u00fc\u00e7\u00fcn Rusiya bazar\u0131na \u00e7\u0131xmaq, s\u0259m\u0259r\u0259li m\u00fcqavil\u0259l\u0259r ba\u011flamaq, \u00f6lk\u0259l\u0259rimiz aras\u0131nda \u0259mt\u0259\u0259 m\u00fcbadil\u0259sini art\u0131rmaq \u00fc\u00e7\u00fcn yax\u015f\u0131 f\u00fcrs\u0259tdir. \u018frzaq s\u0259rgisinin r\u0259smi internet sayt\u0131nda habel\u0259 s\u0259rgi ziyar\u0259t\u00e7il\u0259rin\u0259 t\u0259qdim olunan katoloqlarda, bannerl\u0259rd\u0259 Az\u0259rbaycan bar\u0259d\u0259 m\u0259lumatlar yerl\u0259\u015fdirilib. Bundan ba\u015fqa, s\u0259rginin ke\u00e7irildiyi zallardak\u0131 b\u00fct\u00fcn monitorlarda \u201cMade in Azerbaijan\u201d brendinin reklam \u00e7arxlar\u0131 n\u00fcmayi\u015f olunur.<\/p>\n","protected":false},"excerpt":{"rendered":"<p>ARANTV.AZ x\u0259b\u0259r verir ki, Moskvada \u201cProdexpo 2019\u201d beyn\u0259lxalq \u0259rzaq s\u0259rgisi a\u00e7\u0131l\u0131b. Fevral\u0131n 15-d\u0259k davam ed\u0259c\u0259k s\u0259rgid\u0259 \u00f6lk\u0259miz \u201cMade in Azerbaijan\u201d stendi il\u0259 t\u0259msil olunur. \u201cMade in Azerbaijan\u201d brendli m\u0259hsullar\u0131n sora\u011f\u0131 m\u00fcxt\u0259lif \u00f6lk\u0259l\u0259rd\u0259n g\u0259lir. Xarici bazarlara \u00e7\u0131xar\u0131lan, \u0259rzaq v\u0259 qida s\u0259rgil\u0259rind\u0259 n\u00fcmayi\u015f etdiril\u0259n yerli m\u0259hsullar bu d\u0259f\u0259 regionun qida s\u0259nayesi \u00fczr\u0259 m\u00fch\u00fcm v\u0259 \u0259h\u0259miyy\u0259tli t\u0259dbirl\u0259rind\u0259n olan \u201cProdexpo 2019\u201d beyn\u0259lxalq \u0259rzaq s\u0259rgisind\u0259 maraqla qar\u015f\u0131lan\u0131r. Az\u0259rbaycana aid pavilyonda \u00f6lk\u0259mizd\u0259 istehsal edil\u0259n, h\u0259m\u00e7inin \u00f6z\u00fcn\u00fcn keyfiyy\u0259ti v\u0259 r\u0259qab\u0259tqabiliyy\u0259tliyi il\u0259 se\u00e7il\u0259n m\u0259hsullar vahid \u00f6lk\u0259 stendi il\u0259 t\u0259qdim edilir. S\u0259rgi zaman\u0131 ziyar\u0259t\u00e7il\u0259r\u0259 Az\u0259rbaycan haqq\u0131nda m\u0259lumat verilir. \u0130ndi&hellip;<\/p>\n","protected":false},"author":2,"featured_media":37904,"comment_status":"closed","ping_status":"closed","sticky":false,"template":"","format":"standard","meta":{"om_disable_all_campaigns":false,"_monsterinsights_skip_tracking":false,"_monsterinsights_sitenote_active":false,"_monsterinsights_sitenote_note":"","_monsterinsights_sitenote_category":0},"categories":[19],"tags":[],"aioseo_notices":[],"gutentor_comment":0,"rttpg_featured_image_url":{"full":["https:\/\/arantv.az\/wp-content\/uploads\/2019\/02\/2pk53mqbv4qi942nplpp8tvqj0ser.jpg",892,669,false],"landscape":["https:\/\/arantv.az\/wp-content\/uploads\/2019\/02\/2pk53mqbv4qi942nplpp8tvqj0ser.jpg",892,669,false],"portraits":["https:\/\/arantv.az\/wp-content\/uploads\/2019\/02\/2pk53mqbv4qi942nplpp8tvqj0ser.jpg",892,669,false],"thumbnail":["https:\/\/arantv.az\/wp-content\/uploads\/2019\/02\/2pk53mqbv4qi942nplpp8tvqj0ser-150x150.jpg",150,150,true],"medium":["https:\/\/arantv.az\/wp-content\/uploads\/2019\/02\/2pk53mqbv4qi942nplpp8tvqj0ser-300x225.jpg",300,225,true],"large":["https:\/\/arantv.az\/wp-content\/uploads\/2019\/02\/2pk53mqbv4qi942nplpp8tvqj0ser.jpg",640,480,false],"1536x1536":["https:\/\/arantv.az\/wp-content\/uploads\/2019\/02\/2pk53mqbv4qi942nplpp8tvqj0ser.jpg",892,669,false],"2048x2048":["https:\/\/arantv.az\/wp-content\/uploads\/2019\/02\/2pk53mqbv4qi942nplpp8tvqj0ser.jpg",892,669,false],"post-thumbnail":["https:\/\/arantv.az\/wp-content\/uploads\/2019\/02\/2pk53mqbv4qi942nplpp8tvqj0ser-240x172.jpg",240,172,true],"advps-thumb-one":["https:\/\/arantv.az\/wp-content\/uploads\/2019\/02\/2pk53mqbv4qi942nplpp8tvqj0ser-892x620.jpg",892,620,true]},"rttpg_author":{"display_name":"V\u00fcsal Rafiqo\u011flu","author_link":"https:\/\/arantv.az\/?author=2"},"rttpg_comment":0,"rttpg_category":"<a href=\"https:\/\/arantv.az\/?cat=19\" rel=\"category\">G\u00fcnd\u0259m<\/a>","rttpg_excerpt":"ARANTV.AZ x\u0259b\u0259r verir ki, Moskvada \u201cProdexpo 2019\u201d beyn\u0259lxalq \u0259rzaq s\u0259rgisi a\u00e7\u0131l\u0131b. Fevral\u0131n 15-d\u0259k davam ed\u0259c\u0259k s\u0259rgid\u0259 \u00f6lk\u0259miz \u201cMade in Azerbaijan\u201d stendi il\u0259 t\u0259msil olunur. \u201cMade in Azerbaijan\u201d brendli m\u0259hsullar\u0131n sora\u011f\u0131 m\u00fcxt\u0259lif \u00f6lk\u0259l\u0259rd\u0259n g\u0259lir. Xarici bazarlara \u00e7\u0131xar\u0131lan, \u0259rzaq v\u0259 qida s\u0259rgil\u0259rind\u0259 n\u00fcmayi\u015f etdiril\u0259n yerli m\u0259hsullar bu d\u0259f\u0259 regionun qida s\u0259nayesi \u00fczr\u0259 m\u00fch\u00fcm v\u0259 \u0259h\u0259miyy\u0259tli t\u0259dbirl\u0259rind\u0259n olan&hellip;","_links":{"self":[{"href":"https:\/\/arantv.az\/index.php?rest_route=\/wp\/v2\/posts\/37903"}],"collection":[{"href":"https:\/\/arantv.az\/index.php?rest_route=\/wp\/v2\/posts"}],"about":[{"href":"https:\/\/arantv.az\/index.php?rest_route=\/wp\/v2\/types\/post"}],"author":[{"embeddable":true,"href":"https:\/\/arantv.az\/index.php?rest_route=\/wp\/v2\/users\/2"}],"replies":[{"embeddable":true,"href":"https:\/\/arantv.az\/index.php?rest_route=%2Fwp%2Fv2%2Fcomments&post=37903"}],"version-history":[{"count":0,"href":"https:\/\/arantv.az\/index.php?rest_route=\/wp\/v2\/posts\/37903\/revisions"}],"wp:featuredmedia":[{"embeddable":true,"href":"https:\/\/arantv.az\/index.php?rest_route=\/wp\/v2\/media\/37904"}],"wp:attachment":[{"href":"https:\/\/arantv.az\/index.php?rest_route=%2Fwp%2Fv2%2Fmedia&parent=37903"}],"wp:term":[{"taxonomy":"category","embeddable":true,"href":"https:\/\/arantv.az\/index.php?rest_route=%2Fwp%2Fv2%2Fcategories&post=37903"},{"taxonomy":"post_tag","embeddable":true,"href":"https:\/\/arantv.az\/index.php?rest_route=%2Fwp%2Fv2%2Ftags&post=37903"}],"curies":[{"name":"wp","href":"https:\/\/api.w.org\/{rel}","templated":true}]}}