{"id":37917,"date":"2019-02-12T10:15:21","date_gmt":"2019-02-12T07:15:21","guid":{"rendered":"http:\/\/arantv.az\/?p=37917"},"modified":"2019-02-12T10:15:21","modified_gmt":"2019-02-12T07:15:21","slug":"milli-m%c9%99clis-x%c9%99z%c9%99r-d%c9%99nizinin-huquqi-statusu-haqqinda-konvensiyani-t%c9%99sdiq-ed%c9%99c%c9%99k","status":"publish","type":"post","link":"https:\/\/arantv.az\/?p=37917","title":{"rendered":"Milli M\u0259clis \u201cX\u0259z\u0259r d\u0259nizinin h\u00fcquqi statusu haqq\u0131nda\u201d Konvensiyan\u0131 t\u0259sdiq ed\u0259c\u0259k"},"content":{"rendered":"<p><strong>Milli M\u0259clis &#8220;X\u0259z\u0259r d\u0259nizinin h\u00fcquqi statusu haqq\u0131nda&#8221; Konvensiyan\u0131n t\u0259sdiq edilm\u0259si m\u0259s\u0259l\u0259sin m\u00fczakir\u0259 ed\u0259c\u0259k.<\/strong><\/p>\n<p><strong>ARANTV.AZ<\/strong> trend-\u0259 istinad\u0259n x\u0259b\u0259r verir ki, bu bar\u0259d\u0259 m\u0259s\u0259l\u0259 Milli M\u0259clisin fevral\u0131n 12-d\u0259 ke\u00e7iril\u0259c\u0259k plenar iclas\u0131nda m\u00fczakir\u0259y\u0259 \u00e7\u0131xar\u0131lacaq.<\/p>\n<p>Qeyd ed\u0259k ki, 22 il s\u00fcr\u0259n sistemli dan\u0131\u015f\u0131qlardan sonra avqustun 12-d\u0259 Qazax\u0131stan\u0131n Aktau \u015f\u0259h\u0259rind\u0259 X\u0259z\u0259ryan\u0131 d\u00f6vl\u0259t ba\u015f\u00e7\u0131lar\u0131n\u0131n V Zirv\u0259 toplant\u0131s\u0131nda &#8220;X\u0259z\u0259r d\u0259nizinin h\u00fcquqi statusu haqq\u0131nda&#8221; Konvensiya imzalan\u0131b.<\/p>\n<p>Konvensiyan\u0131 Az\u0259rbaycan Prezidenti \u0130lham \u018fliyev, \u0130ran Prezidenti H\u0259s\u0259n Ruhani, Qazax\u0131stan Prezidenti Nursultan Nazarbayev, Rusiya Prezidenti Vladimir Putin v\u0259 T\u00fcrkm\u0259nistan Prezidenti Qurbanqulu Berdim\u0259h\u0259mm\u0259dov imzalay\u0131blar.<\/p>\n","protected":false},"excerpt":{"rendered":"<p>Milli M\u0259clis &#8220;X\u0259z\u0259r d\u0259nizinin h\u00fcquqi statusu haqq\u0131nda&#8221; Konvensiyan\u0131n t\u0259sdiq edilm\u0259si m\u0259s\u0259l\u0259sin m\u00fczakir\u0259 ed\u0259c\u0259k. ARANTV.AZ trend-\u0259 istinad\u0259n x\u0259b\u0259r verir ki, bu bar\u0259d\u0259 m\u0259s\u0259l\u0259 Milli M\u0259clisin fevral\u0131n 12-d\u0259 ke\u00e7iril\u0259c\u0259k plenar iclas\u0131nda m\u00fczakir\u0259y\u0259 \u00e7\u0131xar\u0131lacaq. Qeyd ed\u0259k ki, 22 il s\u00fcr\u0259n sistemli dan\u0131\u015f\u0131qlardan sonra avqustun 12-d\u0259 Qazax\u0131stan\u0131n Aktau \u015f\u0259h\u0259rind\u0259 X\u0259z\u0259ryan\u0131 d\u00f6vl\u0259t ba\u015f\u00e7\u0131lar\u0131n\u0131n V Zirv\u0259 toplant\u0131s\u0131nda &#8220;X\u0259z\u0259r d\u0259nizinin h\u00fcquqi statusu haqq\u0131nda&#8221; Konvensiya imzalan\u0131b. Konvensiyan\u0131 Az\u0259rbaycan Prezidenti \u0130lham \u018fliyev, \u0130ran Prezidenti H\u0259s\u0259n Ruhani, Qazax\u0131stan Prezidenti Nursultan Nazarbayev, Rusiya Prezidenti Vladimir Putin v\u0259 T\u00fcrkm\u0259nistan Prezidenti Qurbanqulu Berdim\u0259h\u0259mm\u0259dov imzalay\u0131blar.<\/p>\n","protected":false},"author":2,"featured_media":37918,"comment_status":"closed","ping_status":"closed","sticky":false,"template":"","format":"standard","meta":{"om_disable_all_campaigns":false,"_monsterinsights_skip_tracking":false,"_monsterinsights_sitenote_active":false,"_monsterinsights_sitenote_note":"","_monsterinsights_sitenote_category":0},"categories":[1],"tags":[],"aioseo_notices":[],"gutentor_comment":0,"rttpg_featured_image_url":{"full":["https:\/\/arantv.az\/wp-content\/uploads\/2019\/02\/729765.jpg",800,600,false],"landscape":["https:\/\/arantv.az\/wp-content\/uploads\/2019\/02\/729765.jpg",800,600,false],"portraits":["https:\/\/arantv.az\/wp-content\/uploads\/2019\/02\/729765.jpg",800,600,false],"thumbnail":["https:\/\/arantv.az\/wp-content\/uploads\/2019\/02\/729765-150x150.jpg",150,150,true],"medium":["https:\/\/arantv.az\/wp-content\/uploads\/2019\/02\/729765-300x225.jpg",300,225,true],"large":["https:\/\/arantv.az\/wp-content\/uploads\/2019\/02\/729765.jpg",640,480,false],"1536x1536":["https:\/\/arantv.az\/wp-content\/uploads\/2019\/02\/729765.jpg",800,600,false],"2048x2048":["https:\/\/arantv.az\/wp-content\/uploads\/2019\/02\/729765.jpg",800,600,false],"post-thumbnail":["https:\/\/arantv.az\/wp-content\/uploads\/2019\/02\/729765-240x172.jpg",240,172,true],"advps-thumb-one":["https:\/\/arantv.az\/wp-content\/uploads\/2019\/02\/729765.jpg",800,600,false]},"rttpg_author":{"display_name":"V\u00fcsal Rafiqo\u011flu","author_link":"https:\/\/arantv.az\/?author=2"},"rttpg_comment":0,"rttpg_category":"<a href=\"https:\/\/arantv.az\/?cat=1\" rel=\"category\">C\u0259miyy\u0259t<\/a>","rttpg_excerpt":"Milli M\u0259clis &#8220;X\u0259z\u0259r d\u0259nizinin h\u00fcquqi statusu haqq\u0131nda&#8221; Konvensiyan\u0131n t\u0259sdiq edilm\u0259si m\u0259s\u0259l\u0259sin m\u00fczakir\u0259 ed\u0259c\u0259k. ARANTV.AZ trend-\u0259 istinad\u0259n x\u0259b\u0259r verir ki, bu bar\u0259d\u0259 m\u0259s\u0259l\u0259 Milli M\u0259clisin fevral\u0131n 12-d\u0259 ke\u00e7iril\u0259c\u0259k plenar iclas\u0131nda m\u00fczakir\u0259y\u0259 \u00e7\u0131xar\u0131lacaq. Qeyd ed\u0259k ki, 22 il s\u00fcr\u0259n sistemli dan\u0131\u015f\u0131qlardan sonra avqustun 12-d\u0259 Qazax\u0131stan\u0131n Aktau \u015f\u0259h\u0259rind\u0259 X\u0259z\u0259ryan\u0131 d\u00f6vl\u0259t ba\u015f\u00e7\u0131lar\u0131n\u0131n V Zirv\u0259 toplant\u0131s\u0131nda &#8220;X\u0259z\u0259r d\u0259nizinin h\u00fcquqi statusu&hellip;","_links":{"self":[{"href":"https:\/\/arantv.az\/index.php?rest_route=\/wp\/v2\/posts\/37917"}],"collection":[{"href":"https:\/\/arantv.az\/index.php?rest_route=\/wp\/v2\/posts"}],"about":[{"href":"https:\/\/arantv.az\/index.php?rest_route=\/wp\/v2\/types\/post"}],"author":[{"embeddable":true,"href":"https:\/\/arantv.az\/index.php?rest_route=\/wp\/v2\/users\/2"}],"replies":[{"embeddable":true,"href":"https:\/\/arantv.az\/index.php?rest_route=%2Fwp%2Fv2%2Fcomments&post=37917"}],"version-history":[{"count":0,"href":"https:\/\/arantv.az\/index.php?rest_route=\/wp\/v2\/posts\/37917\/revisions"}],"wp:featuredmedia":[{"embeddable":true,"href":"https:\/\/arantv.az\/index.php?rest_route=\/wp\/v2\/media\/37918"}],"wp:attachment":[{"href":"https:\/\/arantv.az\/index.php?rest_route=%2Fwp%2Fv2%2Fmedia&parent=37917"}],"wp:term":[{"taxonomy":"category","embeddable":true,"href":"https:\/\/arantv.az\/index.php?rest_route=%2Fwp%2Fv2%2Fcategories&post=37917"},{"taxonomy":"post_tag","embeddable":true,"href":"https:\/\/arantv.az\/index.php?rest_route=%2Fwp%2Fv2%2Ftags&post=37917"}],"curies":[{"name":"wp","href":"https:\/\/api.w.org\/{rel}","templated":true}]}}