{"id":37929,"date":"2019-02-12T10:27:32","date_gmt":"2019-02-12T07:27:32","guid":{"rendered":"http:\/\/arantv.az\/?p=37929"},"modified":"2019-02-12T10:27:32","modified_gmt":"2019-02-12T07:27:32","slug":"turkiy%c9%99d%c9%99-az%c9%99rbaycanli-fahis%c9%99l%c9%99r-tutuldu","status":"publish","type":"post","link":"https:\/\/arantv.az\/?p=37929","title":{"rendered":"T\u00fcrkiy\u0259d\u0259 az\u0259rbaycanl\u0131 fahi\u015f\u0259l\u0259r tutuldu"},"content":{"rendered":"<p>T\u00fcrkiy\u0259d\u0259 Trabzon polis idar\u0259sinin fahi\u015f\u0259likl\u0259 m\u00fcbariz\u0259 \u00e7\u0259r\u00e7iv\u0259sind\u0259 ke\u00e7irdiyi \u0259m\u0259liyyat zaman\u0131 d\u00f6rd\u00a0az\u0259rbaycanl\u0131 qad\u0131n saxlan\u0131l\u0131b.<\/p>\n<p><strong>ARANTV.AZ<\/strong>-\u0131n m\u0259lumat\u0131na g\u00f6r\u0259, \u0259m\u0259liyyat \u00c7\u00f6mlek\u00e7i m\u0259h\u0259ll\u0259sind\u0259 ba\u015f tutub.<\/p>\n<p>Onlar\u0131n m\u0259h\u0259ll\u0259d\u0259ki hotell\u0259rd\u0259n birind\u0259 fahi\u015f\u0259likl\u0259 m\u0259\u015f\u011ful oldu\u011fu bildirilib.<\/p>\n<div id=\"AdributorNativeVideo0\" class=\"AdributorNativeVideo\"><\/div>\n<p>Az\u0259rbaycanl\u0131 qad\u0131nlardan ba\u015fqa, aralar\u0131nda hotel sahibinin d\u0259 oldu\u011fu daha d\u00f6rd\u00a0n\u0259f\u0259r h\u0259bs edilib.<\/p>\n<p>Qad\u0131nlar deportasiya edilm\u0259k \u00fc\u00e7\u00fcn Trabzon Miqrasiya idar\u0259sin\u0259 g\u00f6nd\u0259rilib.oxu.az<\/p>\n","protected":false},"excerpt":{"rendered":"<p>T\u00fcrkiy\u0259d\u0259 Trabzon polis idar\u0259sinin fahi\u015f\u0259likl\u0259 m\u00fcbariz\u0259 \u00e7\u0259r\u00e7iv\u0259sind\u0259 ke\u00e7irdiyi \u0259m\u0259liyyat zaman\u0131 d\u00f6rd\u00a0az\u0259rbaycanl\u0131 qad\u0131n saxlan\u0131l\u0131b. ARANTV.AZ-\u0131n m\u0259lumat\u0131na g\u00f6r\u0259, \u0259m\u0259liyyat \u00c7\u00f6mlek\u00e7i m\u0259h\u0259ll\u0259sind\u0259 ba\u015f tutub. Onlar\u0131n m\u0259h\u0259ll\u0259d\u0259ki hotell\u0259rd\u0259n birind\u0259 fahi\u015f\u0259likl\u0259 m\u0259\u015f\u011ful oldu\u011fu bildirilib. Az\u0259rbaycanl\u0131 qad\u0131nlardan ba\u015fqa, aralar\u0131nda hotel sahibinin d\u0259 oldu\u011fu daha d\u00f6rd\u00a0n\u0259f\u0259r h\u0259bs edilib. Qad\u0131nlar deportasiya edilm\u0259k \u00fc\u00e7\u00fcn Trabzon Miqrasiya idar\u0259sin\u0259 g\u00f6nd\u0259rilib.oxu.az<\/p>\n","protected":false},"author":2,"featured_media":37930,"comment_status":"closed","ping_status":"closed","sticky":false,"template":"","format":"standard","meta":{"om_disable_all_campaigns":false,"_monsterinsights_skip_tracking":false,"_monsterinsights_sitenote_active":false,"_monsterinsights_sitenote_note":"","_monsterinsights_sitenote_category":0},"categories":[1],"tags":[],"aioseo_notices":[],"gutentor_comment":0,"rttpg_featured_image_url":{"full":["https:\/\/arantv.az\/wp-content\/uploads\/2019\/02\/trabz.jpg",620,412,false],"landscape":["https:\/\/arantv.az\/wp-content\/uploads\/2019\/02\/trabz.jpg",620,412,false],"portraits":["https:\/\/arantv.az\/wp-content\/uploads\/2019\/02\/trabz.jpg",620,412,false],"thumbnail":["https:\/\/arantv.az\/wp-content\/uploads\/2019\/02\/trabz-150x150.jpg",150,150,true],"medium":["https:\/\/arantv.az\/wp-content\/uploads\/2019\/02\/trabz-300x199.jpg",300,199,true],"large":["https:\/\/arantv.az\/wp-content\/uploads\/2019\/02\/trabz.jpg",620,412,false],"1536x1536":["https:\/\/arantv.az\/wp-content\/uploads\/2019\/02\/trabz.jpg",620,412,false],"2048x2048":["https:\/\/arantv.az\/wp-content\/uploads\/2019\/02\/trabz.jpg",620,412,false],"post-thumbnail":["https:\/\/arantv.az\/wp-content\/uploads\/2019\/02\/trabz-240x172.jpg",240,172,true],"advps-thumb-one":["https:\/\/arantv.az\/wp-content\/uploads\/2019\/02\/trabz.jpg",620,412,false]},"rttpg_author":{"display_name":"V\u00fcsal Rafiqo\u011flu","author_link":"https:\/\/arantv.az\/?author=2"},"rttpg_comment":0,"rttpg_category":"<a href=\"https:\/\/arantv.az\/?cat=1\" rel=\"category\">C\u0259miyy\u0259t<\/a>","rttpg_excerpt":"T\u00fcrkiy\u0259d\u0259 Trabzon polis idar\u0259sinin fahi\u015f\u0259likl\u0259 m\u00fcbariz\u0259 \u00e7\u0259r\u00e7iv\u0259sind\u0259 ke\u00e7irdiyi \u0259m\u0259liyyat zaman\u0131 d\u00f6rd\u00a0az\u0259rbaycanl\u0131 qad\u0131n saxlan\u0131l\u0131b. ARANTV.AZ-\u0131n m\u0259lumat\u0131na g\u00f6r\u0259, \u0259m\u0259liyyat \u00c7\u00f6mlek\u00e7i m\u0259h\u0259ll\u0259sind\u0259 ba\u015f tutub. Onlar\u0131n m\u0259h\u0259ll\u0259d\u0259ki hotell\u0259rd\u0259n birind\u0259 fahi\u015f\u0259likl\u0259 m\u0259\u015f\u011ful oldu\u011fu bildirilib. Az\u0259rbaycanl\u0131 qad\u0131nlardan ba\u015fqa, aralar\u0131nda hotel sahibinin d\u0259 oldu\u011fu daha d\u00f6rd\u00a0n\u0259f\u0259r h\u0259bs edilib. Qad\u0131nlar deportasiya edilm\u0259k \u00fc\u00e7\u00fcn Trabzon Miqrasiya idar\u0259sin\u0259 g\u00f6nd\u0259rilib.oxu.az","_links":{"self":[{"href":"https:\/\/arantv.az\/index.php?rest_route=\/wp\/v2\/posts\/37929"}],"collection":[{"href":"https:\/\/arantv.az\/index.php?rest_route=\/wp\/v2\/posts"}],"about":[{"href":"https:\/\/arantv.az\/index.php?rest_route=\/wp\/v2\/types\/post"}],"author":[{"embeddable":true,"href":"https:\/\/arantv.az\/index.php?rest_route=\/wp\/v2\/users\/2"}],"replies":[{"embeddable":true,"href":"https:\/\/arantv.az\/index.php?rest_route=%2Fwp%2Fv2%2Fcomments&post=37929"}],"version-history":[{"count":0,"href":"https:\/\/arantv.az\/index.php?rest_route=\/wp\/v2\/posts\/37929\/revisions"}],"wp:featuredmedia":[{"embeddable":true,"href":"https:\/\/arantv.az\/index.php?rest_route=\/wp\/v2\/media\/37930"}],"wp:attachment":[{"href":"https:\/\/arantv.az\/index.php?rest_route=%2Fwp%2Fv2%2Fmedia&parent=37929"}],"wp:term":[{"taxonomy":"category","embeddable":true,"href":"https:\/\/arantv.az\/index.php?rest_route=%2Fwp%2Fv2%2Fcategories&post=37929"},{"taxonomy":"post_tag","embeddable":true,"href":"https:\/\/arantv.az\/index.php?rest_route=%2Fwp%2Fv2%2Ftags&post=37929"}],"curies":[{"name":"wp","href":"https:\/\/api.w.org\/{rel}","templated":true}]}}