{"id":37932,"date":"2019-02-12T10:43:37","date_gmt":"2019-02-12T07:43:37","guid":{"rendered":"http:\/\/arantv.az\/?p=37932"},"modified":"2019-02-12T10:43:37","modified_gmt":"2019-02-12T07:43:37","slug":"dovl%c9%99t-imtahan-m%c9%99rk%c9%99zinin-direktorlar-surasinin-s%c9%99dri-m%c9%99leyk%c9%99-abbaszad%c9%99-naftalan-s%c9%99h%c9%99rind%c9%99-v%c9%99t%c9%99ndaslari-q%c9%99bul-ed%c9%99c%c9%99k","status":"publish","type":"post","link":"https:\/\/arantv.az\/?p=37932","title":{"rendered":"D\u00f6vl\u0259t \u0130mtahan M\u0259rk\u0259zinin Direktorlar \u015euras\u0131n\u0131n s\u0259dri M\u0259leyk\u0259 Abbaszad\u0259 Naftalan \u015f\u0259h\u0259rind\u0259 v\u0259t\u0259nda\u015flar\u0131 q\u0259bul ed\u0259c\u0259k"},"content":{"rendered":"<p><strong>ARANTV.AZ<\/strong> x\u0259b\u0259r verir ki, 15 fevral 2019-cu il tarixd\u0259 D\u00f6vl\u0259t \u0130mtahan M\u0259rk\u0259zinin Direktorlar \u015euras\u0131n\u0131n s\u0259dri M\u0259leyk\u0259 Abbaszad\u0259 saat 11:00-da Naftalan \u015f\u0259h\u0259r Heyd\u0259r \u018fliyev M\u0259rk\u0259zind\u0259 v\u0259t\u0259nda\u015flar\u0131n q\u0259bulunu ke\u00e7ir\u0259c\u0259k. Q\u0259bulda Naftalan, Ming\u0259\u00e7evir \u015f\u0259h\u0259r, Yevlax, A\u011fda\u015f, Goranboy rayon sakinl\u0259ri v\u0259 bu rayonlarda m\u0259skunla\u015fm\u0131\u015f qa\u00e7q\u0131n v\u0259 m\u0259cburi k\u00f6\u00e7k\u00fcnl\u0259r i\u015ftirak ed\u0259 bil\u0259rl\u0259r.<br \/>\nQ\u0259bula g\u0259lm\u0259k ist\u0259y\u0259n v\u0259t\u0259nda\u015flar\u0131n D\u00f6vl\u0259t \u0130mtahan M\u0259rk\u0259zinin internet sayt\u0131na daxil olaraq elektron m\u00fcraci\u0259t formas\u0131n\u0131 doldurmaqla qeydiyyatdan ke\u00e7m\u0259l\u0259ri (http:\/\/eservices.dim.gov.az\/sedrinqebulu\/) v\u0259 ya D\u0130M-in G\u0259nc\u0259 Regional B\u00f6lm\u0259sin\u0259 (G\u0259nc\u0259 \u015f\u0259h\u0259ri, H.\u018fliyev meydan\u0131) m\u00fcraci\u0259t etm\u0259l\u0259ri (\u0259laq\u0259 tel.: (022-256-50-67) xahi\u015f olunur.<br \/>\nBundan \u0259lav\u0259, q\u0259bula yaz\u0131lmaq ist\u0259y\u0259nl\u0259r 07\u201314 fevral 2019-cu il tarixl\u0259rind\u0259 (\u015f\u0259nb\u0259, bazar g\u00fcnl\u0259ri istisna olmaqla) saat 10:00-dan 17:00-d\u0259k Naftalan, Ming\u0259\u00e7evir,Yevlax, A\u011fda\u015f v\u0259 Goranboy rayon T\u0259hsil \u015f\u00f6b\u0259l\u0259rin\u0259 d\u0259\u00a0 m\u00fcraci\u0259t edib qeydiyyatdan ke\u00e7\u0259 bil\u0259rl\u0259r.<br \/>\nQeyd: Q\u0259bula g\u0259l\u0259n v\u0259t\u0259nda\u015flar \u015f\u0259xsiyy\u0259t v\u0259siq\u0259sini t\u0259qdim etm\u0259lidirl\u0259r.<\/p>\n","protected":false},"excerpt":{"rendered":"<p>ARANTV.AZ x\u0259b\u0259r verir ki, 15 fevral 2019-cu il tarixd\u0259 D\u00f6vl\u0259t \u0130mtahan M\u0259rk\u0259zinin Direktorlar \u015euras\u0131n\u0131n s\u0259dri M\u0259leyk\u0259 Abbaszad\u0259 saat 11:00-da Naftalan \u015f\u0259h\u0259r Heyd\u0259r \u018fliyev M\u0259rk\u0259zind\u0259 v\u0259t\u0259nda\u015flar\u0131n q\u0259bulunu ke\u00e7ir\u0259c\u0259k. Q\u0259bulda Naftalan, Ming\u0259\u00e7evir \u015f\u0259h\u0259r, Yevlax, A\u011fda\u015f, Goranboy rayon sakinl\u0259ri v\u0259 bu rayonlarda m\u0259skunla\u015fm\u0131\u015f qa\u00e7q\u0131n v\u0259 m\u0259cburi k\u00f6\u00e7k\u00fcnl\u0259r i\u015ftirak ed\u0259 bil\u0259rl\u0259r. Q\u0259bula g\u0259lm\u0259k ist\u0259y\u0259n v\u0259t\u0259nda\u015flar\u0131n D\u00f6vl\u0259t \u0130mtahan M\u0259rk\u0259zinin internet sayt\u0131na daxil olaraq elektron m\u00fcraci\u0259t formas\u0131n\u0131 doldurmaqla qeydiyyatdan ke\u00e7m\u0259l\u0259ri (http:\/\/eservices.dim.gov.az\/sedrinqebulu\/) v\u0259 ya D\u0130M-in G\u0259nc\u0259 Regional B\u00f6lm\u0259sin\u0259 (G\u0259nc\u0259 \u015f\u0259h\u0259ri, H.\u018fliyev meydan\u0131) m\u00fcraci\u0259t etm\u0259l\u0259ri (\u0259laq\u0259 tel.: (022-256-50-67) xahi\u015f olunur. Bundan \u0259lav\u0259, q\u0259bula yaz\u0131lmaq ist\u0259y\u0259nl\u0259r 07\u201314 fevral 2019-cu&hellip;<\/p>\n","protected":false},"author":2,"featured_media":37933,"comment_status":"closed","ping_status":"closed","sticky":false,"template":"","format":"standard","meta":{"om_disable_all_campaigns":false,"_monsterinsights_skip_tracking":false,"_monsterinsights_sitenote_active":false,"_monsterinsights_sitenote_note":"","_monsterinsights_sitenote_category":0},"categories":[1,2],"tags":[],"aioseo_notices":[],"gutentor_comment":0,"rttpg_featured_image_url":{"full":["https:\/\/arantv.az\/wp-content\/uploads\/2019\/02\/33d5300fab43add9b8238d2ef757ae94.jpg",1200,898,false],"landscape":["https:\/\/arantv.az\/wp-content\/uploads\/2019\/02\/33d5300fab43add9b8238d2ef757ae94.jpg",1200,898,false],"portraits":["https:\/\/arantv.az\/wp-content\/uploads\/2019\/02\/33d5300fab43add9b8238d2ef757ae94.jpg",1200,898,false],"thumbnail":["https:\/\/arantv.az\/wp-content\/uploads\/2019\/02\/33d5300fab43add9b8238d2ef757ae94-150x150.jpg",150,150,true],"medium":["https:\/\/arantv.az\/wp-content\/uploads\/2019\/02\/33d5300fab43add9b8238d2ef757ae94-300x225.jpg",300,225,true],"large":["https:\/\/arantv.az\/wp-content\/uploads\/2019\/02\/33d5300fab43add9b8238d2ef757ae94-1024x766.jpg",640,479,true],"1536x1536":["https:\/\/arantv.az\/wp-content\/uploads\/2019\/02\/33d5300fab43add9b8238d2ef757ae94.jpg",1200,898,false],"2048x2048":["https:\/\/arantv.az\/wp-content\/uploads\/2019\/02\/33d5300fab43add9b8238d2ef757ae94.jpg",1200,898,false],"post-thumbnail":["https:\/\/arantv.az\/wp-content\/uploads\/2019\/02\/33d5300fab43add9b8238d2ef757ae94-240x172.jpg",240,172,true],"advps-thumb-one":["https:\/\/arantv.az\/wp-content\/uploads\/2019\/02\/33d5300fab43add9b8238d2ef757ae94-1200x620.jpg",1200,620,true]},"rttpg_author":{"display_name":"V\u00fcsal Rafiqo\u011flu","author_link":"https:\/\/arantv.az\/?author=2"},"rttpg_comment":0,"rttpg_category":"<a href=\"https:\/\/arantv.az\/?cat=1\" rel=\"category\">C\u0259miyy\u0259t<\/a> <a href=\"https:\/\/arantv.az\/?cat=2\" rel=\"category\">Region X\u0259b\u0259rl\u0259ri<\/a>","rttpg_excerpt":"ARANTV.AZ x\u0259b\u0259r verir ki, 15 fevral 2019-cu il tarixd\u0259 D\u00f6vl\u0259t \u0130mtahan M\u0259rk\u0259zinin Direktorlar \u015euras\u0131n\u0131n s\u0259dri M\u0259leyk\u0259 Abbaszad\u0259 saat 11:00-da Naftalan \u015f\u0259h\u0259r Heyd\u0259r \u018fliyev M\u0259rk\u0259zind\u0259 v\u0259t\u0259nda\u015flar\u0131n q\u0259bulunu ke\u00e7ir\u0259c\u0259k. Q\u0259bulda Naftalan, Ming\u0259\u00e7evir \u015f\u0259h\u0259r, Yevlax, A\u011fda\u015f, Goranboy rayon sakinl\u0259ri v\u0259 bu rayonlarda m\u0259skunla\u015fm\u0131\u015f qa\u00e7q\u0131n v\u0259 m\u0259cburi k\u00f6\u00e7k\u00fcnl\u0259r i\u015ftirak ed\u0259 bil\u0259rl\u0259r. Q\u0259bula g\u0259lm\u0259k ist\u0259y\u0259n v\u0259t\u0259nda\u015flar\u0131n D\u00f6vl\u0259t \u0130mtahan M\u0259rk\u0259zinin internet&hellip;","_links":{"self":[{"href":"https:\/\/arantv.az\/index.php?rest_route=\/wp\/v2\/posts\/37932"}],"collection":[{"href":"https:\/\/arantv.az\/index.php?rest_route=\/wp\/v2\/posts"}],"about":[{"href":"https:\/\/arantv.az\/index.php?rest_route=\/wp\/v2\/types\/post"}],"author":[{"embeddable":true,"href":"https:\/\/arantv.az\/index.php?rest_route=\/wp\/v2\/users\/2"}],"replies":[{"embeddable":true,"href":"https:\/\/arantv.az\/index.php?rest_route=%2Fwp%2Fv2%2Fcomments&post=37932"}],"version-history":[{"count":0,"href":"https:\/\/arantv.az\/index.php?rest_route=\/wp\/v2\/posts\/37932\/revisions"}],"wp:featuredmedia":[{"embeddable":true,"href":"https:\/\/arantv.az\/index.php?rest_route=\/wp\/v2\/media\/37933"}],"wp:attachment":[{"href":"https:\/\/arantv.az\/index.php?rest_route=%2Fwp%2Fv2%2Fmedia&parent=37932"}],"wp:term":[{"taxonomy":"category","embeddable":true,"href":"https:\/\/arantv.az\/index.php?rest_route=%2Fwp%2Fv2%2Fcategories&post=37932"},{"taxonomy":"post_tag","embeddable":true,"href":"https:\/\/arantv.az\/index.php?rest_route=%2Fwp%2Fv2%2Ftags&post=37932"}],"curies":[{"name":"wp","href":"https:\/\/api.w.org\/{rel}","templated":true}]}}