{"id":37935,"date":"2019-02-12T10:45:09","date_gmt":"2019-02-12T07:45:09","guid":{"rendered":"http:\/\/arantv.az\/?p=37935"},"modified":"2019-02-12T10:45:09","modified_gmt":"2019-02-12T07:45:09","slug":"qazaxda-%c9%99halinin-tibbi-muayin%c9%99sin%c9%99-baslanilib","status":"publish","type":"post","link":"https:\/\/arantv.az\/?p=37935","title":{"rendered":"Qazaxda \u0259halinin tibbi m\u00fcayin\u0259sin\u0259 ba\u015flan\u0131l\u0131b"},"content":{"rendered":"<p><strong>ARANTV.AZ<\/strong> x\u0259b\u0259r verir ki, son ill\u0259r \u00f6lk\u0259mizd\u0259 \u0259halinin sa\u011flaml\u0131\u011f\u0131n\u0131n qorunmas\u0131 m\u0259qs\u0259dil\u0259 davaml\u0131 t\u0259dbirl\u0259r h\u0259yata ke\u00e7irilir. \u201cAz\u0259rbaycan Respublikas\u0131 \u0259halisinin tibbi m\u00fcayin\u0259l\u0259rd\u0259n ke\u00e7irilm\u0259si bar\u0259d\u0259\u201d \u00f6lk\u0259 rezidenti \u0130lham \u018fliyevin tap\u015f\u0131r\u0131\u011f\u0131na \u0259sas\u0259n, h\u0259r il oldu\u011fu kimi, bu il d\u0259 fevral\u0131n 12-d\u0259n may ay\u0131n\u0131n 12-d\u0259k ke\u00e7iril\u0259c\u0259k \u0259halinin tibbi m\u00fcayin\u0259si aksiyas\u0131 da bel\u0259 t\u0259dbirl\u0259rd\u0259ndir.<br \/>\nS\u0259hiyy\u0259 Nazirliyinin m\u00fcvafiq S\u0259r\u0259ncam\u0131na \u0259sas\u0259n 3 ay davam ed\u0259c\u0259k aksiya Qazax M\u00fcalic\u0259 Diaqnostika M\u0259rk\u0259zind\u0259 v\u0259 \u015f\u0259h\u0259r Poliklinikas\u0131nda h\u0259yata ke\u00e7irilir.<br \/>\nAksiyan\u0131n ke\u00e7irilm\u0259sind\u0259 \u0259sas m\u0259qs\u0259d v\u0259t\u0259nda\u015flarda yaranm\u0131\u015f x\u0259st\u0259likl\u0259rin erk\u0259n a\u015fkar edilm\u0259si v\u0259 qar\u015f\u0131s\u0131n\u0131n al\u0131nmas\u0131 \u00fc\u00e7\u00fcn ilkin tibbi yard\u0131mlar\u0131n, profilaktik t\u0259dbirl\u0259rin g\u00f6r\u00fclm\u0259sidir. Eyni zamanda, x\u0259st\u0259lik a\u015fkar edilmi\u015f \u015f\u0259xsl\u0259rin yerl\u0259rd\u0259, z\u0259rur\u0259t yarand\u0131\u011f\u0131 hallarda is\u0259 Bak\u0131 \u015f\u0259h\u0259rind\u0259 v\u0259 b\u00f6lg\u0259l\u0259rd\u0259 f\u0259aliyy\u0259t g\u00f6st\u0259r\u0259n ixtisasla\u015fd\u0131r\u0131lm\u0131\u015f tibb m\u00fc\u0259ssis\u0259l\u0259rind\u0259 \u0259lav\u0259 m\u00fcayin\u0259 v\u0259 m\u00fcalic\u0259y\u0259 c\u0259lb olunmalar\u0131n\u0131, dig\u0259r sa\u011flamla\u015fd\u0131r\u0131c\u0131 t\u0259dbirl\u0259rin h\u0259yata ke\u00e7irilm\u0259sini t\u0259\u015fkil etm\u0259kdir.<br \/>\nArt\u0131q bu g\u00fcnd\u0259n tibbi m\u00fcayin\u0259y\u0259 start verilib. Aksiyan\u0131n h\u0259yata ke\u00e7irildiyi Qazax M\u00fcalic\u0259 Diaqnostika M\u0259rk\u0259zind\u0259 v\u0259 \u015f\u0259h\u0259r Poliklinikas\u0131nda m\u00fcayin\u0259ni b\u00fct\u00fcn rayon \u0259razisind\u0259 y\u00fcks\u0259k s\u0259viyy\u0259d\u0259 t\u0259\u015fkil etm\u0259k \u00fc\u00e7\u00fcn h\u0259r c\u00fcr \u015f\u0259rait yarad\u0131l\u0131b.<br \/>\n\u0130nsanlar\u0131n sa\u011flaml\u0131\u011f\u0131n\u0131n qorunmas\u0131na y\u00f6n\u0259l\u0259n bu xeyirxah aksiya \u00f6lk\u0259nin h\u0259r yerind\u0259 oldu\u011fu kimi, Qazax rayonunda da sakinl\u0259r t\u0259r\u0259find\u0259n y\u00fcks\u0259k qiym\u0259tl\u0259ndirilir.<\/p>\n","protected":false},"excerpt":{"rendered":"<p>ARANTV.AZ x\u0259b\u0259r verir ki, son ill\u0259r \u00f6lk\u0259mizd\u0259 \u0259halinin sa\u011flaml\u0131\u011f\u0131n\u0131n qorunmas\u0131 m\u0259qs\u0259dil\u0259 davaml\u0131 t\u0259dbirl\u0259r h\u0259yata ke\u00e7irilir. \u201cAz\u0259rbaycan Respublikas\u0131 \u0259halisinin tibbi m\u00fcayin\u0259l\u0259rd\u0259n ke\u00e7irilm\u0259si bar\u0259d\u0259\u201d \u00f6lk\u0259 rezidenti \u0130lham \u018fliyevin tap\u015f\u0131r\u0131\u011f\u0131na \u0259sas\u0259n, h\u0259r il oldu\u011fu kimi, bu il d\u0259 fevral\u0131n 12-d\u0259n may ay\u0131n\u0131n 12-d\u0259k ke\u00e7iril\u0259c\u0259k \u0259halinin tibbi m\u00fcayin\u0259si aksiyas\u0131 da bel\u0259 t\u0259dbirl\u0259rd\u0259ndir. S\u0259hiyy\u0259 Nazirliyinin m\u00fcvafiq S\u0259r\u0259ncam\u0131na \u0259sas\u0259n 3 ay davam ed\u0259c\u0259k aksiya Qazax M\u00fcalic\u0259 Diaqnostika M\u0259rk\u0259zind\u0259 v\u0259 \u015f\u0259h\u0259r Poliklinikas\u0131nda h\u0259yata ke\u00e7irilir. Aksiyan\u0131n ke\u00e7irilm\u0259sind\u0259 \u0259sas m\u0259qs\u0259d v\u0259t\u0259nda\u015flarda yaranm\u0131\u015f x\u0259st\u0259likl\u0259rin erk\u0259n a\u015fkar edilm\u0259si v\u0259 qar\u015f\u0131s\u0131n\u0131n al\u0131nmas\u0131 \u00fc\u00e7\u00fcn ilkin tibbi yard\u0131mlar\u0131n, profilaktik t\u0259dbirl\u0259rin g\u00f6r\u00fclm\u0259sidir. Eyni zamanda, x\u0259st\u0259lik&hellip;<\/p>\n","protected":false},"author":2,"featured_media":37936,"comment_status":"closed","ping_status":"closed","sticky":false,"template":"","format":"standard","meta":{"om_disable_all_campaigns":false,"_monsterinsights_skip_tracking":false,"_monsterinsights_sitenote_active":false,"_monsterinsights_sitenote_note":"","_monsterinsights_sitenote_category":0},"categories":[1,2],"tags":[],"aioseo_notices":[],"gutentor_comment":0,"rttpg_featured_image_url":{"full":["https:\/\/arantv.az\/wp-content\/uploads\/2019\/02\/2881.jpg",1500,994,false],"landscape":["https:\/\/arantv.az\/wp-content\/uploads\/2019\/02\/2881.jpg",1500,994,false],"portraits":["https:\/\/arantv.az\/wp-content\/uploads\/2019\/02\/2881.jpg",1500,994,false],"thumbnail":["https:\/\/arantv.az\/wp-content\/uploads\/2019\/02\/2881-150x150.jpg",150,150,true],"medium":["https:\/\/arantv.az\/wp-content\/uploads\/2019\/02\/2881-300x199.jpg",300,199,true],"large":["https:\/\/arantv.az\/wp-content\/uploads\/2019\/02\/2881-1024x679.jpg",640,424,true],"1536x1536":["https:\/\/arantv.az\/wp-content\/uploads\/2019\/02\/2881.jpg",1500,994,false],"2048x2048":["https:\/\/arantv.az\/wp-content\/uploads\/2019\/02\/2881.jpg",1500,994,false],"post-thumbnail":["https:\/\/arantv.az\/wp-content\/uploads\/2019\/02\/2881-240x172.jpg",240,172,true],"advps-thumb-one":["https:\/\/arantv.az\/wp-content\/uploads\/2019\/02\/2881-1200x620.jpg",1200,620,true]},"rttpg_author":{"display_name":"V\u00fcsal Rafiqo\u011flu","author_link":"https:\/\/arantv.az\/?author=2"},"rttpg_comment":0,"rttpg_category":"<a href=\"https:\/\/arantv.az\/?cat=1\" rel=\"category\">C\u0259miyy\u0259t<\/a> <a href=\"https:\/\/arantv.az\/?cat=2\" rel=\"category\">Region X\u0259b\u0259rl\u0259ri<\/a>","rttpg_excerpt":"ARANTV.AZ x\u0259b\u0259r verir ki, son ill\u0259r \u00f6lk\u0259mizd\u0259 \u0259halinin sa\u011flaml\u0131\u011f\u0131n\u0131n qorunmas\u0131 m\u0259qs\u0259dil\u0259 davaml\u0131 t\u0259dbirl\u0259r h\u0259yata ke\u00e7irilir. \u201cAz\u0259rbaycan Respublikas\u0131 \u0259halisinin tibbi m\u00fcayin\u0259l\u0259rd\u0259n ke\u00e7irilm\u0259si bar\u0259d\u0259\u201d \u00f6lk\u0259 rezidenti \u0130lham \u018fliyevin tap\u015f\u0131r\u0131\u011f\u0131na \u0259sas\u0259n, h\u0259r il oldu\u011fu kimi, bu il d\u0259 fevral\u0131n 12-d\u0259n may ay\u0131n\u0131n 12-d\u0259k ke\u00e7iril\u0259c\u0259k \u0259halinin tibbi m\u00fcayin\u0259si aksiyas\u0131 da bel\u0259 t\u0259dbirl\u0259rd\u0259ndir. S\u0259hiyy\u0259 Nazirliyinin m\u00fcvafiq S\u0259r\u0259ncam\u0131na \u0259sas\u0259n 3 ay&hellip;","_links":{"self":[{"href":"https:\/\/arantv.az\/index.php?rest_route=\/wp\/v2\/posts\/37935"}],"collection":[{"href":"https:\/\/arantv.az\/index.php?rest_route=\/wp\/v2\/posts"}],"about":[{"href":"https:\/\/arantv.az\/index.php?rest_route=\/wp\/v2\/types\/post"}],"author":[{"embeddable":true,"href":"https:\/\/arantv.az\/index.php?rest_route=\/wp\/v2\/users\/2"}],"replies":[{"embeddable":true,"href":"https:\/\/arantv.az\/index.php?rest_route=%2Fwp%2Fv2%2Fcomments&post=37935"}],"version-history":[{"count":0,"href":"https:\/\/arantv.az\/index.php?rest_route=\/wp\/v2\/posts\/37935\/revisions"}],"wp:featuredmedia":[{"embeddable":true,"href":"https:\/\/arantv.az\/index.php?rest_route=\/wp\/v2\/media\/37936"}],"wp:attachment":[{"href":"https:\/\/arantv.az\/index.php?rest_route=%2Fwp%2Fv2%2Fmedia&parent=37935"}],"wp:term":[{"taxonomy":"category","embeddable":true,"href":"https:\/\/arantv.az\/index.php?rest_route=%2Fwp%2Fv2%2Fcategories&post=37935"},{"taxonomy":"post_tag","embeddable":true,"href":"https:\/\/arantv.az\/index.php?rest_route=%2Fwp%2Fv2%2Ftags&post=37935"}],"curies":[{"name":"wp","href":"https:\/\/api.w.org\/{rel}","templated":true}]}}