{"id":37941,"date":"2019-02-12T10:49:16","date_gmt":"2019-02-12T07:49:16","guid":{"rendered":"http:\/\/arantv.az\/?p=37941"},"modified":"2019-02-12T10:49:16","modified_gmt":"2019-02-12T07:49:16","slug":"q%c9%99b%c9%99l%c9%99d%c9%99-%c9%99halinin-tibbi-muayin%c9%99sin%c9%99-baslanilmisdir","status":"publish","type":"post","link":"https:\/\/arantv.az\/?p=37941","title":{"rendered":"Q\u0259b\u0259l\u0259d\u0259, \u0259halinin tibbi m\u00fcayin\u0259sin\u0259 ba\u015flan\u0131lm\u0131\u015fd\u0131r."},"content":{"rendered":"<p><strong>ARANTV.AZ<\/strong> x\u0259b\u0259r verir ki, Az\u0259rbaycan\u00a0 Respublikas\u0131n\u0131n Prezidenti c\u0259nab \u0130lham \u018fliyevin tap\u015f\u0131r\u0131\u011f\u0131na uy\u011fun olaraq 2019-cu ilin fevral ay\u0131n\u0131n 11-d\u0259n Q\u0259b\u0259l\u0259 rayonunda \u0259halinin tibbi m\u00fcayin\u0259d\u0259n ke\u00e7irilm\u0259sin\u0259 ba\u015flan\u0131lm\u0131\u015fd\u0131r.<br \/>\nBu m\u0259qs\u0259dl\u0259 rayon icra hakimiyy\u0259tind\u0259\u00a0 aidiyy\u0259ti qurumlar\u0131n n\u00fcmay\u0259nd\u0259l\u0259rind\u0259n ibar\u0259t m\u00fcvafiq komissiya yarad\u0131lm\u0131\u015fd\u0131r.<br \/>\nKomissiya t\u0259r\u0259find\u0259n t\u0259rtib edilmi\u015f qrafik\u0259 \u0259sas\u0259n Q\u0259b\u0259l\u0259 M\u00fcalic\u0259 Diaqnostika M\u0259rk\u0259zind\u0259 v\u0259 M\u0259rk\u0259zi Rayon X\u0259st\u0259xanas\u0131nda \u0259halinin art\u0131q tibbi m\u00fcayin\u0259d\u0259n ke\u00e7irilm\u0259si \u00fc\u00e7\u00fcn m\u00fcvafiq i\u015fl\u0259r g\u00f6r\u00fclm\u00fc\u015fd\u00fcr. May ay\u0131n\u0131n 1-d\u0259 ba\u015fa \u00e7atd\u0131r\u0131lmas\u0131 n\u0259z\u0259rd\u0259 tutulan tibbi m\u00fcayin\u0259 il\u0259 \u0259laq\u0259dar rayon icra hakimiyy\u0259tinin \u015f\u00f6b\u0259l\u0259ri, \u015f\u0259h\u0259r, q\u0259s\u0259b\u0259 v\u0259 k\u0259nd inzibati \u0259razi dair\u0259si \u00fczr\u0259 n\u00fcmay\u0259nd\u0259likl\u0259ri t\u0259r\u0259find\u0259n \u0259hali aras\u0131nda maarifl\u0259ndirm\u0259 i\u015fl\u0259ri apar\u0131l\u0131r.<\/p>\n","protected":false},"excerpt":{"rendered":"<p>ARANTV.AZ x\u0259b\u0259r verir ki, Az\u0259rbaycan\u00a0 Respublikas\u0131n\u0131n Prezidenti c\u0259nab \u0130lham \u018fliyevin tap\u015f\u0131r\u0131\u011f\u0131na uy\u011fun olaraq 2019-cu ilin fevral ay\u0131n\u0131n 11-d\u0259n Q\u0259b\u0259l\u0259 rayonunda \u0259halinin tibbi m\u00fcayin\u0259d\u0259n ke\u00e7irilm\u0259sin\u0259 ba\u015flan\u0131lm\u0131\u015fd\u0131r. Bu m\u0259qs\u0259dl\u0259 rayon icra hakimiyy\u0259tind\u0259\u00a0 aidiyy\u0259ti qurumlar\u0131n n\u00fcmay\u0259nd\u0259l\u0259rind\u0259n ibar\u0259t m\u00fcvafiq komissiya yarad\u0131lm\u0131\u015fd\u0131r. Komissiya t\u0259r\u0259find\u0259n t\u0259rtib edilmi\u015f qrafik\u0259 \u0259sas\u0259n Q\u0259b\u0259l\u0259 M\u00fcalic\u0259 Diaqnostika M\u0259rk\u0259zind\u0259 v\u0259 M\u0259rk\u0259zi Rayon X\u0259st\u0259xanas\u0131nda \u0259halinin art\u0131q tibbi m\u00fcayin\u0259d\u0259n ke\u00e7irilm\u0259si \u00fc\u00e7\u00fcn m\u00fcvafiq i\u015fl\u0259r g\u00f6r\u00fclm\u00fc\u015fd\u00fcr. May ay\u0131n\u0131n 1-d\u0259 ba\u015fa \u00e7atd\u0131r\u0131lmas\u0131 n\u0259z\u0259rd\u0259 tutulan tibbi m\u00fcayin\u0259 il\u0259 \u0259laq\u0259dar rayon icra hakimiyy\u0259tinin \u015f\u00f6b\u0259l\u0259ri, \u015f\u0259h\u0259r, q\u0259s\u0259b\u0259 v\u0259 k\u0259nd inzibati \u0259razi dair\u0259si \u00fczr\u0259 n\u00fcmay\u0259nd\u0259likl\u0259ri t\u0259r\u0259find\u0259n \u0259hali aras\u0131nda maarifl\u0259ndirm\u0259 i\u015fl\u0259ri apar\u0131l\u0131r.<\/p>\n","protected":false},"author":2,"featured_media":37942,"comment_status":"closed","ping_status":"closed","sticky":false,"template":"","format":"standard","meta":{"om_disable_all_campaigns":false,"_monsterinsights_skip_tracking":false,"_monsterinsights_sitenote_active":false,"_monsterinsights_sitenote_note":"","_monsterinsights_sitenote_category":0},"categories":[1,2],"tags":[],"aioseo_notices":[],"gutentor_comment":0,"rttpg_featured_image_url":{"full":["https:\/\/arantv.az\/wp-content\/uploads\/2019\/02\/4c560c27e27e803cc1e9cba2c1fd99df.jpg",1000,667,false],"landscape":["https:\/\/arantv.az\/wp-content\/uploads\/2019\/02\/4c560c27e27e803cc1e9cba2c1fd99df.jpg",1000,667,false],"portraits":["https:\/\/arantv.az\/wp-content\/uploads\/2019\/02\/4c560c27e27e803cc1e9cba2c1fd99df.jpg",1000,667,false],"thumbnail":["https:\/\/arantv.az\/wp-content\/uploads\/2019\/02\/4c560c27e27e803cc1e9cba2c1fd99df-150x150.jpg",150,150,true],"medium":["https:\/\/arantv.az\/wp-content\/uploads\/2019\/02\/4c560c27e27e803cc1e9cba2c1fd99df-300x200.jpg",300,200,true],"large":["https:\/\/arantv.az\/wp-content\/uploads\/2019\/02\/4c560c27e27e803cc1e9cba2c1fd99df.jpg",640,427,false],"1536x1536":["https:\/\/arantv.az\/wp-content\/uploads\/2019\/02\/4c560c27e27e803cc1e9cba2c1fd99df.jpg",1000,667,false],"2048x2048":["https:\/\/arantv.az\/wp-content\/uploads\/2019\/02\/4c560c27e27e803cc1e9cba2c1fd99df.jpg",1000,667,false],"post-thumbnail":["https:\/\/arantv.az\/wp-content\/uploads\/2019\/02\/4c560c27e27e803cc1e9cba2c1fd99df-240x172.jpg",240,172,true],"advps-thumb-one":["https:\/\/arantv.az\/wp-content\/uploads\/2019\/02\/4c560c27e27e803cc1e9cba2c1fd99df-1000x620.jpg",1000,620,true]},"rttpg_author":{"display_name":"V\u00fcsal Rafiqo\u011flu","author_link":"https:\/\/arantv.az\/?author=2"},"rttpg_comment":0,"rttpg_category":"<a href=\"https:\/\/arantv.az\/?cat=1\" rel=\"category\">C\u0259miyy\u0259t<\/a> <a href=\"https:\/\/arantv.az\/?cat=2\" rel=\"category\">Region X\u0259b\u0259rl\u0259ri<\/a>","rttpg_excerpt":"ARANTV.AZ x\u0259b\u0259r verir ki, Az\u0259rbaycan\u00a0 Respublikas\u0131n\u0131n Prezidenti c\u0259nab \u0130lham \u018fliyevin tap\u015f\u0131r\u0131\u011f\u0131na uy\u011fun olaraq 2019-cu ilin fevral ay\u0131n\u0131n 11-d\u0259n Q\u0259b\u0259l\u0259 rayonunda \u0259halinin tibbi m\u00fcayin\u0259d\u0259n ke\u00e7irilm\u0259sin\u0259 ba\u015flan\u0131lm\u0131\u015fd\u0131r. Bu m\u0259qs\u0259dl\u0259 rayon icra hakimiyy\u0259tind\u0259\u00a0 aidiyy\u0259ti qurumlar\u0131n n\u00fcmay\u0259nd\u0259l\u0259rind\u0259n ibar\u0259t m\u00fcvafiq komissiya yarad\u0131lm\u0131\u015fd\u0131r. Komissiya t\u0259r\u0259find\u0259n t\u0259rtib edilmi\u015f qrafik\u0259 \u0259sas\u0259n Q\u0259b\u0259l\u0259 M\u00fcalic\u0259 Diaqnostika M\u0259rk\u0259zind\u0259 v\u0259 M\u0259rk\u0259zi Rayon X\u0259st\u0259xanas\u0131nda \u0259halinin art\u0131q tibbi m\u00fcayin\u0259d\u0259n&hellip;","_links":{"self":[{"href":"https:\/\/arantv.az\/index.php?rest_route=\/wp\/v2\/posts\/37941"}],"collection":[{"href":"https:\/\/arantv.az\/index.php?rest_route=\/wp\/v2\/posts"}],"about":[{"href":"https:\/\/arantv.az\/index.php?rest_route=\/wp\/v2\/types\/post"}],"author":[{"embeddable":true,"href":"https:\/\/arantv.az\/index.php?rest_route=\/wp\/v2\/users\/2"}],"replies":[{"embeddable":true,"href":"https:\/\/arantv.az\/index.php?rest_route=%2Fwp%2Fv2%2Fcomments&post=37941"}],"version-history":[{"count":0,"href":"https:\/\/arantv.az\/index.php?rest_route=\/wp\/v2\/posts\/37941\/revisions"}],"wp:featuredmedia":[{"embeddable":true,"href":"https:\/\/arantv.az\/index.php?rest_route=\/wp\/v2\/media\/37942"}],"wp:attachment":[{"href":"https:\/\/arantv.az\/index.php?rest_route=%2Fwp%2Fv2%2Fmedia&parent=37941"}],"wp:term":[{"taxonomy":"category","embeddable":true,"href":"https:\/\/arantv.az\/index.php?rest_route=%2Fwp%2Fv2%2Fcategories&post=37941"},{"taxonomy":"post_tag","embeddable":true,"href":"https:\/\/arantv.az\/index.php?rest_route=%2Fwp%2Fv2%2Ftags&post=37941"}],"curies":[{"name":"wp","href":"https:\/\/api.w.org\/{rel}","templated":true}]}}