{"id":37944,"date":"2019-02-12T10:50:50","date_gmt":"2019-02-12T07:50:50","guid":{"rendered":"http:\/\/arantv.az\/?p=37944"},"modified":"2019-02-12T10:50:50","modified_gmt":"2019-02-12T07:50:50","slug":"semkird%c9%99-qida-t%c9%99hluk%c9%99sizliyi-agentliyinin-regional-bolm%c9%99sin%c9%99-yeni-t%c9%99yinat-olub","status":"publish","type":"post","link":"https:\/\/arantv.az\/?p=37944","title":{"rendered":"\u015eemkird\u0259, Q\u0130DA T\u018fHL\u00dcK\u018fS\u0130ZL\u0130Y\u0130 AGENTL\u0130Y\u0130N\u0130N REG\u0130ONAL B\u00d6LM\u018fS\u0130N\u018f YEN\u0130 T\u018fY\u0130NAT OLUB"},"content":{"rendered":"<p><strong>ARANTV.AZ<\/strong> x\u0259b\u0259r verir ki, Qida T\u0259hl\u00fck\u0259sizliyi Agentliyinin regional b\u00f6lm\u0259sin\u0259 yeni t\u0259yinat olub.<\/p>\n<p>Bel\u0259 ki, \u018flizad\u0259 Rauf \u018fs\u0259d o\u011flu Qida T\u0259hl\u00fck\u0259sizliyi Agentliyinin Regional b\u00f6lm\u0259 r\u0259isi v\u0259zif\u0259sin\u0259 t\u0259yin edilib.<\/p>\n<p>Bu g\u00fcn \u015e\u0259mkir Rayon \u0130cra Hakimiyy\u0259tinin ba\u015f\u00e7\u0131s\u0131 Alimpa\u015fa M\u0259mm\u0259dov Rauf \u018flizad\u0259ni q\u0259bul edib.<\/p>\n<p>Alimpa\u015fa M\u0259mm\u0259dov yeni regional b\u00f6lm\u0259 r\u0259isin t\u0259brik edib, ona m\u0259suliyy\u0259tli i\u015find\u0259 u\u011furlar arzulay\u0131b.<\/p>\n<p>Rauf \u018flizad\u0259 d\u0259 \u00f6z n\u00f6vb\u0259sind\u0259 Alimpa\u015fa M\u0259mm\u0259dova isti m\u00fcnasib\u0259t\u0259, g\u00f6st\u0259ril\u0259n d\u0259st\u0259y\u0259 g\u00f6r\u0259 t\u0259\u015f\u0259kk\u00fcr\u00fcn\u00fc bildirib.<\/p>\n<p>\u015e\u018fMK\u0130R RAYON \u0130CRA HAK\u0130M\u0130YY\u018fT\u0130 V\u018f B\u00dcT\u00dcN \u015e\u018fMK\u0130RL\u0130L\u018fR ADINDAN RAUF \u018fL\u0130ZAD\u018fN\u0130 T\u018fBR\u0130K ED\u0130R,U\u011eURLAR ARZULAYIRIQ!<\/p>\n<p><img loading=\"lazy\" src=\"http:\/\/shamkir-ih.gov.az\/userfiles\/images\/1260-2.jpg\" alt=\"\" width=\"650\" height=\"433\" \/><\/p>\n<p><img loading=\"lazy\" src=\"http:\/\/shamkir-ih.gov.az\/userfiles\/images\/1206-3.jpg\" alt=\"\" width=\"650\" height=\"433\" \/><\/p>\n","protected":false},"excerpt":{"rendered":"<p>ARANTV.AZ x\u0259b\u0259r verir ki, Qida T\u0259hl\u00fck\u0259sizliyi Agentliyinin regional b\u00f6lm\u0259sin\u0259 yeni t\u0259yinat olub. Bel\u0259 ki, \u018flizad\u0259 Rauf \u018fs\u0259d o\u011flu Qida T\u0259hl\u00fck\u0259sizliyi Agentliyinin Regional b\u00f6lm\u0259 r\u0259isi v\u0259zif\u0259sin\u0259 t\u0259yin edilib. Bu g\u00fcn \u015e\u0259mkir Rayon \u0130cra Hakimiyy\u0259tinin ba\u015f\u00e7\u0131s\u0131 Alimpa\u015fa M\u0259mm\u0259dov Rauf \u018flizad\u0259ni q\u0259bul edib. Alimpa\u015fa M\u0259mm\u0259dov yeni regional b\u00f6lm\u0259 r\u0259isin t\u0259brik edib, ona m\u0259suliyy\u0259tli i\u015find\u0259 u\u011furlar arzulay\u0131b. Rauf \u018flizad\u0259 d\u0259 \u00f6z n\u00f6vb\u0259sind\u0259 Alimpa\u015fa M\u0259mm\u0259dova isti m\u00fcnasib\u0259t\u0259, g\u00f6st\u0259ril\u0259n d\u0259st\u0259y\u0259 g\u00f6r\u0259 t\u0259\u015f\u0259kk\u00fcr\u00fcn\u00fc bildirib. \u015e\u018fMK\u0130R RAYON \u0130CRA HAK\u0130M\u0130YY\u018fT\u0130 V\u018f B\u00dcT\u00dcN \u015e\u018fMK\u0130RL\u0130L\u018fR ADINDAN RAUF \u018fL\u0130ZAD\u018fN\u0130 T\u018fBR\u0130K ED\u0130R,U\u011eURLAR ARZULAYIRIQ!<\/p>\n","protected":false},"author":2,"featured_media":37945,"comment_status":"closed","ping_status":"closed","sticky":false,"template":"","format":"standard","meta":{"om_disable_all_campaigns":false,"_monsterinsights_skip_tracking":false,"_monsterinsights_sitenote_active":false,"_monsterinsights_sitenote_note":"","_monsterinsights_sitenote_category":0},"categories":[1,2],"tags":[],"aioseo_notices":[],"gutentor_comment":0,"rttpg_featured_image_url":{"full":["https:\/\/arantv.az\/wp-content\/uploads\/2019\/02\/1260-1.jpg",960,640,false],"landscape":["https:\/\/arantv.az\/wp-content\/uploads\/2019\/02\/1260-1.jpg",960,640,false],"portraits":["https:\/\/arantv.az\/wp-content\/uploads\/2019\/02\/1260-1.jpg",960,640,false],"thumbnail":["https:\/\/arantv.az\/wp-content\/uploads\/2019\/02\/1260-1-150x150.jpg",150,150,true],"medium":["https:\/\/arantv.az\/wp-content\/uploads\/2019\/02\/1260-1-300x200.jpg",300,200,true],"large":["https:\/\/arantv.az\/wp-content\/uploads\/2019\/02\/1260-1.jpg",640,427,false],"1536x1536":["https:\/\/arantv.az\/wp-content\/uploads\/2019\/02\/1260-1.jpg",960,640,false],"2048x2048":["https:\/\/arantv.az\/wp-content\/uploads\/2019\/02\/1260-1.jpg",960,640,false],"post-thumbnail":["https:\/\/arantv.az\/wp-content\/uploads\/2019\/02\/1260-1-240x172.jpg",240,172,true],"advps-thumb-one":["https:\/\/arantv.az\/wp-content\/uploads\/2019\/02\/1260-1-960x620.jpg",960,620,true]},"rttpg_author":{"display_name":"V\u00fcsal Rafiqo\u011flu","author_link":"https:\/\/arantv.az\/?author=2"},"rttpg_comment":0,"rttpg_category":"<a href=\"https:\/\/arantv.az\/?cat=1\" rel=\"category\">C\u0259miyy\u0259t<\/a> <a href=\"https:\/\/arantv.az\/?cat=2\" rel=\"category\">Region X\u0259b\u0259rl\u0259ri<\/a>","rttpg_excerpt":"ARANTV.AZ x\u0259b\u0259r verir ki, Qida T\u0259hl\u00fck\u0259sizliyi Agentliyinin regional b\u00f6lm\u0259sin\u0259 yeni t\u0259yinat olub. Bel\u0259 ki, \u018flizad\u0259 Rauf \u018fs\u0259d o\u011flu Qida T\u0259hl\u00fck\u0259sizliyi Agentliyinin Regional b\u00f6lm\u0259 r\u0259isi v\u0259zif\u0259sin\u0259 t\u0259yin edilib. Bu g\u00fcn \u015e\u0259mkir Rayon \u0130cra Hakimiyy\u0259tinin ba\u015f\u00e7\u0131s\u0131 Alimpa\u015fa M\u0259mm\u0259dov Rauf \u018flizad\u0259ni q\u0259bul edib. Alimpa\u015fa M\u0259mm\u0259dov yeni regional b\u00f6lm\u0259 r\u0259isin t\u0259brik edib, ona m\u0259suliyy\u0259tli i\u015find\u0259 u\u011furlar arzulay\u0131b. Rauf \u018flizad\u0259&hellip;","_links":{"self":[{"href":"https:\/\/arantv.az\/index.php?rest_route=\/wp\/v2\/posts\/37944"}],"collection":[{"href":"https:\/\/arantv.az\/index.php?rest_route=\/wp\/v2\/posts"}],"about":[{"href":"https:\/\/arantv.az\/index.php?rest_route=\/wp\/v2\/types\/post"}],"author":[{"embeddable":true,"href":"https:\/\/arantv.az\/index.php?rest_route=\/wp\/v2\/users\/2"}],"replies":[{"embeddable":true,"href":"https:\/\/arantv.az\/index.php?rest_route=%2Fwp%2Fv2%2Fcomments&post=37944"}],"version-history":[{"count":0,"href":"https:\/\/arantv.az\/index.php?rest_route=\/wp\/v2\/posts\/37944\/revisions"}],"wp:featuredmedia":[{"embeddable":true,"href":"https:\/\/arantv.az\/index.php?rest_route=\/wp\/v2\/media\/37945"}],"wp:attachment":[{"href":"https:\/\/arantv.az\/index.php?rest_route=%2Fwp%2Fv2%2Fmedia&parent=37944"}],"wp:term":[{"taxonomy":"category","embeddable":true,"href":"https:\/\/arantv.az\/index.php?rest_route=%2Fwp%2Fv2%2Fcategories&post=37944"},{"taxonomy":"post_tag","embeddable":true,"href":"https:\/\/arantv.az\/index.php?rest_route=%2Fwp%2Fv2%2Ftags&post=37944"}],"curies":[{"name":"wp","href":"https:\/\/api.w.org\/{rel}","templated":true}]}}