{"id":37957,"date":"2019-02-12T12:51:11","date_gmt":"2019-02-12T09:51:11","guid":{"rendered":"http:\/\/arantv.az\/?p=37957"},"modified":"2019-02-12T12:51:11","modified_gmt":"2019-02-12T09:51:11","slug":"hadi-r%c9%99c%c9%99bli-sosial-mudafi%c9%99-il%c9%99-bagli-addimlar-bundan-sonra-da-atilacaq","status":"publish","type":"post","link":"https:\/\/arantv.az\/?p=37957","title":{"rendered":"Hadi R\u0259c\u0259bli: Sosial m\u00fcdafi\u0259 il\u0259 ba\u011fl\u0131 add\u0131mlar bundan sonra da at\u0131lacaq"},"content":{"rendered":"<p>Az\u0259rbaycan\u0131n d\u00f6vl\u0259t\u00e7ilik tarixind\u0259 ilk d\u0259f\u0259 olaraq minimum \u0259m\u0259khaqq\u0131n\u0131n ya\u015fay\u0131\u015f minimumuna uy\u011funla\u015fd\u0131r\u0131lmas\u0131 il\u0259 ba\u011fl\u0131 s\u0259r\u0259ncam imzaland\u0131. Bu, m\u00fcst\u0259qillik d\u00f6vr\u00fcnd\u0259 ilk add\u0131m idi. Bu add\u0131m g\u0259l\u0259c\u0259kd\u0259 g\u00f6r\u00fcl\u0259n i\u015fl\u0259rin t\u0259m\u0259lini qoyur. Bu, biz\u0259 imkan verir ki, g\u0259l\u0259c\u0259kd\u0259 d\u0259 \u0259m\u0259khaqlar\u0131n\u0131n art\u0131r\u0131lmas\u0131 il\u0259 ba\u011fl\u0131 add\u0131mlar at\u0131ls\u0131n.<\/p>\n<p><strong>ARANTV.AZ\u00a0<\/strong>\u00a0x\u0259b\u0259r verir ki, bunu Milli M\u0259clisin bu g\u00fcn ke\u00e7iril\u0259n plenar iclas\u0131nda parlamentin \u018fm\u0259k v\u0259 sosial siyas\u0259t komit\u0259sinin s\u0259dri Hadi R\u0259c\u0259bli deyib.<\/p>\n<p>Komit\u0259 s\u0259dri xat\u0131rlad\u0131b ki, 2007-ci ild\u0259 ya\u015fay\u0131\u015f minimum 64, minimum \u0259m\u0259k haqq\u0131 is\u0259 50 manat idi.<\/p>\n<div id=\"AdributorNativeVideo0\" class=\"AdributorNativeVideo\"><\/div>\n<p>\u201c2017-2018-ci ild\u0259 ya\u015fay\u0131\u015f minimumu 173, minimum \u0259m\u0259khaqq\u0131 116 manat idi. Burada olan f\u0259rqi g\u00f6r\u00fcr\u00fck. Bu il is\u0259 minimum \u0259m\u0259khaqq\u0131 ya\u015fay\u0131\u015f minimumuna \u00e7atd\u0131r\u0131ld\u0131, y\u0259ni 180 manat oldu. \u018fg\u0259r \u00f6lk\u0259mizd\u0259 qa\u00e7q\u0131n v\u0259 m\u0259cburi k\u00f6\u00e7k\u00fcn problem olmasayd\u0131, orduya ayr\u0131lan v\u0259saitin v\u0259 dig\u0259r v\u0259saitl\u0259rin yar\u0131 hiss\u0259si sosial m\u00fcdafi\u0259 m\u0259qs\u0259dl\u0259rin\u0259 y\u00f6n\u0259ld\u0259 bils\u0259ydik, bunlar daha b\u00f6y\u00fck r\u0259q\u0259ml\u0259r olard\u0131. \u015e\u0259hid ail\u0259l\u0259rin\u0259 veril\u0259n m\u00fcavin\u0259t 58 manat art\u0131r\u0131l\u0131b. Sosial m\u00fcdafi\u0259 il\u0259 ba\u011fl\u0131 add\u0131mlar bundan sonra da at\u0131lacaq\u201d, &#8211; dey\u0259, o, \u0259lav\u0259 edib.<\/p>\n<p>oxu.az<\/p>\n","protected":false},"excerpt":{"rendered":"<p>Az\u0259rbaycan\u0131n d\u00f6vl\u0259t\u00e7ilik tarixind\u0259 ilk d\u0259f\u0259 olaraq minimum \u0259m\u0259khaqq\u0131n\u0131n ya\u015fay\u0131\u015f minimumuna uy\u011funla\u015fd\u0131r\u0131lmas\u0131 il\u0259 ba\u011fl\u0131 s\u0259r\u0259ncam imzaland\u0131. Bu, m\u00fcst\u0259qillik d\u00f6vr\u00fcnd\u0259 ilk add\u0131m idi. Bu add\u0131m g\u0259l\u0259c\u0259kd\u0259 g\u00f6r\u00fcl\u0259n i\u015fl\u0259rin t\u0259m\u0259lini qoyur. Bu, biz\u0259 imkan verir ki, g\u0259l\u0259c\u0259kd\u0259 d\u0259 \u0259m\u0259khaqlar\u0131n\u0131n art\u0131r\u0131lmas\u0131 il\u0259 ba\u011fl\u0131 add\u0131mlar at\u0131ls\u0131n. ARANTV.AZ\u00a0\u00a0x\u0259b\u0259r verir ki, bunu Milli M\u0259clisin bu g\u00fcn ke\u00e7iril\u0259n plenar iclas\u0131nda parlamentin \u018fm\u0259k v\u0259 sosial siyas\u0259t komit\u0259sinin s\u0259dri Hadi R\u0259c\u0259bli deyib. Komit\u0259 s\u0259dri xat\u0131rlad\u0131b ki, 2007-ci ild\u0259 ya\u015fay\u0131\u015f minimum 64, minimum \u0259m\u0259k haqq\u0131 is\u0259 50 manat idi. \u201c2017-2018-ci ild\u0259 ya\u015fay\u0131\u015f minimumu 173, minimum \u0259m\u0259khaqq\u0131 116 manat idi. Burada olan&hellip;<\/p>\n","protected":false},"author":2,"featured_media":37958,"comment_status":"closed","ping_status":"closed","sticky":false,"template":"","format":"standard","meta":{"om_disable_all_campaigns":false,"_monsterinsights_skip_tracking":false,"_monsterinsights_sitenote_active":false,"_monsterinsights_sitenote_note":"","_monsterinsights_sitenote_category":0},"categories":[1],"tags":[],"aioseo_notices":[],"gutentor_comment":0,"rttpg_featured_image_url":{"full":["https:\/\/arantv.az\/wp-content\/uploads\/2019\/02\/DeIDGYRX4AAg8It.jpg",620,402,false],"landscape":["https:\/\/arantv.az\/wp-content\/uploads\/2019\/02\/DeIDGYRX4AAg8It.jpg",620,402,false],"portraits":["https:\/\/arantv.az\/wp-content\/uploads\/2019\/02\/DeIDGYRX4AAg8It.jpg",620,402,false],"thumbnail":["https:\/\/arantv.az\/wp-content\/uploads\/2019\/02\/DeIDGYRX4AAg8It-150x150.jpg",150,150,true],"medium":["https:\/\/arantv.az\/wp-content\/uploads\/2019\/02\/DeIDGYRX4AAg8It-300x195.jpg",300,195,true],"large":["https:\/\/arantv.az\/wp-content\/uploads\/2019\/02\/DeIDGYRX4AAg8It.jpg",620,402,false],"1536x1536":["https:\/\/arantv.az\/wp-content\/uploads\/2019\/02\/DeIDGYRX4AAg8It.jpg",620,402,false],"2048x2048":["https:\/\/arantv.az\/wp-content\/uploads\/2019\/02\/DeIDGYRX4AAg8It.jpg",620,402,false],"post-thumbnail":["https:\/\/arantv.az\/wp-content\/uploads\/2019\/02\/DeIDGYRX4AAg8It-240x172.jpg",240,172,true],"advps-thumb-one":["https:\/\/arantv.az\/wp-content\/uploads\/2019\/02\/DeIDGYRX4AAg8It.jpg",620,402,false]},"rttpg_author":{"display_name":"V\u00fcsal Rafiqo\u011flu","author_link":"https:\/\/arantv.az\/?author=2"},"rttpg_comment":0,"rttpg_category":"<a href=\"https:\/\/arantv.az\/?cat=1\" rel=\"category\">C\u0259miyy\u0259t<\/a>","rttpg_excerpt":"Az\u0259rbaycan\u0131n d\u00f6vl\u0259t\u00e7ilik tarixind\u0259 ilk d\u0259f\u0259 olaraq minimum \u0259m\u0259khaqq\u0131n\u0131n ya\u015fay\u0131\u015f minimumuna uy\u011funla\u015fd\u0131r\u0131lmas\u0131 il\u0259 ba\u011fl\u0131 s\u0259r\u0259ncam imzaland\u0131. Bu, m\u00fcst\u0259qillik d\u00f6vr\u00fcnd\u0259 ilk add\u0131m idi. Bu add\u0131m g\u0259l\u0259c\u0259kd\u0259 g\u00f6r\u00fcl\u0259n i\u015fl\u0259rin t\u0259m\u0259lini qoyur. Bu, biz\u0259 imkan verir ki, g\u0259l\u0259c\u0259kd\u0259 d\u0259 \u0259m\u0259khaqlar\u0131n\u0131n art\u0131r\u0131lmas\u0131 il\u0259 ba\u011fl\u0131 add\u0131mlar at\u0131ls\u0131n. ARANTV.AZ\u00a0\u00a0x\u0259b\u0259r verir ki, bunu Milli M\u0259clisin bu g\u00fcn ke\u00e7iril\u0259n plenar iclas\u0131nda parlamentin \u018fm\u0259k v\u0259&hellip;","_links":{"self":[{"href":"https:\/\/arantv.az\/index.php?rest_route=\/wp\/v2\/posts\/37957"}],"collection":[{"href":"https:\/\/arantv.az\/index.php?rest_route=\/wp\/v2\/posts"}],"about":[{"href":"https:\/\/arantv.az\/index.php?rest_route=\/wp\/v2\/types\/post"}],"author":[{"embeddable":true,"href":"https:\/\/arantv.az\/index.php?rest_route=\/wp\/v2\/users\/2"}],"replies":[{"embeddable":true,"href":"https:\/\/arantv.az\/index.php?rest_route=%2Fwp%2Fv2%2Fcomments&post=37957"}],"version-history":[{"count":0,"href":"https:\/\/arantv.az\/index.php?rest_route=\/wp\/v2\/posts\/37957\/revisions"}],"wp:featuredmedia":[{"embeddable":true,"href":"https:\/\/arantv.az\/index.php?rest_route=\/wp\/v2\/media\/37958"}],"wp:attachment":[{"href":"https:\/\/arantv.az\/index.php?rest_route=%2Fwp%2Fv2%2Fmedia&parent=37957"}],"wp:term":[{"taxonomy":"category","embeddable":true,"href":"https:\/\/arantv.az\/index.php?rest_route=%2Fwp%2Fv2%2Fcategories&post=37957"},{"taxonomy":"post_tag","embeddable":true,"href":"https:\/\/arantv.az\/index.php?rest_route=%2Fwp%2Fv2%2Ftags&post=37957"}],"curies":[{"name":"wp","href":"https:\/\/api.w.org\/{rel}","templated":true}]}}