{"id":37970,"date":"2019-02-12T13:26:19","date_gmt":"2019-02-12T10:26:19","guid":{"rendered":"http:\/\/arantv.az\/?p=37970"},"modified":"2019-02-12T13:26:19","modified_gmt":"2019-02-12T10:26:19","slug":"az%c9%99rbaycanla-turkm%c9%99nistan-arasinda-bir-sira-s%c9%99n%c9%99dl%c9%99r-t%c9%99sdiq-edildi","status":"publish","type":"post","link":"https:\/\/arantv.az\/?p=37970","title":{"rendered":"Az\u0259rbaycanla T\u00fcrkm\u0259nistan aras\u0131nda bir s\u0131ra s\u0259n\u0259dl\u0259r t\u0259sdiq edildi"},"content":{"rendered":"<p><strong>Milli M\u0259clisin bu g\u00fcn ke\u00e7iril\u0259n n\u00f6vb\u0259ti plenar iclas\u0131nda Az\u0259rbaycanla T\u00fcrkm\u0259nistan aras\u0131nda bir s\u0131ra s\u0259n\u0259dl\u0259r m\u00fczakir\u0259y\u0259 \u00e7\u0131xar\u0131l\u0131b.<\/strong><\/p>\n<p><strong>ARANTV.AZ<\/strong> trend-\u0259 istinad\u0259n bildirir ki,\u00a0deputatlar iclasda Az\u0259rbaycan Respublikas\u0131n\u0131n Prezidenti \u0130lham \u018fliyevin v\u0259 T\u00fcrkm\u0259nistan\u0131n Prezidenti Qurbanqulu Berdim\u0259h\u0259mm\u0259dovun Birg\u0259 B\u0259yanat\u0131n\u0131n, &#8220;Az\u0259rbaycan Respublikas\u0131 H\u00f6kum\u0259ti il\u0259 T\u00fcrkm\u0259nistan H\u00f6kum\u0259ti aras\u0131nda Az\u0259rbaycan Respublikas\u0131 v\u0259 T\u00fcrkm\u0259nistan \u0259razil\u0259rind\u0259n ke\u00e7m\u0259kl\u0259 h\u0259yata ke\u00e7iril\u0259n beyn\u0259lxalq da\u015f\u0131malar i\u015ftirak\u00e7\u0131lar\u0131 \u00fc\u00e7\u00fcn viza rejiminin sad\u0259l\u0259\u015fdirilm\u0259si haqq\u0131nda&#8221; Sazi\u015fin, &#8220;Az\u0259rbaycan Respublikas\u0131 H\u00f6kum\u0259ti il\u0259 T\u00fcrkm\u0259nistan H\u00f6kum\u0259ti aras\u0131nda n\u0259qliyyat, tranzit v\u0259 logistika m\u0259s\u0259l\u0259l\u0259ri \u00fczr\u0259 Az\u0259rbaycan-T\u00fcrkm\u0259nistan Birg\u0259 Komissiyas\u0131n\u0131n yarad\u0131lmas\u0131 haqq\u0131nda&#8221; Sazi\u015fin, &#8220;Az\u0259rbaycan Respublikas\u0131 H\u00f6kum\u0259ti il\u0259 T\u00fcrkm\u0259nistan H\u00f6kum\u0259ti aras\u0131nda s\u0259rmay\u0259l\u0259rin t\u0259\u015fviqi v\u0259 qar\u015f\u0131l\u0131ql\u0131 qorunmas\u0131 haqq\u0131nda&#8221; Sazi\u015fin, &#8220;Az\u0259rbaycan Respublikas\u0131 H\u00f6kum\u0259ti il\u0259 T\u00fcrkm\u0259nistan H\u00f6kum\u0259ti aras\u0131nda g\u0259lirl\u0259r\u0259 v\u0259 \u0259mlaka g\u00f6r\u0259 vergil\u0259r\u0259 m\u00fcnasib\u0259td\u0259 ikiqat vergitutman\u0131n aradan qald\u0131r\u0131lmas\u0131 haqq\u0131nda&#8221; Sazi\u015fin, &#8220;Az\u0259rbaycan Respublikas\u0131 v\u0259 T\u00fcrkm\u0259nistan aras\u0131nda ke\u00e7iril\u0259n mallar v\u0259 n\u0259qliyyat vasit\u0259l\u0259ri haqq\u0131nda ilkin m\u0259lumat m\u00fcbadil\u0259sinin t\u0259\u015fkili bar\u0259d\u0259 Az\u0259rbaycan Respublikas\u0131n\u0131n D\u00f6vl\u0259t G\u00f6mr\u00fck Komit\u0259si il\u0259 T\u00fcrkm\u0259nistan\u0131n D\u00f6vl\u0259t G\u00f6mr\u00fck Xidm\u0259ti aras\u0131nda&#8221; Sazi\u015fin t\u0259sdiq edilm\u0259si m\u0259s\u0259l\u0259sini m\u00fczakir\u0259y\u0259 \u00e7\u0131xar\u0131blar.<\/p>\n<p>Deputatlar qeyd olunan s\u0259n\u0259dl\u0259rin iki \u00f6lk\u0259 aras\u0131nda \u0259m\u0259kda\u015fl\u0131\u011f\u0131n inki\u015faf\u0131nda m\u00fch\u00fcm rol oynayaca\u011f\u0131n\u0131 qeyd edibl\u0259r. M\u00fczakir\u0259l\u0259rd\u0259n sonra s\u0259n\u0259dl\u0259r s\u0259s\u0259 qoyularaq t\u0259sdiq edilib.<\/p>\n","protected":false},"excerpt":{"rendered":"<p>Milli M\u0259clisin bu g\u00fcn ke\u00e7iril\u0259n n\u00f6vb\u0259ti plenar iclas\u0131nda Az\u0259rbaycanla T\u00fcrkm\u0259nistan aras\u0131nda bir s\u0131ra s\u0259n\u0259dl\u0259r m\u00fczakir\u0259y\u0259 \u00e7\u0131xar\u0131l\u0131b. ARANTV.AZ trend-\u0259 istinad\u0259n bildirir ki,\u00a0deputatlar iclasda Az\u0259rbaycan Respublikas\u0131n\u0131n Prezidenti \u0130lham \u018fliyevin v\u0259 T\u00fcrkm\u0259nistan\u0131n Prezidenti Qurbanqulu Berdim\u0259h\u0259mm\u0259dovun Birg\u0259 B\u0259yanat\u0131n\u0131n, &#8220;Az\u0259rbaycan Respublikas\u0131 H\u00f6kum\u0259ti il\u0259 T\u00fcrkm\u0259nistan H\u00f6kum\u0259ti aras\u0131nda Az\u0259rbaycan Respublikas\u0131 v\u0259 T\u00fcrkm\u0259nistan \u0259razil\u0259rind\u0259n ke\u00e7m\u0259kl\u0259 h\u0259yata ke\u00e7iril\u0259n beyn\u0259lxalq da\u015f\u0131malar i\u015ftirak\u00e7\u0131lar\u0131 \u00fc\u00e7\u00fcn viza rejiminin sad\u0259l\u0259\u015fdirilm\u0259si haqq\u0131nda&#8221; Sazi\u015fin, &#8220;Az\u0259rbaycan Respublikas\u0131 H\u00f6kum\u0259ti il\u0259 T\u00fcrkm\u0259nistan H\u00f6kum\u0259ti aras\u0131nda n\u0259qliyyat, tranzit v\u0259 logistika m\u0259s\u0259l\u0259l\u0259ri \u00fczr\u0259 Az\u0259rbaycan-T\u00fcrkm\u0259nistan Birg\u0259 Komissiyas\u0131n\u0131n yarad\u0131lmas\u0131 haqq\u0131nda&#8221; Sazi\u015fin, &#8220;Az\u0259rbaycan Respublikas\u0131 H\u00f6kum\u0259ti il\u0259 T\u00fcrkm\u0259nistan H\u00f6kum\u0259ti aras\u0131nda s\u0259rmay\u0259l\u0259rin t\u0259\u015fviqi v\u0259 qar\u015f\u0131l\u0131ql\u0131 qorunmas\u0131 haqq\u0131nda&#8221;&hellip;<\/p>\n","protected":false},"author":2,"featured_media":37971,"comment_status":"closed","ping_status":"closed","sticky":false,"template":"","format":"standard","meta":{"om_disable_all_campaigns":false,"_monsterinsights_skip_tracking":false,"_monsterinsights_sitenote_active":false,"_monsterinsights_sitenote_note":"","_monsterinsights_sitenote_category":0},"categories":[4],"tags":[],"aioseo_notices":[],"gutentor_comment":0,"rttpg_featured_image_url":{"full":["https:\/\/arantv.az\/wp-content\/uploads\/2019\/02\/729880.jpg",800,600,false],"landscape":["https:\/\/arantv.az\/wp-content\/uploads\/2019\/02\/729880.jpg",800,600,false],"portraits":["https:\/\/arantv.az\/wp-content\/uploads\/2019\/02\/729880.jpg",800,600,false],"thumbnail":["https:\/\/arantv.az\/wp-content\/uploads\/2019\/02\/729880-150x150.jpg",150,150,true],"medium":["https:\/\/arantv.az\/wp-content\/uploads\/2019\/02\/729880-300x225.jpg",300,225,true],"large":["https:\/\/arantv.az\/wp-content\/uploads\/2019\/02\/729880.jpg",640,480,false],"1536x1536":["https:\/\/arantv.az\/wp-content\/uploads\/2019\/02\/729880.jpg",800,600,false],"2048x2048":["https:\/\/arantv.az\/wp-content\/uploads\/2019\/02\/729880.jpg",800,600,false],"post-thumbnail":["https:\/\/arantv.az\/wp-content\/uploads\/2019\/02\/729880-240x172.jpg",240,172,true],"advps-thumb-one":["https:\/\/arantv.az\/wp-content\/uploads\/2019\/02\/729880.jpg",800,600,false]},"rttpg_author":{"display_name":"V\u00fcsal Rafiqo\u011flu","author_link":"https:\/\/arantv.az\/?author=2"},"rttpg_comment":0,"rttpg_category":"<a href=\"https:\/\/arantv.az\/?cat=4\" rel=\"category\">Siyas\u0259t<\/a>","rttpg_excerpt":"Milli M\u0259clisin bu g\u00fcn ke\u00e7iril\u0259n n\u00f6vb\u0259ti plenar iclas\u0131nda Az\u0259rbaycanla T\u00fcrkm\u0259nistan aras\u0131nda bir s\u0131ra s\u0259n\u0259dl\u0259r m\u00fczakir\u0259y\u0259 \u00e7\u0131xar\u0131l\u0131b. ARANTV.AZ trend-\u0259 istinad\u0259n bildirir ki,\u00a0deputatlar iclasda Az\u0259rbaycan Respublikas\u0131n\u0131n Prezidenti \u0130lham \u018fliyevin v\u0259 T\u00fcrkm\u0259nistan\u0131n Prezidenti Qurbanqulu Berdim\u0259h\u0259mm\u0259dovun Birg\u0259 B\u0259yanat\u0131n\u0131n, &#8220;Az\u0259rbaycan Respublikas\u0131 H\u00f6kum\u0259ti il\u0259 T\u00fcrkm\u0259nistan H\u00f6kum\u0259ti aras\u0131nda Az\u0259rbaycan Respublikas\u0131 v\u0259 T\u00fcrkm\u0259nistan \u0259razil\u0259rind\u0259n ke\u00e7m\u0259kl\u0259 h\u0259yata ke\u00e7iril\u0259n beyn\u0259lxalq da\u015f\u0131malar i\u015ftirak\u00e7\u0131lar\u0131 \u00fc\u00e7\u00fcn viza rejiminin&hellip;","_links":{"self":[{"href":"https:\/\/arantv.az\/index.php?rest_route=\/wp\/v2\/posts\/37970"}],"collection":[{"href":"https:\/\/arantv.az\/index.php?rest_route=\/wp\/v2\/posts"}],"about":[{"href":"https:\/\/arantv.az\/index.php?rest_route=\/wp\/v2\/types\/post"}],"author":[{"embeddable":true,"href":"https:\/\/arantv.az\/index.php?rest_route=\/wp\/v2\/users\/2"}],"replies":[{"embeddable":true,"href":"https:\/\/arantv.az\/index.php?rest_route=%2Fwp%2Fv2%2Fcomments&post=37970"}],"version-history":[{"count":0,"href":"https:\/\/arantv.az\/index.php?rest_route=\/wp\/v2\/posts\/37970\/revisions"}],"wp:featuredmedia":[{"embeddable":true,"href":"https:\/\/arantv.az\/index.php?rest_route=\/wp\/v2\/media\/37971"}],"wp:attachment":[{"href":"https:\/\/arantv.az\/index.php?rest_route=%2Fwp%2Fv2%2Fmedia&parent=37970"}],"wp:term":[{"taxonomy":"category","embeddable":true,"href":"https:\/\/arantv.az\/index.php?rest_route=%2Fwp%2Fv2%2Fcategories&post=37970"},{"taxonomy":"post_tag","embeddable":true,"href":"https:\/\/arantv.az\/index.php?rest_route=%2Fwp%2Fv2%2Ftags&post=37970"}],"curies":[{"name":"wp","href":"https:\/\/api.w.org\/{rel}","templated":true}]}}