{"id":37973,"date":"2019-02-12T13:27:30","date_gmt":"2019-02-12T10:27:30","guid":{"rendered":"http:\/\/arantv.az\/?p=37973"},"modified":"2019-02-12T13:27:30","modified_gmt":"2019-02-12T10:27:30","slug":"islahatlar-v%c9%99-minimum-%c9%99m%c9%99khaqqinin-artirilmasi-eyni-prosesin-t%c9%99rkib-hiss%c9%99l%c9%99ri","status":"publish","type":"post","link":"https:\/\/arantv.az\/?p=37973","title":{"rendered":"\u0130slahatlar v\u0259 minimum \u0259m\u0259khaqq\u0131n\u0131n art\u0131r\u0131lmas\u0131: eyni prosesin t\u0259rkib hiss\u0259l\u0259ri"},"content":{"rendered":"<p>2018-ci ilin prezident se\u00e7kil\u0259rind\u0259n sonra ba\u015flanm\u0131\u015f kadr, antikorrupsiya, struktur v\u0259 vergi islahatlar\u0131 \u00f6z\u00fcn\u00fcn ikinci m\u0259rh\u0259l\u0259sin\u0259 q\u0259d\u0259m qoydu. 8 fevral 2019-cu il tarixd\u0259 minimum \u0259m\u0259khaqq\u0131n\u0131n art\u0131r\u0131lmas\u0131 haqq\u0131nda Prezident s\u0259r\u0259ncam\u0131 m\u0259hz ikinci m\u0259rh\u0259l\u0259nin ba\u015flanmas\u0131n\u0131n i\u015far\u0259sidir.<\/p>\n<p>Bu, ikinci m\u0259rh\u0259l\u0259 is\u0259 t\u0259bii ki, birinci m\u0259rh\u0259l\u0259nin m\u0259ntiqi n\u0259tic\u0259sidir.<\/p>\n<p>\u0130slahatlar\u0131n birinci m\u0259rh\u0259l\u0259sind\u0259 g\u00f6mr\u00fck v\u0259 vergi orqanlar\u0131nda qeyri-\u015f\u0259ffafl\u0131\u011fa son qoyulmas\u0131 il\u0259 b\u00fcdc\u0259 g\u0259lirl\u0259rinin art\u0131t\u0131lmas\u0131na v\u0259 paralel olaraq struktur islahatlar\u0131 n\u0259tic\u0259sind\u0259 b\u00fcdc\u0259 x\u0259rcl\u0259rinin azald\u0131lmas\u0131na nail olundu. \u018fhali bu m\u0259rh\u0259l\u0259nin n\u0259tic\u0259l\u0259rini g\u00f6mr\u00fck, vergi v\u0259 ba\u015fqa d\u00f6vl\u0259t orqanlar\u0131 il\u0259 \u00fcnsiyy\u0259td\u0259 hiss etdi. \u0130slahat\u0131n bu m\u0259rh\u0259l\u0259si b\u00fcdc\u0259y\u0259 v\u0259sait ax\u0131n\u0131n\u0131 g\u00fccl\u0259ndirdi. Eyni zamanda, korrupsiyaya qar\u015f\u0131 m\u00fcbariz\u0259 g\u00fccl\u0259ndikc\u0259 b\u00fcdc\u0259 v\u0259saitl\u0259rinin x\u0259rcl\u0259nm\u0259si d\u0259 s\u0259m\u0259r\u0259li m\u0259craya y\u00f6n\u0259ldildi. Vergi islahatlar\u0131n\u0131n da k\u00f6lg\u0259 iqtisadiyyat\u0131n\u0131 xeyli m\u0259hdudla\u015fd\u0131raca\u011f\u0131 g\u00f6zl\u0259nilir.<\/p>\n<p>Mart\u0131n 1-d\u0259n h\u0259min \u00f6t\u0259nilki islahatlar v\u0259 pozitiv g\u00f6zl\u0259ntil\u0259r \u00fcz\u0259rind\u0259 islahatlar\u0131n yeni m\u0259rh\u0259l\u0259sin\u0259 start verilir. \u018fhali 2018-ci ilin prezident se\u00e7kil\u0259rind\u0259n sonra ba\u015flanm\u0131\u015f islahatlar\u0131n ikinci m\u0259rh\u0259l\u0259sinin n\u0259tic\u0259l\u0259rini minimum \u0259m\u0259khaqq\u0131n\u0131n art\u0131r\u0131lmas\u0131 il\u0259 hiss etdi. Bu bax\u0131mdan 8 fevral 2019-cu il tarixli s\u0259r\u0259ncamla minimum ayl\u0131q \u0259m\u0259khaqq\u0131n\u0131n art\u0131r\u0131lmas\u0131 islahatlar\u0131n \u0259halinin rifah s\u0259viyy\u0259sinin yax\u015f\u0131la\u015fd\u0131r\u0131lmas\u0131 istiqam\u0259tind\u0259ki t\u0259sirl\u0259ridir. Odur ki, \u00f6t\u0259n il ba\u015flam\u0131\u015f v\u0259 bu il davam etdirilmi\u015f islahatlarla minimum \u0259m\u0259khaqq\u0131n\u0131n art\u0131r\u0131lmas\u0131na dair s\u0259r\u0259ncama eyni prosesin t\u0259rkib hiss\u0259si kimi baxmaq laz\u0131md\u0131r.<\/p>\n<p>Bel\u0259 ki, 2018-ci ild\u0259 apar\u0131lm\u0131\u015f islahatlar\u0131n n\u0259tic\u0259sind\u0259 b\u00fcdc\u0259y\u0259 daha \u00e7ox v\u0259sait daxil olma\u011fa ba\u015flay\u0131r v\u0259 b\u00fcdc\u0259 v\u0259saitl\u0259ri daha s\u0259m\u0259r\u0259li x\u0259rcl\u0259ndiyi t\u0259qdird\u0259 \u0259m\u0259khaqlar\u0131 v\u0259 pensiyalar art\u0131r\u0131l\u0131r.<\/p>\n<p>Bu, h\u0259m d\u0259 apar\u0131lan islahatlar\u0131n ilkin sosial n\u0259tic\u0259l\u0259ridir. Ona g\u00f6r\u0259 ilkin n\u0259tic\u0259l\u0259rdir ki, zaman ke\u00e7dikc\u0259 islahatlar\u0131n g\u0259tirdiyi s\u0259m\u0259r\u0259 d\u0259 artacaq, b\u00fcdc\u0259d\u0259 daha \u00e7ox v\u0259sait toparlanacaq v\u0259 buna paralel olaraq sosial m\u00fcdafi\u0259ni g\u00fccl\u0259ndirm\u0259k \u00fc\u00e7\u00fcn m\u0259nb\u0259l\u0259r daha da geni\u015fl\u0259n\u0259c\u0259k. Ona g\u00f6r\u0259 ki, b\u00fcdc\u0259y\u0259 daxil olan v\u0259saitin artmas\u0131 v\u0259 bu v\u0259saitl\u0259rin daha s\u0259m\u0259r\u0259li istifad\u0259si il\u0259 sosial m\u00fcdafi\u0259 aras\u0131ndak\u0131 \u0259laq\u0259 birl\u0259\u015fmi\u015f qablar \u0259laq\u0259sidir v\u0259 s\u0259b\u0259b-n\u0259tic\u0259 ba\u011flar\u0131 il\u0259 birl\u0259\u015fir.<\/p>\n<p>\u0130lk d\u0259f\u0259dir ki, \u00e7oxdan can at\u0131lan bir h\u0259d\u0259f\u0259 \u00e7atmaq m\u00fcmk\u00fcn oldu: Az\u0259rbaycanda minimum \u0259m\u0259khaqq\u0131 ya\u015fay\u0131\u015f minimumu il\u0259 b\u0259rab\u0259rl\u0259\u015fdi. Bu, \u00e7ox vacib bir sosial g\u00f6st\u0259ricidir.<\/p>\n<p><strong>Sosial m\u00fcdafi\u0259 bazar\u0131n v\u0259 istehsal\u0131n stimulu kimi<\/strong><\/p>\n<p>Ancaq islahatlar\u0131n n\u0259tic\u0259si olan sosial m\u00fcdafi\u0259nin g\u00fccl\u0259ndirilm\u0259sinin m\u00fcsb\u0259t iqtisadi t\u0259sirl\u0259ri d\u0259 var. Bel\u0259 ki, bazara \u0259lav\u0259 400 milyon manat t\u0259kc\u0259 minimum \u0259m\u0259khaqq\u0131n\u0131n artmas\u0131 n\u0259tic\u0259sind\u0259 daxil olacaq. Bundan \u0259vv\u0259l pensiyalar\u0131n art\u0131m\u0131 da birinci m\u0259rh\u0259l\u0259d\u0259 ba\u015f verib. Bu art\u0131mlar bazarda al\u0131c\u0131l\u0131q qabiliyy\u0259tini y\u00fcks\u0259ldir v\u0259 p\u0259rak\u0259nd\u0259 sat\u0131\u015f\u0131 stimulla\u015fd\u0131r\u0131r. M\u0259hz p\u0259rak\u0259nd\u0259 sat\u0131\u015f\u0131n s\u0259viyy\u0259si istehsal\u00e7\u0131lar \u00fc\u00e7\u00fcn siqnal rolunu oynay\u0131r. P\u0259rak\u0259nd\u0259 sat\u0131\u015f art\u0131rsa, dem\u0259li, daha \u00e7ox istehsal etm\u0259k \u00fc\u00e7\u00fcn imkan yaran\u0131r. Odur ki, p\u0259rak\u0259nd\u0259 sat\u0131\u015f\u0131n canlanmas\u0131 il\u0259 d\u00fcr\u00fcst g\u00f6mr\u00fck siyas\u0259ti \u00fcst-\u00fcst\u0259 d\u00fc\u015fd\u00fcy\u00fc t\u0259qdird\u0259 yerli istehsal canlan\u0131r. Bu da yerli istehsal\u00e7\u0131n\u0131n maraqlar\u0131na cavab verir.<\/p>\n<p>H\u0259m d\u0259 g\u00f6zl\u0259nilir ki, bu art\u0131mlar inflyasiyan\u0131n y\u00fcks\u0259lm\u0259sin\u0259 s\u0259b\u0259b olmayacaq. Ona g\u00f6r\u0259 ki, yeni, liberal islahatlar istehsal\u0131 stimulla\u015fd\u0131rma\u011fa y\u00f6n\u0259lib, bu da yerli istehsal\u0131n artaca\u011f\u0131 v\u0259 bazara daha \u00e7ox m\u0259hsul \u00e7\u0131xar\u0131lmas\u0131, dem\u0259li, bazarda t\u0259klifin artaca\u011f\u0131 anlam\u0131na g\u0259lir. \u0130stehsal artd\u0131\u011f\u0131 v\u0259 t\u0259klif b\u00f6y\u00fcd\u00fcy\u00fc halda is\u0259 sosial m\u00fcdafi\u0259 formas\u0131nda bazara \u0259lav\u0259 pul burax\u0131lmas\u0131, \u0259halinin al\u0131c\u0131l\u0131q qabiliyy\u0259tinin y\u00fcks\u0259lm\u0259si yaln\u0131z t\u0259l\u0259bi stimulla\u015fd\u0131ra v\u0259 artan t\u0259klif\u0259 adekvat hala g\u0259tir\u0259 bil\u0259r. Bu da do\u011fru siyas\u0259tdir. Ona g\u00f6r\u0259 ki, sosial m\u00fcdafi\u0259 il\u0259 iqtisadi dir\u00e7\u0259li\u015fi bir paketd\u0259 birl\u0259\u015fdirir.<\/p>\n<p><strong>\u0130brahim M\u0259mm\u0259dov,<br \/>\ntarix \u00fczr\u0259 f\u0259ls\u0259f\u0259 doktoru<br \/>\n<a href=\"http:\/\/az.trend.az\/\" target=\"_blank\" rel=\"noopener\">TREND<\/a><\/strong><\/p>\n","protected":false},"excerpt":{"rendered":"<p>2018-ci ilin prezident se\u00e7kil\u0259rind\u0259n sonra ba\u015flanm\u0131\u015f kadr, antikorrupsiya, struktur v\u0259 vergi islahatlar\u0131 \u00f6z\u00fcn\u00fcn ikinci m\u0259rh\u0259l\u0259sin\u0259 q\u0259d\u0259m qoydu. 8 fevral 2019-cu il tarixd\u0259 minimum \u0259m\u0259khaqq\u0131n\u0131n art\u0131r\u0131lmas\u0131 haqq\u0131nda Prezident s\u0259r\u0259ncam\u0131 m\u0259hz ikinci m\u0259rh\u0259l\u0259nin ba\u015flanmas\u0131n\u0131n i\u015far\u0259sidir. Bu, ikinci m\u0259rh\u0259l\u0259 is\u0259 t\u0259bii ki, birinci m\u0259rh\u0259l\u0259nin m\u0259ntiqi n\u0259tic\u0259sidir. \u0130slahatlar\u0131n birinci m\u0259rh\u0259l\u0259sind\u0259 g\u00f6mr\u00fck v\u0259 vergi orqanlar\u0131nda qeyri-\u015f\u0259ffafl\u0131\u011fa son qoyulmas\u0131 il\u0259 b\u00fcdc\u0259 g\u0259lirl\u0259rinin art\u0131t\u0131lmas\u0131na v\u0259 paralel olaraq struktur islahatlar\u0131 n\u0259tic\u0259sind\u0259 b\u00fcdc\u0259 x\u0259rcl\u0259rinin azald\u0131lmas\u0131na nail olundu. \u018fhali bu m\u0259rh\u0259l\u0259nin n\u0259tic\u0259l\u0259rini g\u00f6mr\u00fck, vergi v\u0259 ba\u015fqa d\u00f6vl\u0259t orqanlar\u0131 il\u0259 \u00fcnsiyy\u0259td\u0259 hiss etdi. \u0130slahat\u0131n bu m\u0259rh\u0259l\u0259si b\u00fcdc\u0259y\u0259 v\u0259sait ax\u0131n\u0131n\u0131 g\u00fccl\u0259ndirdi. Eyni&hellip;<\/p>\n","protected":false},"author":2,"featured_media":37974,"comment_status":"closed","ping_status":"closed","sticky":false,"template":"","format":"standard","meta":{"om_disable_all_campaigns":false,"_monsterinsights_skip_tracking":false,"_monsterinsights_sitenote_active":false,"_monsterinsights_sitenote_note":"","_monsterinsights_sitenote_category":0},"categories":[19],"tags":[],"aioseo_notices":[],"gutentor_comment":0,"rttpg_featured_image_url":{"full":["https:\/\/arantv.az\/wp-content\/uploads\/2019\/02\/729866.jpg",800,600,false],"landscape":["https:\/\/arantv.az\/wp-content\/uploads\/2019\/02\/729866.jpg",800,600,false],"portraits":["https:\/\/arantv.az\/wp-content\/uploads\/2019\/02\/729866.jpg",800,600,false],"thumbnail":["https:\/\/arantv.az\/wp-content\/uploads\/2019\/02\/729866-150x150.jpg",150,150,true],"medium":["https:\/\/arantv.az\/wp-content\/uploads\/2019\/02\/729866-300x225.jpg",300,225,true],"large":["https:\/\/arantv.az\/wp-content\/uploads\/2019\/02\/729866.jpg",640,480,false],"1536x1536":["https:\/\/arantv.az\/wp-content\/uploads\/2019\/02\/729866.jpg",800,600,false],"2048x2048":["https:\/\/arantv.az\/wp-content\/uploads\/2019\/02\/729866.jpg",800,600,false],"post-thumbnail":["https:\/\/arantv.az\/wp-content\/uploads\/2019\/02\/729866-240x172.jpg",240,172,true],"advps-thumb-one":["https:\/\/arantv.az\/wp-content\/uploads\/2019\/02\/729866.jpg",800,600,false]},"rttpg_author":{"display_name":"V\u00fcsal Rafiqo\u011flu","author_link":"https:\/\/arantv.az\/?author=2"},"rttpg_comment":0,"rttpg_category":"<a href=\"https:\/\/arantv.az\/?cat=19\" rel=\"category\">G\u00fcnd\u0259m<\/a>","rttpg_excerpt":"2018-ci ilin prezident se\u00e7kil\u0259rind\u0259n sonra ba\u015flanm\u0131\u015f kadr, antikorrupsiya, struktur v\u0259 vergi islahatlar\u0131 \u00f6z\u00fcn\u00fcn ikinci m\u0259rh\u0259l\u0259sin\u0259 q\u0259d\u0259m qoydu. 8 fevral 2019-cu il tarixd\u0259 minimum \u0259m\u0259khaqq\u0131n\u0131n art\u0131r\u0131lmas\u0131 haqq\u0131nda Prezident s\u0259r\u0259ncam\u0131 m\u0259hz ikinci m\u0259rh\u0259l\u0259nin ba\u015flanmas\u0131n\u0131n i\u015far\u0259sidir. Bu, ikinci m\u0259rh\u0259l\u0259 is\u0259 t\u0259bii ki, birinci m\u0259rh\u0259l\u0259nin m\u0259ntiqi n\u0259tic\u0259sidir. \u0130slahatlar\u0131n birinci m\u0259rh\u0259l\u0259sind\u0259 g\u00f6mr\u00fck v\u0259 vergi orqanlar\u0131nda qeyri-\u015f\u0259ffafl\u0131\u011fa son qoyulmas\u0131 il\u0259 b\u00fcdc\u0259&hellip;","_links":{"self":[{"href":"https:\/\/arantv.az\/index.php?rest_route=\/wp\/v2\/posts\/37973"}],"collection":[{"href":"https:\/\/arantv.az\/index.php?rest_route=\/wp\/v2\/posts"}],"about":[{"href":"https:\/\/arantv.az\/index.php?rest_route=\/wp\/v2\/types\/post"}],"author":[{"embeddable":true,"href":"https:\/\/arantv.az\/index.php?rest_route=\/wp\/v2\/users\/2"}],"replies":[{"embeddable":true,"href":"https:\/\/arantv.az\/index.php?rest_route=%2Fwp%2Fv2%2Fcomments&post=37973"}],"version-history":[{"count":0,"href":"https:\/\/arantv.az\/index.php?rest_route=\/wp\/v2\/posts\/37973\/revisions"}],"wp:featuredmedia":[{"embeddable":true,"href":"https:\/\/arantv.az\/index.php?rest_route=\/wp\/v2\/media\/37974"}],"wp:attachment":[{"href":"https:\/\/arantv.az\/index.php?rest_route=%2Fwp%2Fv2%2Fmedia&parent=37973"}],"wp:term":[{"taxonomy":"category","embeddable":true,"href":"https:\/\/arantv.az\/index.php?rest_route=%2Fwp%2Fv2%2Fcategories&post=37973"},{"taxonomy":"post_tag","embeddable":true,"href":"https:\/\/arantv.az\/index.php?rest_route=%2Fwp%2Fv2%2Ftags&post=37973"}],"curies":[{"name":"wp","href":"https:\/\/api.w.org\/{rel}","templated":true}]}}