{"id":37976,"date":"2019-02-12T13:28:28","date_gmt":"2019-02-12T10:28:28","guid":{"rendered":"http:\/\/arantv.az\/?p=37976"},"modified":"2019-02-12T13:28:28","modified_gmt":"2019-02-12T10:28:28","slug":"birinci-vitse-prezident-mehriban-%c9%99liyeva-ot%c9%99n-gun-oldugu-usaq-mu%c9%99ssis%c9%99l%c9%99rind%c9%99-azyaslilarin-qaygisina-qalan-h%c9%99r-k%c9%99s%c9%99-t%c9%99s%c9%99kkurunu-bildirib","status":"publish","type":"post","link":"https:\/\/arantv.az\/?p=37976","title":{"rendered":"Birinci vitse-prezident Mehriban \u018fliyeva \u00f6t\u0259n g\u00fcn oldu\u011fu u\u015faq m\u00fc\u0259ssis\u0259l\u0259rind\u0259 azya\u015fl\u0131lar\u0131n qay\u011f\u0131s\u0131na qalan h\u0259r k\u0259s\u0259 t\u0259\u015f\u0259kk\u00fcr\u00fcn\u00fc bildirib"},"content":{"rendered":"<p>Az\u0259rbaycan\u0131n Birinci vitse-prezidenti, Heyd\u0259r \u018fliyev Fondunun prezidenti Mehriban \u018fliyeva fevral\u0131n 11-d\u0259 Bak\u0131n\u0131n N\u0259rimanov rayonundak\u0131 U\u015faq Psixonevroloji M\u0259rk\u0259zi, N\u0259simi rayonundak\u0131 1 n\u00f6mr\u0259li k\u00f6rp\u0259l\u0259r evi v\u0259 268 n\u00f6mr\u0259li x\u00fcsusi m\u0259kt\u0259bd\u0259 olub, u\u015faqlarla g\u00f6r\u00fc\u015fd\u00fckd\u0259n sonra h\u0259min m\u00fc\u0259ssis\u0259l\u0259rd\u0259 azya\u015fl\u0131lar\u0131n qay\u011f\u0131s\u0131na qalan h\u0259r k\u0259s\u0259 t\u0259\u015f\u0259kk\u00fcr\u00fcn\u00fc bildirib.<\/p>\n<p><strong>ARANTV.AZ<\/strong> trend-\u0259 istinad\u0259n bildirir ki, bu bar\u0259d\u0259 Az\u0259rbaycan\u0131n Birinci vitse-prezidenti Mehriban \u018fliyevan\u0131n r\u0259smi &#8220;\u0130nstagram&#8221; s\u0259hif\u0259sind\u0259 yaz\u0131l\u0131b:<\/p>\n<p>&#8220;Valideyn himay\u0259sind\u0259n m\u0259hrum olmu\u015f, m\u00fcxt\u0259lif x\u0259st\u0259likl\u0259rd\u0259n \u0259ziyy\u0259t \u00e7\u0259k\u0259n u\u015faqlardan qay\u011f\u0131 v\u0259 m\u0259h\u0259bb\u0259tini \u0259sirg\u0259m\u0259y\u0259n h\u0259kiml\u0259r\u0259, m\u00fc\u0259lliml\u0259r\u0259, tibbi hey\u0259t\u0259 v\u0259 h\u0259r k\u0259s\u0259 d\u0259rin minn\u0259tdarl\u0131\u011f\u0131m\u0131 bildirir\u0259m. S\u0259mimiyy\u0259t, \u015f\u0259fq\u0259t v\u0259 sevgi onlara hava kimi laz\u0131md\u0131r. Laqeyd yana\u015fmayan h\u0259r k\u0259s\u0259 t\u0259\u015f\u0259kk\u00fcr edir\u0259m&#8221;.<\/p>\n<p><a href=\"https:\/\/www.instagram.com\/p\/BtwGLZYAqdj\/?utm_source=ig_share_sheet&amp;igshid=1d7ng1ip9psdm\" target=\"_blank\" rel=\"noopener\">https:\/\/www.instagram.com\/p\/BtwGLZYAqdj\/?utm_source=ig_share_sheet&amp;igshid=1d7ng1ip9psdm<\/a><\/p>\n","protected":false},"excerpt":{"rendered":"<p>Az\u0259rbaycan\u0131n Birinci vitse-prezidenti, Heyd\u0259r \u018fliyev Fondunun prezidenti Mehriban \u018fliyeva fevral\u0131n 11-d\u0259 Bak\u0131n\u0131n N\u0259rimanov rayonundak\u0131 U\u015faq Psixonevroloji M\u0259rk\u0259zi, N\u0259simi rayonundak\u0131 1 n\u00f6mr\u0259li k\u00f6rp\u0259l\u0259r evi v\u0259 268 n\u00f6mr\u0259li x\u00fcsusi m\u0259kt\u0259bd\u0259 olub, u\u015faqlarla g\u00f6r\u00fc\u015fd\u00fckd\u0259n sonra h\u0259min m\u00fc\u0259ssis\u0259l\u0259rd\u0259 azya\u015fl\u0131lar\u0131n qay\u011f\u0131s\u0131na qalan h\u0259r k\u0259s\u0259 t\u0259\u015f\u0259kk\u00fcr\u00fcn\u00fc bildirib. ARANTV.AZ trend-\u0259 istinad\u0259n bildirir ki, bu bar\u0259d\u0259 Az\u0259rbaycan\u0131n Birinci vitse-prezidenti Mehriban \u018fliyevan\u0131n r\u0259smi &#8220;\u0130nstagram&#8221; s\u0259hif\u0259sind\u0259 yaz\u0131l\u0131b: &#8220;Valideyn himay\u0259sind\u0259n m\u0259hrum olmu\u015f, m\u00fcxt\u0259lif x\u0259st\u0259likl\u0259rd\u0259n \u0259ziyy\u0259t \u00e7\u0259k\u0259n u\u015faqlardan qay\u011f\u0131 v\u0259 m\u0259h\u0259bb\u0259tini \u0259sirg\u0259m\u0259y\u0259n h\u0259kiml\u0259r\u0259, m\u00fc\u0259lliml\u0259r\u0259, tibbi hey\u0259t\u0259 v\u0259 h\u0259r k\u0259s\u0259 d\u0259rin minn\u0259tdarl\u0131\u011f\u0131m\u0131 bildirir\u0259m. S\u0259mimiyy\u0259t, \u015f\u0259fq\u0259t v\u0259 sevgi onlara hava kimi laz\u0131md\u0131r. Laqeyd yana\u015fmayan&hellip;<\/p>\n","protected":false},"author":2,"featured_media":37977,"comment_status":"closed","ping_status":"closed","sticky":false,"template":"","format":"standard","meta":{"om_disable_all_campaigns":false,"_monsterinsights_skip_tracking":false,"_monsterinsights_sitenote_active":false,"_monsterinsights_sitenote_note":"","_monsterinsights_sitenote_category":0},"categories":[4],"tags":[],"aioseo_notices":[],"gutentor_comment":0,"rttpg_featured_image_url":{"full":["https:\/\/arantv.az\/wp-content\/uploads\/2019\/02\/729872_000.jpg",800,600,false],"landscape":["https:\/\/arantv.az\/wp-content\/uploads\/2019\/02\/729872_000.jpg",800,600,false],"portraits":["https:\/\/arantv.az\/wp-content\/uploads\/2019\/02\/729872_000.jpg",800,600,false],"thumbnail":["https:\/\/arantv.az\/wp-content\/uploads\/2019\/02\/729872_000-150x150.jpg",150,150,true],"medium":["https:\/\/arantv.az\/wp-content\/uploads\/2019\/02\/729872_000-300x225.jpg",300,225,true],"large":["https:\/\/arantv.az\/wp-content\/uploads\/2019\/02\/729872_000.jpg",640,480,false],"1536x1536":["https:\/\/arantv.az\/wp-content\/uploads\/2019\/02\/729872_000.jpg",800,600,false],"2048x2048":["https:\/\/arantv.az\/wp-content\/uploads\/2019\/02\/729872_000.jpg",800,600,false],"post-thumbnail":["https:\/\/arantv.az\/wp-content\/uploads\/2019\/02\/729872_000-240x172.jpg",240,172,true],"advps-thumb-one":["https:\/\/arantv.az\/wp-content\/uploads\/2019\/02\/729872_000.jpg",800,600,false]},"rttpg_author":{"display_name":"V\u00fcsal Rafiqo\u011flu","author_link":"https:\/\/arantv.az\/?author=2"},"rttpg_comment":0,"rttpg_category":"<a href=\"https:\/\/arantv.az\/?cat=4\" rel=\"category\">Siyas\u0259t<\/a>","rttpg_excerpt":"Az\u0259rbaycan\u0131n Birinci vitse-prezidenti, Heyd\u0259r \u018fliyev Fondunun prezidenti Mehriban \u018fliyeva fevral\u0131n 11-d\u0259 Bak\u0131n\u0131n N\u0259rimanov rayonundak\u0131 U\u015faq Psixonevroloji M\u0259rk\u0259zi, N\u0259simi rayonundak\u0131 1 n\u00f6mr\u0259li k\u00f6rp\u0259l\u0259r evi v\u0259 268 n\u00f6mr\u0259li x\u00fcsusi m\u0259kt\u0259bd\u0259 olub, u\u015faqlarla g\u00f6r\u00fc\u015fd\u00fckd\u0259n sonra h\u0259min m\u00fc\u0259ssis\u0259l\u0259rd\u0259 azya\u015fl\u0131lar\u0131n qay\u011f\u0131s\u0131na qalan h\u0259r k\u0259s\u0259 t\u0259\u015f\u0259kk\u00fcr\u00fcn\u00fc bildirib. ARANTV.AZ trend-\u0259 istinad\u0259n bildirir ki, bu bar\u0259d\u0259 Az\u0259rbaycan\u0131n Birinci vitse-prezidenti Mehriban \u018fliyevan\u0131n r\u0259smi &#8220;\u0130nstagram&#8221;&hellip;","_links":{"self":[{"href":"https:\/\/arantv.az\/index.php?rest_route=\/wp\/v2\/posts\/37976"}],"collection":[{"href":"https:\/\/arantv.az\/index.php?rest_route=\/wp\/v2\/posts"}],"about":[{"href":"https:\/\/arantv.az\/index.php?rest_route=\/wp\/v2\/types\/post"}],"author":[{"embeddable":true,"href":"https:\/\/arantv.az\/index.php?rest_route=\/wp\/v2\/users\/2"}],"replies":[{"embeddable":true,"href":"https:\/\/arantv.az\/index.php?rest_route=%2Fwp%2Fv2%2Fcomments&post=37976"}],"version-history":[{"count":0,"href":"https:\/\/arantv.az\/index.php?rest_route=\/wp\/v2\/posts\/37976\/revisions"}],"wp:featuredmedia":[{"embeddable":true,"href":"https:\/\/arantv.az\/index.php?rest_route=\/wp\/v2\/media\/37977"}],"wp:attachment":[{"href":"https:\/\/arantv.az\/index.php?rest_route=%2Fwp%2Fv2%2Fmedia&parent=37976"}],"wp:term":[{"taxonomy":"category","embeddable":true,"href":"https:\/\/arantv.az\/index.php?rest_route=%2Fwp%2Fv2%2Fcategories&post=37976"},{"taxonomy":"post_tag","embeddable":true,"href":"https:\/\/arantv.az\/index.php?rest_route=%2Fwp%2Fv2%2Ftags&post=37976"}],"curies":[{"name":"wp","href":"https:\/\/api.w.org\/{rel}","templated":true}]}}