{"id":37982,"date":"2019-02-12T13:41:17","date_gmt":"2019-02-12T10:41:17","guid":{"rendered":"http:\/\/arantv.az\/?p=37982"},"modified":"2019-02-12T13:41:17","modified_gmt":"2019-02-12T10:41:17","slug":"dovl%c9%99t%c9%99-%c9%99n-boyuk-x%c9%99yan%c9%99t-islamin-siyasil%c9%99sdirilm%c9%99sinin-legitiml%c9%99sdirilm%c9%99sidir-qudr%c9%99t-h%c9%99s%c9%99nquliyev","status":"publish","type":"post","link":"https:\/\/arantv.az\/?p=37982","title":{"rendered":"&#8220;D\u00f6vl\u0259t\u0259 \u0259n b\u00f6y\u00fck x\u0259yan\u0259t islam\u0131n siyasil\u0259\u015fdirilm\u0259sinin legitiml\u0259\u015fdirilm\u0259sidir&#8221; \u2014 Q\u00fcdr\u0259t H\u0259s\u0259nquliyev"},"content":{"rendered":"<div class=\"spot\">\u201c\u00d6lk\u0259d\u0259 prezident t\u0259r\u0259find\u0259n ke\u00e7iril\u0259n sosial iqtisadi islahatlar \u0259hali t\u0259r\u0259find\u0259n r\u0259\u011fb\u0259tl\u0259 qar\u015f\u0131lan\u0131r\u201d.<\/div>\n<p><strong>ARANTV.AZ<\/strong> x\u0259b\u0259r verir ki, bunu deputata Q\u00fcdr\u0259t H\u0259s\u0259nquliyev bu g\u00fcn ke\u00e7iril\u0259n plenar iclas\u0131nda B\u0259l\u0259diyy\u0259l\u0259rin f\u0259aliyy\u0259tin\u0259 inzibati n\u0259zar\u0259ti h\u0259yata ke\u00e7ir\u0259n orqan\u0131n illik m\u0259ruz\u0259si m\u00fczakir\u0259si zaman\u0131 \u00e7\u0131x\u0131\u015f ed\u0259rk\u0259n deyib.<\/p>\n<p>Onun s\u00f6zl\u0259rin\u0259 g\u00f6r\u0259, \u00f6lk\u0259d\u0259 prezident t\u0259r\u0259find\u0259n ke\u00e7iril\u0259n sosial iqtisadi islahatlar \u0259hali t\u0259r\u0259find\u0259n r\u0259\u011fb\u0259tl\u0259 qar\u015f\u0131lan\u0131r.<\/p>\n<div id=\"AdributorNativeVideo0\" class=\"AdributorNativeVideo\"><\/div>\n<p>\u201cFikrimc\u0259, bu islahatlar b\u0259l\u0259diyy\u0259l\u0259ri d\u0259 \u0259hat\u0259 etm\u0259lidir. Siyavu\u015f Novruzov qeyd etdi ki, xaos m\u00fcxalif\u0259ti apar\u0131lan islahatlar\u0131 \u00f6z ad\u0131na \u00e7\u0131xmaq ist\u0259yir, guya onlar\u0131n t\u0259zyiqi il\u0259 bu islahatlar apar\u0131l\u0131r. \u018fslind\u0259 demokratik q\u00fcvv\u0259l\u0259r bundan p\u0259ri\u015fan olmamal\u0131d\u0131r. \u018fslind\u0259 onlar bel\u0259 \u015fantajla apar\u0131lan islahatlar\u0131n dayand\u0131r\u0131lmas\u0131n\u0131 ist\u0259yirl\u0259r. Hesab edir\u0259m ki, islahatlar d\u0259rinl\u0259\u015fdirilm\u0259lidir. Xalq prezident t\u0259r\u0259find\u0259n apar\u0131lan islahatlar\u0131 d\u0259st\u0259kl\u0259yir\u201d,- dey\u0259 deputat bildirib.<br \/>\n\u201cM\u0259s\u0259l\u0259n, bir foto veribl\u0259r. Prezident gedib a\u00e7\u0131l\u0131\u015f t\u0259dbirin\u0259 v\u0259 orada 3-4 metr m\u0259saf\u0259d\u0259n insanlar\u0131n qar\u015f\u0131s\u0131nda \u00e7\u0131x\u0131\u015f edir. Ba\u015fqa fotoda is\u0259 g\u00f6st\u0259rirl\u0259r ki, prezident a\u011fbir\u00e7\u0259k n\u0259n\u0259nin \u0259lind\u0259n \u00f6pm\u0259k ist\u0259yir. \u018fslind\u0259 bu epizod \u0259halini xeyli duy\u011fuland\u0131rd\u0131. \u00c7\u00fcnki n\u0259n\u0259 prezidentin \u0259lind\u0259n \u00f6pm\u0259k ist\u0259yirdi, amma prezident \u0259ks add\u0131m atd\u0131. Bu hadis\u0259 insanlar\u0131 \u00e7ox sevindirdi. Amma bu insanlar a\u00e7\u0131l\u0131\u015f m\u0259rasimin\u0259 getm\u0259kl\u0259, faci\u0259 ba\u015f ver\u0259n yer\u0259 getm\u0259yin f\u0259rqini anlam\u0131rlarsa, deyil\u0259c\u0259k s\u00f6z yoxdur. Hesab edir\u0259m ki, bunun f\u0259rqind\u0259 olmayan insanlara ba\u015f qo\u015fma\u011fa d\u0259ym\u0259z\u201d, &#8211; dey\u0259 mill\u0259t v\u0259kili bildirib.<br \/>\nMill\u0259t v\u0259kili daha sonra \u201cB\u0259l\u0259diyy\u0259l\u0259rin f\u0259aliyy\u0259tin\u0259 inzibati n\u0259zar\u0259ti h\u0259yata ke\u00e7ir\u0259n orqan\u0131n\u201d illik m\u0259ruz\u0259si haqda fikirl\u0259rini a\u00e7\u0131qlay\u0131b:<br \/>\n\u201cBurada qeyd edilib ki, ir\u0259lil\u0259yi\u015fl\u0259r\u0259 r\u0259\u011fm\u0259n b\u0259l\u0259diyy\u0259l\u0259rin f\u0259aliyy\u0259tind\u0259 q\u00fcsurlar da var. Qeyd olunur ki, b\u00f6y\u00fck u\u011furlara, \u0259h\u0259miyy\u0259tli ir\u0259lil\u0259yi\u015fl\u0259r\u0259 imza at\u0131l\u0131b. Ax\u0131 b\u0259l\u0259diyy\u0259l\u0259rl\u0259 ba\u011fl\u0131 bel\u0259 s\u00f6z i\u015fl\u0259tm\u0259k do\u011fru deyil. Biz\u0259 b\u0259l\u0259diyy\u0259l\u0259rin n\u0259 q\u0259d\u0259r vergi toplad\u0131\u011f\u0131, bu maliyy\u0259nin n\u0259 q\u0259d\u0259rini aparat\u0131 saxlama\u011fa, n\u0259 q\u0259d\u0259rini sosial-iqtisadi probleml\u0259rin h\u0259llin\u0259 s\u0259rf edildiyi haqda m\u0259lumat verils\u0259ydi \u00e7ox m\u00fcsb\u0259t hal olard\u0131. S\u0259n\u0259dd\u0259 qeyd edilir ki, b\u0259l\u0259diyy\u0259l\u0259r t\u0259r\u0259find\u0259n 50 kommersiya qurumu yarad\u0131l\u0131b v\u0259 bunun 50 faizind\u0259n \u00e7oxu f\u0259aliyy\u0259t g\u00f6st\u0259rmir. Hesab edir\u0259m ki, b\u0259l\u0259diyy\u0259l\u0259rl\u0259 i\u015f yenid\u0259n qurulmal\u0131, yeni yana\u015fmalar ortaya qoyulmal\u0131d\u0131r\u201d. Deputat bildirib ki, m\u0259ruz\u0259d\u0259 \u018fdliyy\u0259 Nazirliyinin Akademiyas\u0131nda 20 t\u0259dris kursu ke\u00e7irilib, 200-d\u0259n \u00e7ox t\u0259lim ke\u00e7irilib, el\u0259c\u0259d\u0259 regional treninql\u0259r, xarici \u00f6lk\u0259l\u0259rd\u0259 t\u0259cr\u00fcb\u0259 m\u00fcbadil\u0259si il\u0259 ba\u011fl\u0131 s\u0259f\u0259rl\u0259rin t\u0259\u015fkil edildiyi qeyd edilib. Bunlar\u0131n ham\u0131s\u0131 pul, maliyy\u0259dir. Bu q\u0259d\u0259r v\u0259sait x\u0259rcl\u0259nib, t\u0259liml\u0259rd\u0259 8133 b\u0259l\u0259diyy\u0259 \u00fczv\u00fc i\u015ftirak edib. \u018fg\u0259r 50 kommersiya t\u0259\u015fkilat\u0131 yarad\u0131l\u0131bsa v\u0259 bunun 50 faizi i\u015fl\u0259rmirs\u0259 onda bu t\u0259liml\u0259rin, x\u0259rcl\u0259n\u0259n maliyy\u0259nin n\u0259tic\u0259si hardad\u0131r? T\u0259liml\u0259rd\u0259 b\u0259l\u0259diyy\u0259 \u00fczvl\u0259rin\u0259 n\u0259 \u00f6yr\u0259dirl\u0259r?\u201d.<br \/>\nQ. H\u0259s\u0259nquliyev \u0259lav\u0259 edib ki, b\u0259l\u0259diyy\u0259l\u0259rin maliyy\u0259si art\u0131r\u0131lmal\u0131d\u0131r:<br \/>\n\u201c\u00d6z\u00fc d\u0259 bu t\u0259kc\u0259 b\u0259l\u0259diyy\u0259l\u0259r iqtisadi m\u0259s\u0259l\u0259l\u0259r, yerli xarakterli probleml\u0259rin h\u0259lli il\u0259 m\u0259\u015f\u011ful olmamal\u0131d\u0131r. Biz bilirik ki, xaos m\u00fcxalif\u0259ti \u00f6lk\u0259d\u0259 siyasi islam\u0131n stimulla\u015fd\u0131r\u0131lmas\u0131 \u00fc\u00e7\u00fcn ard\u0131c\u0131l v\u0259 sistemli i\u015f apar\u0131l\u0131r. Bu \u015f\u0259b\u0259k\u0259 daxilind\u0259 pul u\u011frunda amans\u0131z m\u00fcbariz\u0259 gedir. B\u0259l\u0259diyy\u0259 \u00fczvl\u0259ri is\u0259 xalqa, insanlara \u0259n yax\u0131n qurumlard\u0131r. B\u0259l\u0259diyy\u0259l\u0259rin bu istiqam\u0259td\u0259 f\u0259aliyy\u0259ti olmal\u0131d\u0131r. B\u0259l\u0259diyy\u0259l\u0259r h\u0259m d\u0259 sosial-iqtisadi layih\u0259l\u0259r h\u0259yata ke\u00e7irilm\u0259lidir. D\u00f6vl\u0259t\u0259 \u0259n b\u00f6y\u00fck x\u0259yan\u0259t islam\u0131n siyasil\u0259\u015fdirilm\u0259sinin legitiml\u0259\u015fdirilm\u0259sidir ki, Az\u0259rbaycanda bu istiqam\u0259td\u0259 i\u015f apar\u0131l\u0131r\u201d.<\/p>\n<p><em><br \/>\n\u00d6lk\u0259.Az<\/em><\/p>\n","protected":false},"excerpt":{"rendered":"<p>\u201c\u00d6lk\u0259d\u0259 prezident t\u0259r\u0259find\u0259n ke\u00e7iril\u0259n sosial iqtisadi islahatlar \u0259hali t\u0259r\u0259find\u0259n r\u0259\u011fb\u0259tl\u0259 qar\u015f\u0131lan\u0131r\u201d. ARANTV.AZ x\u0259b\u0259r verir ki, bunu deputata Q\u00fcdr\u0259t H\u0259s\u0259nquliyev bu g\u00fcn ke\u00e7iril\u0259n plenar iclas\u0131nda B\u0259l\u0259diyy\u0259l\u0259rin f\u0259aliyy\u0259tin\u0259 inzibati n\u0259zar\u0259ti h\u0259yata ke\u00e7ir\u0259n orqan\u0131n illik m\u0259ruz\u0259si m\u00fczakir\u0259si zaman\u0131 \u00e7\u0131x\u0131\u015f ed\u0259rk\u0259n deyib. Onun s\u00f6zl\u0259rin\u0259 g\u00f6r\u0259, \u00f6lk\u0259d\u0259 prezident t\u0259r\u0259find\u0259n ke\u00e7iril\u0259n sosial iqtisadi islahatlar \u0259hali t\u0259r\u0259find\u0259n r\u0259\u011fb\u0259tl\u0259 qar\u015f\u0131lan\u0131r. \u201cFikrimc\u0259, bu islahatlar b\u0259l\u0259diyy\u0259l\u0259ri d\u0259 \u0259hat\u0259 etm\u0259lidir. Siyavu\u015f Novruzov qeyd etdi ki, xaos m\u00fcxalif\u0259ti apar\u0131lan islahatlar\u0131 \u00f6z ad\u0131na \u00e7\u0131xmaq ist\u0259yir, guya onlar\u0131n t\u0259zyiqi il\u0259 bu islahatlar apar\u0131l\u0131r. \u018fslind\u0259 demokratik q\u00fcvv\u0259l\u0259r bundan p\u0259ri\u015fan olmamal\u0131d\u0131r. \u018fslind\u0259 onlar bel\u0259 \u015fantajla apar\u0131lan&hellip;<\/p>\n","protected":false},"author":2,"featured_media":37983,"comment_status":"closed","ping_status":"closed","sticky":false,"template":"","format":"standard","meta":{"om_disable_all_campaigns":false,"_monsterinsights_skip_tracking":false,"_monsterinsights_sitenote_active":false,"_monsterinsights_sitenote_note":"","_monsterinsights_sitenote_category":0},"categories":[4],"tags":[],"aioseo_notices":[],"gutentor_comment":0,"rttpg_featured_image_url":{"full":["https:\/\/arantv.az\/wp-content\/uploads\/2019\/02\/qudreth.jpg",800,450,false],"landscape":["https:\/\/arantv.az\/wp-content\/uploads\/2019\/02\/qudreth.jpg",800,450,false],"portraits":["https:\/\/arantv.az\/wp-content\/uploads\/2019\/02\/qudreth.jpg",800,450,false],"thumbnail":["https:\/\/arantv.az\/wp-content\/uploads\/2019\/02\/qudreth-150x150.jpg",150,150,true],"medium":["https:\/\/arantv.az\/wp-content\/uploads\/2019\/02\/qudreth-300x169.jpg",300,169,true],"large":["https:\/\/arantv.az\/wp-content\/uploads\/2019\/02\/qudreth.jpg",640,360,false],"1536x1536":["https:\/\/arantv.az\/wp-content\/uploads\/2019\/02\/qudreth.jpg",800,450,false],"2048x2048":["https:\/\/arantv.az\/wp-content\/uploads\/2019\/02\/qudreth.jpg",800,450,false],"post-thumbnail":["https:\/\/arantv.az\/wp-content\/uploads\/2019\/02\/qudreth-240x172.jpg",240,172,true],"advps-thumb-one":["https:\/\/arantv.az\/wp-content\/uploads\/2019\/02\/qudreth.jpg",800,450,false]},"rttpg_author":{"display_name":"V\u00fcsal Rafiqo\u011flu","author_link":"https:\/\/arantv.az\/?author=2"},"rttpg_comment":0,"rttpg_category":"<a href=\"https:\/\/arantv.az\/?cat=4\" rel=\"category\">Siyas\u0259t<\/a>","rttpg_excerpt":"\u201c\u00d6lk\u0259d\u0259 prezident t\u0259r\u0259find\u0259n ke\u00e7iril\u0259n sosial iqtisadi islahatlar \u0259hali t\u0259r\u0259find\u0259n r\u0259\u011fb\u0259tl\u0259 qar\u015f\u0131lan\u0131r\u201d. ARANTV.AZ x\u0259b\u0259r verir ki, bunu deputata Q\u00fcdr\u0259t H\u0259s\u0259nquliyev bu g\u00fcn ke\u00e7iril\u0259n plenar iclas\u0131nda B\u0259l\u0259diyy\u0259l\u0259rin f\u0259aliyy\u0259tin\u0259 inzibati n\u0259zar\u0259ti h\u0259yata ke\u00e7ir\u0259n orqan\u0131n illik m\u0259ruz\u0259si m\u00fczakir\u0259si zaman\u0131 \u00e7\u0131x\u0131\u015f ed\u0259rk\u0259n deyib. Onun s\u00f6zl\u0259rin\u0259 g\u00f6r\u0259, \u00f6lk\u0259d\u0259 prezident t\u0259r\u0259find\u0259n ke\u00e7iril\u0259n sosial iqtisadi islahatlar \u0259hali t\u0259r\u0259find\u0259n r\u0259\u011fb\u0259tl\u0259 qar\u015f\u0131lan\u0131r. \u201cFikrimc\u0259, bu islahatlar&hellip;","_links":{"self":[{"href":"https:\/\/arantv.az\/index.php?rest_route=\/wp\/v2\/posts\/37982"}],"collection":[{"href":"https:\/\/arantv.az\/index.php?rest_route=\/wp\/v2\/posts"}],"about":[{"href":"https:\/\/arantv.az\/index.php?rest_route=\/wp\/v2\/types\/post"}],"author":[{"embeddable":true,"href":"https:\/\/arantv.az\/index.php?rest_route=\/wp\/v2\/users\/2"}],"replies":[{"embeddable":true,"href":"https:\/\/arantv.az\/index.php?rest_route=%2Fwp%2Fv2%2Fcomments&post=37982"}],"version-history":[{"count":0,"href":"https:\/\/arantv.az\/index.php?rest_route=\/wp\/v2\/posts\/37982\/revisions"}],"wp:featuredmedia":[{"embeddable":true,"href":"https:\/\/arantv.az\/index.php?rest_route=\/wp\/v2\/media\/37983"}],"wp:attachment":[{"href":"https:\/\/arantv.az\/index.php?rest_route=%2Fwp%2Fv2%2Fmedia&parent=37982"}],"wp:term":[{"taxonomy":"category","embeddable":true,"href":"https:\/\/arantv.az\/index.php?rest_route=%2Fwp%2Fv2%2Fcategories&post=37982"},{"taxonomy":"post_tag","embeddable":true,"href":"https:\/\/arantv.az\/index.php?rest_route=%2Fwp%2Fv2%2Ftags&post=37982"}],"curies":[{"name":"wp","href":"https:\/\/api.w.org\/{rel}","templated":true}]}}