{"id":37985,"date":"2019-02-12T13:42:23","date_gmt":"2019-02-12T10:42:23","guid":{"rendered":"http:\/\/arantv.az\/?p=37985"},"modified":"2019-02-12T13:42:23","modified_gmt":"2019-02-12T10:42:23","slug":"b%c9%99l%c9%99diyy%c9%99l%c9%99r-diril%c9%99rl%c9%99-isl%c9%99y%c9%99-bilm%c9%99diyind%c9%99n-onlara-olul%c9%99rl%c9%99-is-h%c9%99val%c9%99-olunub-fazil-mustafa","status":"publish","type":"post","link":"https:\/\/arantv.az\/?p=37985","title":{"rendered":"&#8220;B\u0259l\u0259diyy\u0259l\u0259r diril\u0259rl\u0259 i\u015fl\u0259y\u0259 bilm\u0259diyind\u0259n, onlara \u00f6l\u00fcl\u0259rl\u0259 i\u015f h\u0259val\u0259 olunub&#8221; \u2014 Fazil Mustafa"},"content":{"rendered":"<div class=\"spot\">\u201cBizim b\u0259l\u0259diyy\u0259l\u0259rl\u0259 ba\u011fl\u0131 \u0259n m\u0259ntiqli qanununmuz q\u0259bristanlar\u0131n sal\u0131nmas\u0131 v\u0259 onun idar\u0259 olunmas\u0131 idi. \u00c7\u00fcnki b\u0259l\u0259diyy\u0259l\u0259rin diril\u0259r\u0259 faydal\u0131 xidm\u0259t g\u00f6st\u0259r\u0259 bilm\u0259y\u0259c\u0259yini yax\u015f\u0131 bildiyimizd\u0259n, \u00f6l\u00fcl\u0259ri onlara h\u0259val\u0259 etdik\u201d.<\/div>\n<p><strong>ARANTV.AZ<\/strong> x\u0259b\u0259r verir ki, bunu deputat Fazil Mustafa parlamentin bu g\u00fcn ke\u00e7iril\u0259n plenar iclas\u0131nda B\u0259l\u0259diyy\u0259l\u0259rin f\u0259aliyy\u0259tin\u0259 inzibati n\u0259zar\u0259ti h\u0259yata ke\u00e7ir\u0259n orqan\u0131n illik m\u0259ruz\u0259sinin m\u00fczakir\u0259si zaman\u0131 \u00e7\u0131x\u0131\u015f ed\u0259rk\u0259n deyib.<\/p>\n<p>Onun s\u00f6zl\u0259rin\u0259 g\u00f6r\u0259, b\u0259l\u0259diyy\u0259l\u0259rin f\u0259aliyy\u0259tini yenid\u0259n formala\u015fd\u0131rmaq \u00fc\u00e7\u00fcn qanunvericilik bazas\u0131\u00a0 t\u0259kmill\u0259\u015fdirilm\u0259lidir. \u201cBu g\u00fcn b\u0259l\u0259diyy\u0259l\u0259r bir s\u0131ra probleml\u0259rl\u0259 \u00fcz-\u00fcz\u0259dir. B\u0259l\u0259diyy\u0259l\u0259r bu g\u00fcn\u0259 kimi \u0259razi x\u0259rit\u0259l\u0259rini \u0259ld\u0259 ed\u0259 bilmirl\u0259r. B\u0259l\u0259diyy\u0259l\u0259rin f\u0259aliyy\u0259tin\u0259 problem yaradan dig\u0259r problem onlar\u0131n inzibati m\u0259suliyy\u0259tsizlik ad\u0131 alt\u0131nda\u00a0 m\u0259nas\u0131z yer\u0259 m\u0259hk\u0259ml\u0259r\u0259 c\u0259lb edilm\u0259sidir. B\u0259l\u0259diyy\u0259 s\u0259drl\u0259ri g\u00fcnl\u0259rl\u0259 m\u0259hk\u0259ml\u0259 d\u0259hlizl\u0259rini s\u00fcr\u00fcnd\u00fcr\u00fcrl\u0259r. S\u0259b\u0259b d\u0259 o g\u0259tirlir ki, guya onlar q\u0259raralar\u0131\u00a0 \u00a0t\u0259kba\u015f\u0131na veribl\u0259r. Bu g\u00fcn t\u0259kc\u0259 b\u0259l\u0259diyy\u0259dirmi t\u0259kba\u015f\u0131na q\u0259rar ver\u0259n? Odur ki,\u00a0 b\u0259l\u0259diyy\u0259 s\u0259drl\u0259rinin\u00a0 m\u0259hk\u0259m\u0259l\u0259r\u0259 inzibati m\u0259suliyy\u0259t\u0259 c\u0259lb olunmas\u0131 say\u0131n\u0131 azlatmaq laz\u0131md\u0131r\u201d, &#8211; dey\u0259 F. Mustafa bildirib.<\/p>\n<p>Deputat Q\u0259nir\u0259 Pa\u015fayeva\u00a0 b\u0259l\u0259diyy\u0259l\u0259rd\u0259 kadr prolbeminin olmas\u0131ndan gileyl\u0259ndi.<\/p>\n<p>\u201c\u00d6lk\u0259d\u0259 1700-d\u0259n art\u0131q b\u0259l\u0259diyy\u0259nin f\u0259aliyy\u0259t g\u00f6st\u0259rm\u0259sin\u0259 baxmayaraq c\u0259mi 50-d\u0259k b\u0259l\u0259diyy\u0259 kommerisya qurumu yarad\u0131b v\u0259 onun da \u0259ks\u0259riyy\u0259ti normal f\u0259aliyy\u0259t g\u00f6st\u0259rmir. B\u00fcdc\u0259y\u0259 vergi vermir. \u00c7\u00fcnki b\u0259l\u0259diyy\u0259 s\u0259drl\u0259ri buna \u00f6z qazanc m\u0259nb\u0259yi kimi bax\u0131rlar. Odur ki, b\u0259l\u0259diyy\u0259l\u0259r\u0259 m\u00fcnasib\u0259ti d\u0259yi\u015fm\u0259k \u00fc\u00e7\u00fcn bu qurumda i\u015fl\u0259m\u0259k ist\u0259y\u0259n t\u0259\u015f\u0259bb\u00fcskar g\u0259ncl\u0259r c\u0259lb olunmal\u0131d\u0131r\u201d, &#8211; dey\u0259 Q. Pa\u015fayeva bildirib.<br \/>\nDeputat \u00c7ingiz Q\u0259nizad\u0259 is\u0259 b\u0259l\u0259diyy\u0259l\u0259r\u0259 n\u0259zar\u0259t ed\u0259n qurumun f\u0259aliyy\u0259tini t\u0259qdir ed\u0259\u0259rk deyib ki, bu qurum hesabat d\u00f6vr\u00fcnd\u0259 72500 inzibati akt\u0131 yoxlay\u0131b v\u0259 203 akt\u0131n d\u0259yi\u015fdirilm\u0259si bar\u0259d\u0259 q\u0259rar verib.<\/p>\n<div id=\"AdributorNativeVideo0\" class=\"AdributorNativeVideo\"><\/div>\n<p>\u201cBu \u00e7ox normal g\u00f6st\u0259ricidir. Bundan \u0259lav\u0259 103 b\u0259l\u0259diyy\u0259\u00a0 s\u0259dri\u00a0 inzibati m\u0259suliyy\u0259t\u0259 c\u0259lb olunub. Bunla\u0131rn bir qismi\u00a0 m\u0259hk\u0259ml\u0259r\u0259 c\u0259lb olunub. Bu bir daha b\u0259l\u0259diyy\u0259l\u0259r\u0259 n\u0259zar\u0259t ed\u0259n qurumun b\u0259l\u0259diyy\u0259l\u0259rin f\u0259aliyy\u0259tin\u0259 nec\u0259 ciddi m\u00fcnasib\u0259t g\u00f6st\u0259ridiyini g\u00f6st\u0259rir. N\u0259zar\u0259t qurumu b\u0259l\u0259diyy\u0259l\u0259rin f\u0259aliyy\u0259tin\u0259 d\u0259st\u0259k verm\u0259kl\u0259 yana\u015f\u0131, b\u0259l\u0259diyy\u0259l\u0259rd\u0259 i\u015finin \u00f6hd\u0259sind\u0259n g\u0259l\u0259 bilm\u0259y\u0259nl\u0259r\u0259 qar\u015f\u0131 bar\u0131\u015fmaz m\u00f6vqe s\u0259rgil\u0259yir. Bu\u00a0 \u00a0t\u0259qdir olunas\u0131 hald\u0131r. \u0130\u015finin \u00f6hd\u0259sind\u0259n g\u0259l\u0259 bilm\u0259y\u0259nl\u0259r c\u0259zaland\u0131r\u0131lmal\u0131d\u0131r v\u0259 bu \u00e7ox normal hald\u0131r\u201d,- \u00c7. Q\u0259nizad\u0259 deyib.<\/p>\n<p>O, \u0259lav\u0259 edib ki, b\u0259l\u0259diyy\u0259l\u0259rin\u00a0 f\u0259aliyy\u0259tini canland\u0131rmaq \u00fc\u00e7\u00fcn g\u0259ncl\u0259rini bu proses\u0259 c\u0259lb olunmas\u0131na \u00e7al\u0131\u015fmaq laz\u0131md\u0131r.<\/p>\n<p><em><br \/>\n\u00d6lk\u0259.Az<\/em><\/p>\n","protected":false},"excerpt":{"rendered":"<p>\u201cBizim b\u0259l\u0259diyy\u0259l\u0259rl\u0259 ba\u011fl\u0131 \u0259n m\u0259ntiqli qanununmuz q\u0259bristanlar\u0131n sal\u0131nmas\u0131 v\u0259 onun idar\u0259 olunmas\u0131 idi. \u00c7\u00fcnki b\u0259l\u0259diyy\u0259l\u0259rin diril\u0259r\u0259 faydal\u0131 xidm\u0259t g\u00f6st\u0259r\u0259 bilm\u0259y\u0259c\u0259yini yax\u015f\u0131 bildiyimizd\u0259n, \u00f6l\u00fcl\u0259ri onlara h\u0259val\u0259 etdik\u201d. ARANTV.AZ x\u0259b\u0259r verir ki, bunu deputat Fazil Mustafa parlamentin bu g\u00fcn ke\u00e7iril\u0259n plenar iclas\u0131nda B\u0259l\u0259diyy\u0259l\u0259rin f\u0259aliyy\u0259tin\u0259 inzibati n\u0259zar\u0259ti h\u0259yata ke\u00e7ir\u0259n orqan\u0131n illik m\u0259ruz\u0259sinin m\u00fczakir\u0259si zaman\u0131 \u00e7\u0131x\u0131\u015f ed\u0259rk\u0259n deyib. Onun s\u00f6zl\u0259rin\u0259 g\u00f6r\u0259, b\u0259l\u0259diyy\u0259l\u0259rin f\u0259aliyy\u0259tini yenid\u0259n formala\u015fd\u0131rmaq \u00fc\u00e7\u00fcn qanunvericilik bazas\u0131\u00a0 t\u0259kmill\u0259\u015fdirilm\u0259lidir. \u201cBu g\u00fcn b\u0259l\u0259diyy\u0259l\u0259r bir s\u0131ra probleml\u0259rl\u0259 \u00fcz-\u00fcz\u0259dir. B\u0259l\u0259diyy\u0259l\u0259r bu g\u00fcn\u0259 kimi \u0259razi x\u0259rit\u0259l\u0259rini \u0259ld\u0259 ed\u0259 bilmirl\u0259r. B\u0259l\u0259diyy\u0259l\u0259rin f\u0259aliyy\u0259tin\u0259 problem yaradan dig\u0259r problem onlar\u0131n inzibati m\u0259suliyy\u0259tsizlik&hellip;<\/p>\n","protected":false},"author":2,"featured_media":37986,"comment_status":"closed","ping_status":"closed","sticky":false,"template":"","format":"standard","meta":{"om_disable_all_campaigns":false,"_monsterinsights_skip_tracking":false,"_monsterinsights_sitenote_active":false,"_monsterinsights_sitenote_note":"","_monsterinsights_sitenote_category":0},"categories":[1],"tags":[],"aioseo_notices":[],"gutentor_comment":0,"rttpg_featured_image_url":{"full":["https:\/\/arantv.az\/wp-content\/uploads\/2019\/02\/fazilmus.jpg",620,375,false],"landscape":["https:\/\/arantv.az\/wp-content\/uploads\/2019\/02\/fazilmus.jpg",620,375,false],"portraits":["https:\/\/arantv.az\/wp-content\/uploads\/2019\/02\/fazilmus.jpg",620,375,false],"thumbnail":["https:\/\/arantv.az\/wp-content\/uploads\/2019\/02\/fazilmus-150x150.jpg",150,150,true],"medium":["https:\/\/arantv.az\/wp-content\/uploads\/2019\/02\/fazilmus-300x181.jpg",300,181,true],"large":["https:\/\/arantv.az\/wp-content\/uploads\/2019\/02\/fazilmus.jpg",620,375,false],"1536x1536":["https:\/\/arantv.az\/wp-content\/uploads\/2019\/02\/fazilmus.jpg",620,375,false],"2048x2048":["https:\/\/arantv.az\/wp-content\/uploads\/2019\/02\/fazilmus.jpg",620,375,false],"post-thumbnail":["https:\/\/arantv.az\/wp-content\/uploads\/2019\/02\/fazilmus-240x172.jpg",240,172,true],"advps-thumb-one":["https:\/\/arantv.az\/wp-content\/uploads\/2019\/02\/fazilmus.jpg",620,375,false]},"rttpg_author":{"display_name":"V\u00fcsal Rafiqo\u011flu","author_link":"https:\/\/arantv.az\/?author=2"},"rttpg_comment":0,"rttpg_category":"<a href=\"https:\/\/arantv.az\/?cat=1\" rel=\"category\">C\u0259miyy\u0259t<\/a>","rttpg_excerpt":"\u201cBizim b\u0259l\u0259diyy\u0259l\u0259rl\u0259 ba\u011fl\u0131 \u0259n m\u0259ntiqli qanununmuz q\u0259bristanlar\u0131n sal\u0131nmas\u0131 v\u0259 onun idar\u0259 olunmas\u0131 idi. \u00c7\u00fcnki b\u0259l\u0259diyy\u0259l\u0259rin diril\u0259r\u0259 faydal\u0131 xidm\u0259t g\u00f6st\u0259r\u0259 bilm\u0259y\u0259c\u0259yini yax\u015f\u0131 bildiyimizd\u0259n, \u00f6l\u00fcl\u0259ri onlara h\u0259val\u0259 etdik\u201d. ARANTV.AZ x\u0259b\u0259r verir ki, bunu deputat Fazil Mustafa parlamentin bu g\u00fcn ke\u00e7iril\u0259n plenar iclas\u0131nda B\u0259l\u0259diyy\u0259l\u0259rin f\u0259aliyy\u0259tin\u0259 inzibati n\u0259zar\u0259ti h\u0259yata ke\u00e7ir\u0259n orqan\u0131n illik m\u0259ruz\u0259sinin m\u00fczakir\u0259si zaman\u0131 \u00e7\u0131x\u0131\u015f ed\u0259rk\u0259n deyib. Onun&hellip;","_links":{"self":[{"href":"https:\/\/arantv.az\/index.php?rest_route=\/wp\/v2\/posts\/37985"}],"collection":[{"href":"https:\/\/arantv.az\/index.php?rest_route=\/wp\/v2\/posts"}],"about":[{"href":"https:\/\/arantv.az\/index.php?rest_route=\/wp\/v2\/types\/post"}],"author":[{"embeddable":true,"href":"https:\/\/arantv.az\/index.php?rest_route=\/wp\/v2\/users\/2"}],"replies":[{"embeddable":true,"href":"https:\/\/arantv.az\/index.php?rest_route=%2Fwp%2Fv2%2Fcomments&post=37985"}],"version-history":[{"count":0,"href":"https:\/\/arantv.az\/index.php?rest_route=\/wp\/v2\/posts\/37985\/revisions"}],"wp:featuredmedia":[{"embeddable":true,"href":"https:\/\/arantv.az\/index.php?rest_route=\/wp\/v2\/media\/37986"}],"wp:attachment":[{"href":"https:\/\/arantv.az\/index.php?rest_route=%2Fwp%2Fv2%2Fmedia&parent=37985"}],"wp:term":[{"taxonomy":"category","embeddable":true,"href":"https:\/\/arantv.az\/index.php?rest_route=%2Fwp%2Fv2%2Fcategories&post=37985"},{"taxonomy":"post_tag","embeddable":true,"href":"https:\/\/arantv.az\/index.php?rest_route=%2Fwp%2Fv2%2Ftags&post=37985"}],"curies":[{"name":"wp","href":"https:\/\/api.w.org\/{rel}","templated":true}]}}