{"id":37988,"date":"2019-02-12T13:43:46","date_gmt":"2019-02-12T10:43:46","guid":{"rendered":"http:\/\/arantv.az\/?p=37988"},"modified":"2019-02-12T13:43:46","modified_gmt":"2019-02-12T10:43:46","slug":"az%c9%99rbaycanda-g%c9%99nc-alim-v%c9%99-t%c9%99dqiqatci-anlayisi-d%c9%99qiql%c9%99sdirilib","status":"publish","type":"post","link":"https:\/\/arantv.az\/?p=37988","title":{"rendered":"Az\u0259rbaycanda &#8220;g\u0259nc alim v\u0259 t\u0259dqiqat\u00e7\u0131&#8221; anlay\u0131\u015f\u0131 d\u0259qiql\u0259\u015fdirilib"},"content":{"rendered":"<p><strong>Az\u0259rbaycanda &#8220;g\u0259nc alim v\u0259 t\u0259dqiqat\u00e7\u0131&#8221; anlay\u0131\u015f\u0131 d\u0259qiql\u0259\u015fdirilib.<\/strong><\/p>\n<p><strong>ARANTV.AZ<\/strong> trrend-\u0259 istinad\u0259n bildirir ki,\u00a0bununla ba\u011fl\u0131 m\u0259s\u0259l\u0259 Milli M\u0259clisin bu g\u00fcn ke\u00e7iril\u0259n plenar iclas\u0131nda m\u00fczakir\u0259y\u0259 \u00e7\u0131xar\u0131lan &#8220;G\u0259ncl\u0259r siyas\u0259ti haqq\u0131nda&#8221; qanuna d\u0259yi\u015fiklikd\u0259 \u00f6z \u0259ksini tap\u0131b.<\/p>\n<p>D\u0259yi\u015fiklikl\u0259r\u0259 \u0259sas\u0259n, qanuna &#8220;g\u0259nc alim v\u0259 t\u0259dqiqat\u00e7\u0131&#8221; anlay\u0131\u015f\u0131 \u0259lav\u0259 edilir.<\/p>\n<p>G\u0259nc alim v\u0259 t\u0259dqiqat\u00e7\u0131lar ya\u015f\u0131 35-d\u0259n \u00e7ox olmayan alim v\u0259 t\u0259dqiqat\u00e7\u0131lar hesab olunacaqlar. Onlar\u0131n elmi f\u0259aliyy\u0259tinin d\u0259st\u0259kl\u0259nm\u0259si d\u00f6vl\u0259tin g\u0259ncl\u0259rin siyas\u0259tinin h\u0259yata ke\u00e7irilm\u0259si sah\u0259sind\u0259 \u0259sas v\u0259zif\u0259l\u0259rind\u0259n biri olacaq.<\/p>\n<p>&#8220;G\u0259ncl\u0259r siyas\u0259ti haqq\u0131nda&#8221; qanunun haz\u0131rk\u0131 variant\u0131na g\u00f6r\u0259, g\u0259ncl\u0259r ya\u015f\u0131 14-d\u0259n 29-d\u0259k olan \u015f\u0259xsl\u0259r, g\u0259nc ail\u0259l\u0259r ya\u015f\u0131 35-d\u0259n \u00e7ox olmayan \u015f\u0259xsl\u0259rin nikaha daxil olmas\u0131ndan yaranan ail\u0259, habel\u0259 himay\u0259sind\u0259 az\u0131 bir u\u015fa\u011f\u0131 olan v\u0259 ya\u015f\u0131 35-d\u0259n \u00e7ox olmayan t\u0259k valideynl\u0259r hesab edilirl\u0259r.<\/p>\n<p>Qanunda hans\u0131 ya\u015fdan olan \u015f\u0259xsl\u0259rin &#8220;g\u0259nc alim&#8221; hesab edilm\u0259si is\u0259 d\u0259qiql\u0259\u015fdirilm\u0259yib.<\/p>\n<p>Yeni layih\u0259d\u0259 g\u0259nclik ya\u015f\u0131, eyni zamanda &#8220;g\u0259nc ail\u0259&#8221; anlay\u0131\u015f\u0131 oldu\u011fu kimi saxlan\u0131l\u0131b, buraya yaln\u0131z kiml\u0259rin &#8220;g\u0259nc alim&#8221; hesab edildiyi \u0259lav\u0259 edilib.<\/p>\n<p>D\u0259yi\u015fiklikl\u0259r m\u00fczakir\u0259l\u0259rd\u0259n sonra s\u0259s\u0259 qoyularaq q\u0259bul edilib.<\/p>\n","protected":false},"excerpt":{"rendered":"<p>Az\u0259rbaycanda &#8220;g\u0259nc alim v\u0259 t\u0259dqiqat\u00e7\u0131&#8221; anlay\u0131\u015f\u0131 d\u0259qiql\u0259\u015fdirilib. ARANTV.AZ trrend-\u0259 istinad\u0259n bildirir ki,\u00a0bununla ba\u011fl\u0131 m\u0259s\u0259l\u0259 Milli M\u0259clisin bu g\u00fcn ke\u00e7iril\u0259n plenar iclas\u0131nda m\u00fczakir\u0259y\u0259 \u00e7\u0131xar\u0131lan &#8220;G\u0259ncl\u0259r siyas\u0259ti haqq\u0131nda&#8221; qanuna d\u0259yi\u015fiklikd\u0259 \u00f6z \u0259ksini tap\u0131b. D\u0259yi\u015fiklikl\u0259r\u0259 \u0259sas\u0259n, qanuna &#8220;g\u0259nc alim v\u0259 t\u0259dqiqat\u00e7\u0131&#8221; anlay\u0131\u015f\u0131 \u0259lav\u0259 edilir. G\u0259nc alim v\u0259 t\u0259dqiqat\u00e7\u0131lar ya\u015f\u0131 35-d\u0259n \u00e7ox olmayan alim v\u0259 t\u0259dqiqat\u00e7\u0131lar hesab olunacaqlar. Onlar\u0131n elmi f\u0259aliyy\u0259tinin d\u0259st\u0259kl\u0259nm\u0259si d\u00f6vl\u0259tin g\u0259ncl\u0259rin siyas\u0259tinin h\u0259yata ke\u00e7irilm\u0259si sah\u0259sind\u0259 \u0259sas v\u0259zif\u0259l\u0259rind\u0259n biri olacaq. &#8220;G\u0259ncl\u0259r siyas\u0259ti haqq\u0131nda&#8221; qanunun haz\u0131rk\u0131 variant\u0131na g\u00f6r\u0259, g\u0259ncl\u0259r ya\u015f\u0131 14-d\u0259n 29-d\u0259k olan \u015f\u0259xsl\u0259r, g\u0259nc ail\u0259l\u0259r ya\u015f\u0131 35-d\u0259n \u00e7ox olmayan \u015f\u0259xsl\u0259rin nikaha daxil&hellip;<\/p>\n","protected":false},"author":2,"featured_media":37989,"comment_status":"closed","ping_status":"closed","sticky":false,"template":"","format":"standard","meta":{"om_disable_all_campaigns":false,"_monsterinsights_skip_tracking":false,"_monsterinsights_sitenote_active":false,"_monsterinsights_sitenote_note":"","_monsterinsights_sitenote_category":0},"categories":[1],"tags":[],"aioseo_notices":[],"gutentor_comment":0,"rttpg_featured_image_url":{"full":["https:\/\/arantv.az\/wp-content\/uploads\/2019\/02\/729889.jpg",800,600,false],"landscape":["https:\/\/arantv.az\/wp-content\/uploads\/2019\/02\/729889.jpg",800,600,false],"portraits":["https:\/\/arantv.az\/wp-content\/uploads\/2019\/02\/729889.jpg",800,600,false],"thumbnail":["https:\/\/arantv.az\/wp-content\/uploads\/2019\/02\/729889-150x150.jpg",150,150,true],"medium":["https:\/\/arantv.az\/wp-content\/uploads\/2019\/02\/729889-300x225.jpg",300,225,true],"large":["https:\/\/arantv.az\/wp-content\/uploads\/2019\/02\/729889.jpg",640,480,false],"1536x1536":["https:\/\/arantv.az\/wp-content\/uploads\/2019\/02\/729889.jpg",800,600,false],"2048x2048":["https:\/\/arantv.az\/wp-content\/uploads\/2019\/02\/729889.jpg",800,600,false],"post-thumbnail":["https:\/\/arantv.az\/wp-content\/uploads\/2019\/02\/729889-240x172.jpg",240,172,true],"advps-thumb-one":["https:\/\/arantv.az\/wp-content\/uploads\/2019\/02\/729889.jpg",800,600,false]},"rttpg_author":{"display_name":"V\u00fcsal Rafiqo\u011flu","author_link":"https:\/\/arantv.az\/?author=2"},"rttpg_comment":0,"rttpg_category":"<a href=\"https:\/\/arantv.az\/?cat=1\" rel=\"category\">C\u0259miyy\u0259t<\/a>","rttpg_excerpt":"Az\u0259rbaycanda &#8220;g\u0259nc alim v\u0259 t\u0259dqiqat\u00e7\u0131&#8221; anlay\u0131\u015f\u0131 d\u0259qiql\u0259\u015fdirilib. ARANTV.AZ trrend-\u0259 istinad\u0259n bildirir ki,\u00a0bununla ba\u011fl\u0131 m\u0259s\u0259l\u0259 Milli M\u0259clisin bu g\u00fcn ke\u00e7iril\u0259n plenar iclas\u0131nda m\u00fczakir\u0259y\u0259 \u00e7\u0131xar\u0131lan &#8220;G\u0259ncl\u0259r siyas\u0259ti haqq\u0131nda&#8221; qanuna d\u0259yi\u015fiklikd\u0259 \u00f6z \u0259ksini tap\u0131b. D\u0259yi\u015fiklikl\u0259r\u0259 \u0259sas\u0259n, qanuna &#8220;g\u0259nc alim v\u0259 t\u0259dqiqat\u00e7\u0131&#8221; anlay\u0131\u015f\u0131 \u0259lav\u0259 edilir. G\u0259nc alim v\u0259 t\u0259dqiqat\u00e7\u0131lar ya\u015f\u0131 35-d\u0259n \u00e7ox olmayan alim v\u0259 t\u0259dqiqat\u00e7\u0131lar hesab olunacaqlar. Onlar\u0131n&hellip;","_links":{"self":[{"href":"https:\/\/arantv.az\/index.php?rest_route=\/wp\/v2\/posts\/37988"}],"collection":[{"href":"https:\/\/arantv.az\/index.php?rest_route=\/wp\/v2\/posts"}],"about":[{"href":"https:\/\/arantv.az\/index.php?rest_route=\/wp\/v2\/types\/post"}],"author":[{"embeddable":true,"href":"https:\/\/arantv.az\/index.php?rest_route=\/wp\/v2\/users\/2"}],"replies":[{"embeddable":true,"href":"https:\/\/arantv.az\/index.php?rest_route=%2Fwp%2Fv2%2Fcomments&post=37988"}],"version-history":[{"count":0,"href":"https:\/\/arantv.az\/index.php?rest_route=\/wp\/v2\/posts\/37988\/revisions"}],"wp:featuredmedia":[{"embeddable":true,"href":"https:\/\/arantv.az\/index.php?rest_route=\/wp\/v2\/media\/37989"}],"wp:attachment":[{"href":"https:\/\/arantv.az\/index.php?rest_route=%2Fwp%2Fv2%2Fmedia&parent=37988"}],"wp:term":[{"taxonomy":"category","embeddable":true,"href":"https:\/\/arantv.az\/index.php?rest_route=%2Fwp%2Fv2%2Fcategories&post=37988"},{"taxonomy":"post_tag","embeddable":true,"href":"https:\/\/arantv.az\/index.php?rest_route=%2Fwp%2Fv2%2Ftags&post=37988"}],"curies":[{"name":"wp","href":"https:\/\/api.w.org\/{rel}","templated":true}]}}