{"id":37991,"date":"2019-02-12T13:44:52","date_gmt":"2019-02-12T10:44:52","guid":{"rendered":"http:\/\/arantv.az\/?p=37991"},"modified":"2019-02-12T13:44:52","modified_gmt":"2019-02-12T10:44:52","slug":"v%c9%99killiy%c9%99-q%c9%99bul-imtahani-il%c9%99-bagli-yeni-qaydalar-mu%c9%99yy%c9%99n-edildi","status":"publish","type":"post","link":"https:\/\/arantv.az\/?p=37991","title":{"rendered":"V\u0259killiy\u0259 q\u0259bul imtahan\u0131 il\u0259 ba\u011fl\u0131 yeni qaydalar m\u00fc\u0259yy\u0259n edildi"},"content":{"rendered":"<p><strong>Az\u0259rbaycanda v\u0259killiy\u0259 q\u0259bul imtahan\u0131 il\u0259 ba\u011fl\u0131 yeni qaydalar m\u00fc\u0259yy\u0259n edilib.<\/strong><\/p>\n<p><strong>ARANTV.AZ<\/strong> trend-\u0259 istinad\u0259n bildirir ki,\u00a0bu bar\u0259d\u0259 m\u0259s\u0259l\u0259 Milli M\u0259clisin bu g\u00fcn ke\u00e7iril\u0259n plenar iclas\u0131nda m\u00fczakir\u0259 edil\u0259n &#8220;V\u0259kill\u0259r v\u0259 v\u0259killik f\u0259aliyy\u0259ti haqq\u0131nda&#8221; qanuna d\u0259yi\u015fiklikd\u0259 \u00f6z \u0259ksini tap\u0131b.<\/p>\n<p>D\u0259yi\u015fikliy\u0259 \u0259sas\u0259n, Az\u0259rbaycanda v\u0259kil olmaq ist\u0259y\u0259n \u015f\u0259xsl\u0259r yaz\u0131l\u0131 test imtahan\u0131nda m\u00fcv\u0259ff\u0259qiyy\u0259t qazanmad\u0131qda h\u0259min \u015f\u0259xsl\u0259r\u0259 yenid\u0259n ixtisas imtahan\u0131nda i\u015ftirak etm\u0259k imkan\u0131 veril\u0259c\u0259k.<\/p>\n<p>Layih\u0259d\u0259 qeyd olunub ki, v\u0259kil olmaq ist\u0259y\u0259nl\u0259r yaz\u0131l\u0131 test m\u0259rh\u0259l\u0259si v\u0259 \u015fifahi m\u00fcsahib\u0259d\u0259n ibar\u0259t ixtisas imtahanlar\u0131ndan m\u00fcv\u0259ff\u0259qiyy\u0259tl\u0259 ke\u00e7m\u0259lidirl\u0259r. Yaz\u0131l\u0131 test imtahan\u0131nda m\u00fcv\u0259ff\u0259qiyy\u0259t qazanmayan \u015f\u0259xs\u0259 yenid\u0259n ixtisas imtahan\u0131nda i\u015ftirak etm\u0259k imkan\u0131 verilir.<\/p>\n<p>\u0130xtisas imtahan\u0131n\u0131n ild\u0259 bir d\u0259f\u0259d\u0259n az olmayaraq ke\u00e7irilm\u0259si n\u0259z\u0259rd\u0259 tutulur. Dig\u0259r d\u0259yi\u015fiklik is\u0259 qanunun 24-c\u00fc (V\u0259kill\u0259r Kollegiyas\u0131n\u0131n v\u0259saiti) madd\u0259sind\u0259 edilir.<\/p>\n<p>D\u0259yi\u015fiklikl\u0259r s\u0259sverm\u0259y\u0259 \u00e7\u0131xar\u0131laraq q\u0259bul olunub.<\/p>\n","protected":false},"excerpt":{"rendered":"<p>Az\u0259rbaycanda v\u0259killiy\u0259 q\u0259bul imtahan\u0131 il\u0259 ba\u011fl\u0131 yeni qaydalar m\u00fc\u0259yy\u0259n edilib. ARANTV.AZ trend-\u0259 istinad\u0259n bildirir ki,\u00a0bu bar\u0259d\u0259 m\u0259s\u0259l\u0259 Milli M\u0259clisin bu g\u00fcn ke\u00e7iril\u0259n plenar iclas\u0131nda m\u00fczakir\u0259 edil\u0259n &#8220;V\u0259kill\u0259r v\u0259 v\u0259killik f\u0259aliyy\u0259ti haqq\u0131nda&#8221; qanuna d\u0259yi\u015fiklikd\u0259 \u00f6z \u0259ksini tap\u0131b. D\u0259yi\u015fikliy\u0259 \u0259sas\u0259n, Az\u0259rbaycanda v\u0259kil olmaq ist\u0259y\u0259n \u015f\u0259xsl\u0259r yaz\u0131l\u0131 test imtahan\u0131nda m\u00fcv\u0259ff\u0259qiyy\u0259t qazanmad\u0131qda h\u0259min \u015f\u0259xsl\u0259r\u0259 yenid\u0259n ixtisas imtahan\u0131nda i\u015ftirak etm\u0259k imkan\u0131 veril\u0259c\u0259k. Layih\u0259d\u0259 qeyd olunub ki, v\u0259kil olmaq ist\u0259y\u0259nl\u0259r yaz\u0131l\u0131 test m\u0259rh\u0259l\u0259si v\u0259 \u015fifahi m\u00fcsahib\u0259d\u0259n ibar\u0259t ixtisas imtahanlar\u0131ndan m\u00fcv\u0259ff\u0259qiyy\u0259tl\u0259 ke\u00e7m\u0259lidirl\u0259r. Yaz\u0131l\u0131 test imtahan\u0131nda m\u00fcv\u0259ff\u0259qiyy\u0259t qazanmayan \u015f\u0259xs\u0259 yenid\u0259n ixtisas imtahan\u0131nda i\u015ftirak etm\u0259k imkan\u0131 verilir. \u0130xtisas imtahan\u0131n\u0131n&hellip;<\/p>\n","protected":false},"author":2,"featured_media":37992,"comment_status":"closed","ping_status":"closed","sticky":false,"template":"","format":"standard","meta":{"om_disable_all_campaigns":false,"_monsterinsights_skip_tracking":false,"_monsterinsights_sitenote_active":false,"_monsterinsights_sitenote_note":"","_monsterinsights_sitenote_category":0},"categories":[1],"tags":[],"aioseo_notices":[],"gutentor_comment":0,"rttpg_featured_image_url":{"full":["https:\/\/arantv.az\/wp-content\/uploads\/2019\/02\/729888.jpg",800,600,false],"landscape":["https:\/\/arantv.az\/wp-content\/uploads\/2019\/02\/729888.jpg",800,600,false],"portraits":["https:\/\/arantv.az\/wp-content\/uploads\/2019\/02\/729888.jpg",800,600,false],"thumbnail":["https:\/\/arantv.az\/wp-content\/uploads\/2019\/02\/729888-150x150.jpg",150,150,true],"medium":["https:\/\/arantv.az\/wp-content\/uploads\/2019\/02\/729888-300x225.jpg",300,225,true],"large":["https:\/\/arantv.az\/wp-content\/uploads\/2019\/02\/729888.jpg",640,480,false],"1536x1536":["https:\/\/arantv.az\/wp-content\/uploads\/2019\/02\/729888.jpg",800,600,false],"2048x2048":["https:\/\/arantv.az\/wp-content\/uploads\/2019\/02\/729888.jpg",800,600,false],"post-thumbnail":["https:\/\/arantv.az\/wp-content\/uploads\/2019\/02\/729888-240x172.jpg",240,172,true],"advps-thumb-one":["https:\/\/arantv.az\/wp-content\/uploads\/2019\/02\/729888.jpg",800,600,false]},"rttpg_author":{"display_name":"V\u00fcsal Rafiqo\u011flu","author_link":"https:\/\/arantv.az\/?author=2"},"rttpg_comment":0,"rttpg_category":"<a href=\"https:\/\/arantv.az\/?cat=1\" rel=\"category\">C\u0259miyy\u0259t<\/a>","rttpg_excerpt":"Az\u0259rbaycanda v\u0259killiy\u0259 q\u0259bul imtahan\u0131 il\u0259 ba\u011fl\u0131 yeni qaydalar m\u00fc\u0259yy\u0259n edilib. ARANTV.AZ trend-\u0259 istinad\u0259n bildirir ki,\u00a0bu bar\u0259d\u0259 m\u0259s\u0259l\u0259 Milli M\u0259clisin bu g\u00fcn ke\u00e7iril\u0259n plenar iclas\u0131nda m\u00fczakir\u0259 edil\u0259n &#8220;V\u0259kill\u0259r v\u0259 v\u0259killik f\u0259aliyy\u0259ti haqq\u0131nda&#8221; qanuna d\u0259yi\u015fiklikd\u0259 \u00f6z \u0259ksini tap\u0131b. D\u0259yi\u015fikliy\u0259 \u0259sas\u0259n, Az\u0259rbaycanda v\u0259kil olmaq ist\u0259y\u0259n \u015f\u0259xsl\u0259r yaz\u0131l\u0131 test imtahan\u0131nda m\u00fcv\u0259ff\u0259qiyy\u0259t qazanmad\u0131qda h\u0259min \u015f\u0259xsl\u0259r\u0259 yenid\u0259n ixtisas imtahan\u0131nda i\u015ftirak etm\u0259k&hellip;","_links":{"self":[{"href":"https:\/\/arantv.az\/index.php?rest_route=\/wp\/v2\/posts\/37991"}],"collection":[{"href":"https:\/\/arantv.az\/index.php?rest_route=\/wp\/v2\/posts"}],"about":[{"href":"https:\/\/arantv.az\/index.php?rest_route=\/wp\/v2\/types\/post"}],"author":[{"embeddable":true,"href":"https:\/\/arantv.az\/index.php?rest_route=\/wp\/v2\/users\/2"}],"replies":[{"embeddable":true,"href":"https:\/\/arantv.az\/index.php?rest_route=%2Fwp%2Fv2%2Fcomments&post=37991"}],"version-history":[{"count":0,"href":"https:\/\/arantv.az\/index.php?rest_route=\/wp\/v2\/posts\/37991\/revisions"}],"wp:featuredmedia":[{"embeddable":true,"href":"https:\/\/arantv.az\/index.php?rest_route=\/wp\/v2\/media\/37992"}],"wp:attachment":[{"href":"https:\/\/arantv.az\/index.php?rest_route=%2Fwp%2Fv2%2Fmedia&parent=37991"}],"wp:term":[{"taxonomy":"category","embeddable":true,"href":"https:\/\/arantv.az\/index.php?rest_route=%2Fwp%2Fv2%2Fcategories&post=37991"},{"taxonomy":"post_tag","embeddable":true,"href":"https:\/\/arantv.az\/index.php?rest_route=%2Fwp%2Fv2%2Ftags&post=37991"}],"curies":[{"name":"wp","href":"https:\/\/api.w.org\/{rel}","templated":true}]}}