{"id":38017,"date":"2019-02-12T14:13:10","date_gmt":"2019-02-12T11:13:10","guid":{"rendered":"http:\/\/arantv.az\/?p=38017"},"modified":"2019-02-12T14:13:10","modified_gmt":"2019-02-12T11:13:10","slug":"bahar-muradova-m%c9%99qs%c9%99d-gund%c9%99mi-d%c9%99yism%c9%99kdir","status":"publish","type":"post","link":"https:\/\/arantv.az\/?p=38017","title":{"rendered":"Bahar Muradova: M\u0259qs\u0259d g\u00fcnd\u0259mi d\u0259yi\u015fm\u0259kdir"},"content":{"rendered":"<p>\u00d6t\u0259n ilin sonundan v\u0259 bu ilin \u0259vv\u0259lind\u0259n Da\u011fl\u0131q Qaraba\u011f m\u0259s\u0259l\u0259si il\u0259 ba\u011fl\u0131 dan\u0131\u015f\u0131qlar prosesind\u0259 m\u00fc\u0259yy\u0259n h\u0259r\u0259k\u0259tl\u0259nm\u0259 m\u00fc\u015fahid\u0259 olunmaqdad\u0131r. H\u0259m beyn\u0259lxalq t\u0259\u015fkilatlar\u0131n vasit\u0259\u00e7il\u0259rinin, h\u0259m ayr\u0131-ayr\u0131 \u00f6lk\u0259l\u0259rin, h\u0259m d\u0259 Erm\u0259nistan v\u0259 Az\u0259rbaycan prezidentl\u0259rinin b\u0259yanatlar\u0131nda \u0259ksini tapan m\u0259qamlar m\u00fc\u0259yy\u0259n q\u0259d\u0259r \u00fcmidl\u0259nm\u0259y\u0259 imkan verir.<\/p>\n<p><b>ARANTV.AZ\u00a0<\/b>m\u0259lumat verir ki, bunu Milli M\u0259clisin fevral\u0131n 12-d\u0259 ke\u00e7iril\u0259n plenar iclas\u0131nda parlament s\u0259drinin m\u00fcavini Bahar Muradova deyib.<\/p>\n<p>\u201cOrtaya \u00e7\u0131xan bu meyill\u0259r bir daha d\u00fc\u015f\u00fcnm\u0259y\u0259 vadar edir. Biz h\u0259ll etm\u0259k iqtidar\u0131m\u0131z\u0131 v\u0259 q\u00fcdr\u0259timizi n\u0259 q\u0259d\u0259r art\u0131r\u0131r\u0131qsa, bunun qar\u015f\u0131s\u0131n\u0131 almaq ist\u0259y\u0259n dair\u0259l\u0259r o q\u0259d\u0259r s\u0259yl\u0259rini v\u0259 c\u0259hdl\u0259rini art\u0131r\u0131rlar\u201d, &#8211; dey\u0259n\u00a0B.Muradova bildirib ki, Az\u0259rbaycan d\u00f6vl\u0259tinin \u00f6z v\u0259t\u0259nda\u015f\u0131n\u0131n yan\u0131nda olmas\u0131 he\u00e7 vaxt \u015f\u00fcbh\u0259 do\u011furmay\u0131b.<\/p>\n<div id=\"AdributorNativeVideo0\" class=\"AdributorNativeVideo\"><\/div>\n<p>\u201cBu, ard\u0131c\u0131l v\u0259 m\u0259qs\u0259dy\u00f6nl\u00fc bir siyas\u0259tdir. Biz bunun i\u00e7\u0259risind\u0259yik, \u0259ksini s\u00f6yl\u0259y\u0259nl\u0259r d\u0259 bunu g\u00f6r\u00fcrl\u0259r. Amma t\u0259bii ki, m\u0259qs\u0259d ba\u015fqad\u0131r, g\u00fcnd\u0259mi d\u0259yi\u015fm\u0259kdir. \u018fsas m\u0259qs\u0259d qar\u015f\u0131m\u0131zda dayanan vacib niyy\u0259td\u0259n v\u0259 m\u0259qs\u0259dd\u0259n yay\u0131nd\u0131rmaqd\u0131r. Biz bunlar\u0131 n\u0259z\u0259r\u0259 alaraq diqq\u0259timizi \u0259sas m\u0259qs\u0259dimiz\u0259 y\u00f6n\u0259ltm\u0259liyik\u201d, &#8211; dey\u0259\u00a0vitse-spiker \u0259lav\u0259 edib.oxu.az<\/p>\n","protected":false},"excerpt":{"rendered":"<p>\u00d6t\u0259n ilin sonundan v\u0259 bu ilin \u0259vv\u0259lind\u0259n Da\u011fl\u0131q Qaraba\u011f m\u0259s\u0259l\u0259si il\u0259 ba\u011fl\u0131 dan\u0131\u015f\u0131qlar prosesind\u0259 m\u00fc\u0259yy\u0259n h\u0259r\u0259k\u0259tl\u0259nm\u0259 m\u00fc\u015fahid\u0259 olunmaqdad\u0131r. H\u0259m beyn\u0259lxalq t\u0259\u015fkilatlar\u0131n vasit\u0259\u00e7il\u0259rinin, h\u0259m ayr\u0131-ayr\u0131 \u00f6lk\u0259l\u0259rin, h\u0259m d\u0259 Erm\u0259nistan v\u0259 Az\u0259rbaycan prezidentl\u0259rinin b\u0259yanatlar\u0131nda \u0259ksini tapan m\u0259qamlar m\u00fc\u0259yy\u0259n q\u0259d\u0259r \u00fcmidl\u0259nm\u0259y\u0259 imkan verir. ARANTV.AZ\u00a0m\u0259lumat verir ki, bunu Milli M\u0259clisin fevral\u0131n 12-d\u0259 ke\u00e7iril\u0259n plenar iclas\u0131nda parlament s\u0259drinin m\u00fcavini Bahar Muradova deyib. \u201cOrtaya \u00e7\u0131xan bu meyill\u0259r bir daha d\u00fc\u015f\u00fcnm\u0259y\u0259 vadar edir. Biz h\u0259ll etm\u0259k iqtidar\u0131m\u0131z\u0131 v\u0259 q\u00fcdr\u0259timizi n\u0259 q\u0259d\u0259r art\u0131r\u0131r\u0131qsa, bunun qar\u015f\u0131s\u0131n\u0131 almaq ist\u0259y\u0259n dair\u0259l\u0259r o q\u0259d\u0259r s\u0259yl\u0259rini v\u0259 c\u0259hdl\u0259rini art\u0131r\u0131rlar\u201d, &#8211; dey\u0259n\u00a0B.Muradova bildirib ki,&hellip;<\/p>\n","protected":false},"author":2,"featured_media":38018,"comment_status":"closed","ping_status":"closed","sticky":false,"template":"","format":"standard","meta":{"om_disable_all_campaigns":false,"_monsterinsights_skip_tracking":false,"_monsterinsights_sitenote_active":false,"_monsterinsights_sitenote_note":"","_monsterinsights_sitenote_category":0},"categories":[4],"tags":[],"aioseo_notices":[],"gutentor_comment":0,"rttpg_featured_image_url":{"full":["https:\/\/arantv.az\/wp-content\/uploads\/2019\/02\/Bahar_Muradova_-_2016.jpg",620,413,false],"landscape":["https:\/\/arantv.az\/wp-content\/uploads\/2019\/02\/Bahar_Muradova_-_2016.jpg",620,413,false],"portraits":["https:\/\/arantv.az\/wp-content\/uploads\/2019\/02\/Bahar_Muradova_-_2016.jpg",620,413,false],"thumbnail":["https:\/\/arantv.az\/wp-content\/uploads\/2019\/02\/Bahar_Muradova_-_2016-150x150.jpg",150,150,true],"medium":["https:\/\/arantv.az\/wp-content\/uploads\/2019\/02\/Bahar_Muradova_-_2016-300x200.jpg",300,200,true],"large":["https:\/\/arantv.az\/wp-content\/uploads\/2019\/02\/Bahar_Muradova_-_2016.jpg",620,413,false],"1536x1536":["https:\/\/arantv.az\/wp-content\/uploads\/2019\/02\/Bahar_Muradova_-_2016.jpg",620,413,false],"2048x2048":["https:\/\/arantv.az\/wp-content\/uploads\/2019\/02\/Bahar_Muradova_-_2016.jpg",620,413,false],"post-thumbnail":["https:\/\/arantv.az\/wp-content\/uploads\/2019\/02\/Bahar_Muradova_-_2016-240x172.jpg",240,172,true],"advps-thumb-one":["https:\/\/arantv.az\/wp-content\/uploads\/2019\/02\/Bahar_Muradova_-_2016.jpg",620,413,false]},"rttpg_author":{"display_name":"V\u00fcsal Rafiqo\u011flu","author_link":"https:\/\/arantv.az\/?author=2"},"rttpg_comment":0,"rttpg_category":"<a href=\"https:\/\/arantv.az\/?cat=4\" rel=\"category\">Siyas\u0259t<\/a>","rttpg_excerpt":"\u00d6t\u0259n ilin sonundan v\u0259 bu ilin \u0259vv\u0259lind\u0259n Da\u011fl\u0131q Qaraba\u011f m\u0259s\u0259l\u0259si il\u0259 ba\u011fl\u0131 dan\u0131\u015f\u0131qlar prosesind\u0259 m\u00fc\u0259yy\u0259n h\u0259r\u0259k\u0259tl\u0259nm\u0259 m\u00fc\u015fahid\u0259 olunmaqdad\u0131r. H\u0259m beyn\u0259lxalq t\u0259\u015fkilatlar\u0131n vasit\u0259\u00e7il\u0259rinin, h\u0259m ayr\u0131-ayr\u0131 \u00f6lk\u0259l\u0259rin, h\u0259m d\u0259 Erm\u0259nistan v\u0259 Az\u0259rbaycan prezidentl\u0259rinin b\u0259yanatlar\u0131nda \u0259ksini tapan m\u0259qamlar m\u00fc\u0259yy\u0259n q\u0259d\u0259r \u00fcmidl\u0259nm\u0259y\u0259 imkan verir. ARANTV.AZ\u00a0m\u0259lumat verir ki, bunu Milli M\u0259clisin fevral\u0131n 12-d\u0259 ke\u00e7iril\u0259n plenar iclas\u0131nda parlament s\u0259drinin m\u00fcavini Bahar&hellip;","_links":{"self":[{"href":"https:\/\/arantv.az\/index.php?rest_route=\/wp\/v2\/posts\/38017"}],"collection":[{"href":"https:\/\/arantv.az\/index.php?rest_route=\/wp\/v2\/posts"}],"about":[{"href":"https:\/\/arantv.az\/index.php?rest_route=\/wp\/v2\/types\/post"}],"author":[{"embeddable":true,"href":"https:\/\/arantv.az\/index.php?rest_route=\/wp\/v2\/users\/2"}],"replies":[{"embeddable":true,"href":"https:\/\/arantv.az\/index.php?rest_route=%2Fwp%2Fv2%2Fcomments&post=38017"}],"version-history":[{"count":0,"href":"https:\/\/arantv.az\/index.php?rest_route=\/wp\/v2\/posts\/38017\/revisions"}],"wp:featuredmedia":[{"embeddable":true,"href":"https:\/\/arantv.az\/index.php?rest_route=\/wp\/v2\/media\/38018"}],"wp:attachment":[{"href":"https:\/\/arantv.az\/index.php?rest_route=%2Fwp%2Fv2%2Fmedia&parent=38017"}],"wp:term":[{"taxonomy":"category","embeddable":true,"href":"https:\/\/arantv.az\/index.php?rest_route=%2Fwp%2Fv2%2Fcategories&post=38017"},{"taxonomy":"post_tag","embeddable":true,"href":"https:\/\/arantv.az\/index.php?rest_route=%2Fwp%2Fv2%2Ftags&post=38017"}],"curies":[{"name":"wp","href":"https:\/\/api.w.org\/{rel}","templated":true}]}}