{"id":38029,"date":"2019-02-12T14:47:22","date_gmt":"2019-02-12T11:47:22","guid":{"rendered":"http:\/\/arantv.az\/?p=38029"},"modified":"2019-02-12T14:47:22","modified_gmt":"2019-02-12T11:47:22","slug":"az%c9%99rbaycan-dovl%c9%99t-himnin%c9%99-dair-yeni-t%c9%99l%c9%99bl%c9%99r-mu%c9%99yy%c9%99n-edildi","status":"publish","type":"post","link":"https:\/\/arantv.az\/?p=38029","title":{"rendered":"Az\u0259rbaycan D\u00f6vl\u0259t Himnin\u0259 dair yeni t\u0259l\u0259bl\u0259r m\u00fc\u0259yy\u0259n edildi"},"content":{"rendered":"<p><strong>Az\u0259rbaycan D\u00f6vl\u0259t Himnin\u0259 dair yeni t\u0259l\u0259bl\u0259r m\u00fc\u0259yy\u0259n edilib.<\/strong><\/p>\n<p><strong>ARANTV.AZ<\/strong> trend-\u0259 istinad\u0259n bildirir ki,\u00a0bu bar\u0259d\u0259 m\u0259s\u0259l\u0259 Milli M\u0259clisin bu g\u00fcn ke\u00e7iril\u0259n iclas\u0131nda m\u00fczakir\u0259y\u0259 \u00e7\u0131xar\u0131lan yeni haz\u0131rlanm\u0131\u015f &#8220;Az\u0259rbaycan Respublikas\u0131n\u0131n D\u00f6vl\u0259t Himni haqq\u0131nda&#8221; qanun layih\u0259sin\u0259 \u00f6z \u0259ksini tap\u0131b.<\/p>\n<p>9 madd\u0259d\u0259n ibar\u0259t olan yeni qanun layih\u0259si Az\u0259rbaycan D\u00f6vl\u0259t Himninin ifa edilm\u0259si, oxunmas\u0131 v\u0259 dinl\u0259nilm\u0259si qaydalar\u0131n\u0131 m\u00fc\u0259yy\u0259n edir.<\/p>\n<p>Qanun layih\u0259sind\u0259 m\u00fc\u0259yy\u0259n olunan t\u0259l\u0259bl\u0259r\u0259 \u0259sas\u0259n, Az\u0259rbaycan v\u0259t\u0259nda\u015flar\u0131 Az\u0259rbaycan Respublikas\u0131 D\u00f6vl\u0259t Himni ifa edil\u0259n zaman himnin m\u0259tnin\u0259 uy\u011fun ayaq \u00fcst\u0259 v\u0259 sona q\u0259d\u0259r oxumal\u0131d\u0131rlar (v\u0259 ya Az\u0259rbaycan Respublikas\u0131n\u0131n D\u00f6vl\u0259t Himnini ayaq \u00fcst\u0259 v\u0259 sona q\u0259d\u0259r dinl\u0259m\u0259lidirl\u0259r).<\/p>\n<p>Az\u0259rbaycan D\u00f6vl\u0259t Himni ifa edil\u0259n zaman Az\u0259rbaycan D\u00f6vl\u0259t bayra\u011f\u0131 qald\u0131r\u0131larsa (as\u0131larsa) Az\u0259rbaycan Respublikas\u0131n\u0131n v\u0259t\u0259nda\u015flar\u0131 Az\u0259rbaycan D\u00f6vl\u0259t bayra\u011f\u0131na t\u0259r\u0259f baxmal\u0131d\u0131rlar.<\/p>\n<p>Az\u0259rbaycan \u0259razisind\u0259 olan \u0259cn\u0259bil\u0259r v\u0259 ya v\u0259t\u0259nda\u015fl\u0131\u011f\u0131 olmayan \u015f\u0259xsl\u0259r Az\u0259rbaycan D\u00f6vl\u0259t Himni ifa edil\u0259n zaman onu ayaq \u00fcst\u0259 v\u0259 sona q\u0259d\u0259r dinl\u0259m\u0259lidirl\u0259r.<\/p>\n<p>Xarici d\u00f6vl\u0259tin \u0259razisind\u0259 ke\u00e7iril\u0259n t\u0259nt\u0259n\u0259li t\u0259dbirl\u0259r zaman\u0131 Az\u0259rbaycan Respublikas\u0131n\u0131n D\u00f6vl\u0259t Himninin ifa edilm\u0259si qaydas\u0131 m\u00fcvafiq icra hakimiyy\u0259ti orqan\u0131 t\u0259r\u0259find\u0259n m\u00fc\u0259yy\u0259n edilir.<\/p>\n<p>Az\u0259rbaycan Respublikas\u0131n\u0131n D\u00f6vl\u0259t Himnin\u0259 dair m\u0259hdudiyy\u0259tl\u0259r\u0259 \u0259sas\u0259n, himnin musiqisi musiqi \u0259s\u0259rl\u0259rind\u0259 istifad\u0259 edil\u0259 bilm\u0259z.<\/p>\n<p>M\u00fczakir\u0259l\u0259rd\u0259n sonra qanun layih\u0259si s\u0259sverm\u0259y\u0259 \u00e7\u0131xar\u0131laraq q\u0259bul edildi.<\/p>\n","protected":false},"excerpt":{"rendered":"<p>Az\u0259rbaycan D\u00f6vl\u0259t Himnin\u0259 dair yeni t\u0259l\u0259bl\u0259r m\u00fc\u0259yy\u0259n edilib. ARANTV.AZ trend-\u0259 istinad\u0259n bildirir ki,\u00a0bu bar\u0259d\u0259 m\u0259s\u0259l\u0259 Milli M\u0259clisin bu g\u00fcn ke\u00e7iril\u0259n iclas\u0131nda m\u00fczakir\u0259y\u0259 \u00e7\u0131xar\u0131lan yeni haz\u0131rlanm\u0131\u015f &#8220;Az\u0259rbaycan Respublikas\u0131n\u0131n D\u00f6vl\u0259t Himni haqq\u0131nda&#8221; qanun layih\u0259sin\u0259 \u00f6z \u0259ksini tap\u0131b. 9 madd\u0259d\u0259n ibar\u0259t olan yeni qanun layih\u0259si Az\u0259rbaycan D\u00f6vl\u0259t Himninin ifa edilm\u0259si, oxunmas\u0131 v\u0259 dinl\u0259nilm\u0259si qaydalar\u0131n\u0131 m\u00fc\u0259yy\u0259n edir. Qanun layih\u0259sind\u0259 m\u00fc\u0259yy\u0259n olunan t\u0259l\u0259bl\u0259r\u0259 \u0259sas\u0259n, Az\u0259rbaycan v\u0259t\u0259nda\u015flar\u0131 Az\u0259rbaycan Respublikas\u0131 D\u00f6vl\u0259t Himni ifa edil\u0259n zaman himnin m\u0259tnin\u0259 uy\u011fun ayaq \u00fcst\u0259 v\u0259 sona q\u0259d\u0259r oxumal\u0131d\u0131rlar (v\u0259 ya Az\u0259rbaycan Respublikas\u0131n\u0131n D\u00f6vl\u0259t Himnini ayaq \u00fcst\u0259 v\u0259 sona q\u0259d\u0259r dinl\u0259m\u0259lidirl\u0259r). Az\u0259rbaycan&hellip;<\/p>\n","protected":false},"author":2,"featured_media":38030,"comment_status":"closed","ping_status":"closed","sticky":false,"template":"","format":"standard","meta":{"om_disable_all_campaigns":false,"_monsterinsights_skip_tracking":false,"_monsterinsights_sitenote_active":false,"_monsterinsights_sitenote_note":"","_monsterinsights_sitenote_category":0},"categories":[4],"tags":[],"aioseo_notices":[],"gutentor_comment":0,"rttpg_featured_image_url":{"full":["https:\/\/arantv.az\/wp-content\/uploads\/2019\/02\/729912.jpg",800,600,false],"landscape":["https:\/\/arantv.az\/wp-content\/uploads\/2019\/02\/729912.jpg",800,600,false],"portraits":["https:\/\/arantv.az\/wp-content\/uploads\/2019\/02\/729912.jpg",800,600,false],"thumbnail":["https:\/\/arantv.az\/wp-content\/uploads\/2019\/02\/729912-150x150.jpg",150,150,true],"medium":["https:\/\/arantv.az\/wp-content\/uploads\/2019\/02\/729912-300x225.jpg",300,225,true],"large":["https:\/\/arantv.az\/wp-content\/uploads\/2019\/02\/729912.jpg",640,480,false],"1536x1536":["https:\/\/arantv.az\/wp-content\/uploads\/2019\/02\/729912.jpg",800,600,false],"2048x2048":["https:\/\/arantv.az\/wp-content\/uploads\/2019\/02\/729912.jpg",800,600,false],"post-thumbnail":["https:\/\/arantv.az\/wp-content\/uploads\/2019\/02\/729912-240x172.jpg",240,172,true],"advps-thumb-one":["https:\/\/arantv.az\/wp-content\/uploads\/2019\/02\/729912.jpg",800,600,false]},"rttpg_author":{"display_name":"V\u00fcsal Rafiqo\u011flu","author_link":"https:\/\/arantv.az\/?author=2"},"rttpg_comment":0,"rttpg_category":"<a href=\"https:\/\/arantv.az\/?cat=4\" rel=\"category\">Siyas\u0259t<\/a>","rttpg_excerpt":"Az\u0259rbaycan D\u00f6vl\u0259t Himnin\u0259 dair yeni t\u0259l\u0259bl\u0259r m\u00fc\u0259yy\u0259n edilib. ARANTV.AZ trend-\u0259 istinad\u0259n bildirir ki,\u00a0bu bar\u0259d\u0259 m\u0259s\u0259l\u0259 Milli M\u0259clisin bu g\u00fcn ke\u00e7iril\u0259n iclas\u0131nda m\u00fczakir\u0259y\u0259 \u00e7\u0131xar\u0131lan yeni haz\u0131rlanm\u0131\u015f &#8220;Az\u0259rbaycan Respublikas\u0131n\u0131n D\u00f6vl\u0259t Himni haqq\u0131nda&#8221; qanun layih\u0259sin\u0259 \u00f6z \u0259ksini tap\u0131b. 9 madd\u0259d\u0259n ibar\u0259t olan yeni qanun layih\u0259si Az\u0259rbaycan D\u00f6vl\u0259t Himninin ifa edilm\u0259si, oxunmas\u0131 v\u0259 dinl\u0259nilm\u0259si qaydalar\u0131n\u0131 m\u00fc\u0259yy\u0259n edir. Qanun layih\u0259sind\u0259&hellip;","_links":{"self":[{"href":"https:\/\/arantv.az\/index.php?rest_route=\/wp\/v2\/posts\/38029"}],"collection":[{"href":"https:\/\/arantv.az\/index.php?rest_route=\/wp\/v2\/posts"}],"about":[{"href":"https:\/\/arantv.az\/index.php?rest_route=\/wp\/v2\/types\/post"}],"author":[{"embeddable":true,"href":"https:\/\/arantv.az\/index.php?rest_route=\/wp\/v2\/users\/2"}],"replies":[{"embeddable":true,"href":"https:\/\/arantv.az\/index.php?rest_route=%2Fwp%2Fv2%2Fcomments&post=38029"}],"version-history":[{"count":0,"href":"https:\/\/arantv.az\/index.php?rest_route=\/wp\/v2\/posts\/38029\/revisions"}],"wp:featuredmedia":[{"embeddable":true,"href":"https:\/\/arantv.az\/index.php?rest_route=\/wp\/v2\/media\/38030"}],"wp:attachment":[{"href":"https:\/\/arantv.az\/index.php?rest_route=%2Fwp%2Fv2%2Fmedia&parent=38029"}],"wp:term":[{"taxonomy":"category","embeddable":true,"href":"https:\/\/arantv.az\/index.php?rest_route=%2Fwp%2Fv2%2Fcategories&post=38029"},{"taxonomy":"post_tag","embeddable":true,"href":"https:\/\/arantv.az\/index.php?rest_route=%2Fwp%2Fv2%2Ftags&post=38029"}],"curies":[{"name":"wp","href":"https:\/\/api.w.org\/{rel}","templated":true}]}}