{"id":38032,"date":"2019-02-12T14:48:13","date_gmt":"2019-02-12T11:48:13","guid":{"rendered":"http:\/\/arantv.az\/?p=38032"},"modified":"2019-02-12T14:48:13","modified_gmt":"2019-02-12T11:48:13","slug":"kitab-v%c9%99-jurnallarin-uz%c9%99rind%c9%99n-%c9%99lav%c9%99-d%c9%99y%c9%99r-vergisinin-goturulm%c9%99si-t%c9%99klif-edilir","status":"publish","type":"post","link":"https:\/\/arantv.az\/?p=38032","title":{"rendered":"Kitab v\u0259 jurnallar\u0131n \u00fcz\u0259rind\u0259n \u0259lav\u0259 d\u0259y\u0259r vergisinin g\u00f6t\u00fcr\u00fclm\u0259si t\u0259klif edilir"},"content":{"rendered":"<p><strong>Az\u0259rbaycanda \u00e7ap m\u0259hsullar\u0131n\u0131n, kitab v\u0259 jurnallar\u0131n \u00fcz\u0259rind\u0259n \u0259lav\u0259 d\u0259y\u0259r vergisinin g\u00f6t\u00fcr\u00fclm\u0259si t\u0259klif edilir.<\/strong><\/p>\n<p><strong>ARANTV.AZ<\/strong> trend-\u0259 istinad\u0259n bildirir ki,\u00a0bu t\u0259klifl\u0259 Milli Milli M\u0259clisin bu g\u00fcn ke\u00e7iril\u0259n plenar iclas\u0131nda deputat, M\u0259tbuat \u015euras\u0131n\u0131n s\u0259dri\u00a0<strong>\u018fflatun Ama\u015fov\u00a0<\/strong>\u00e7\u0131x\u0131\u015f edib.<\/p>\n<p>O qeyd edib ki, Az\u0259rbaycanda kitablar\u0131n, \u0259sas\u0259n d\u0259 k\u0259nardan g\u0259tiril\u0259nl\u0259rin qiym\u0259ti \u00e7ox bahad\u0131r:<\/p>\n<p>&#8220;M\u0259lumatlara g\u00f6r\u0259, haz\u0131rda \u00f6lk\u0259y\u0259 il \u0259rzind\u0259 200 min\u0259 yax\u0131n kitab g\u0259tirilir. Qiym\u0259tl\u0259r\u0259 g\u0259ldikd\u0259 is\u0259 kitab Az\u0259rbaycana g\u0259tiril\u0259rk\u0259n 7 faiz g\u00f6mr\u00fck, 18 faiz \u0259lav\u0259 d\u0259y\u0259r vergisi tutulur. H\u0259m\u00e7inin sat\u0131\u015f zaman\u0131 g\u0259lir \u0259ld\u0259 etm\u0259k \u00fc\u00e7\u00fcn t\u0259qrib\u0259n 20 faiz d\u0259 \u0259lav\u0259 olunur. Bundan ba\u015fqa sat\u0131\u015f m\u0259rk\u0259zl\u0259ri m\u00fcvafiq d\u00f6vl\u0259t qurumlar\u0131na hesabat ver\u0259rk\u0259n yenid\u0259n 18 faiz vergi \u00f6d\u0259m\u0259li olurlar. Bunlar \u00fcmumilikd\u0259 63 faiz edir. Bundan sonra t\u0259s\u0259vv\u00fcr edin ki, oxucu kitab\u0131 \u0259ld\u0259 etm\u0259k \u00fc\u00e7\u00fcn n\u0259 q\u0259d\u0259r pul x\u0259rcl\u0259m\u0259lidir&#8221;.<\/p>\n<p>\u018f.Ama\u015fov vur\u011fulay\u0131b ki, b\u0259zi \u00f6lk\u0259l\u0259rd\u0259 \u00e7ap m\u0259hsullar\u0131 b\u00fct\u00fcn n\u00f6v vergil\u0259rd\u0259n azadd\u0131r: &#8220;B\u00fct\u00fcn \u00e7ap m\u0259hsullar\u0131, kitab v\u0259 jurnallar\u0131n \u00fcz\u0259rind\u0259n \u0259lav\u0259 d\u0259y\u0259r vergisini g\u00f6t\u00fcr\u0259k&#8221;.<\/p>\n","protected":false},"excerpt":{"rendered":"<p>Az\u0259rbaycanda \u00e7ap m\u0259hsullar\u0131n\u0131n, kitab v\u0259 jurnallar\u0131n \u00fcz\u0259rind\u0259n \u0259lav\u0259 d\u0259y\u0259r vergisinin g\u00f6t\u00fcr\u00fclm\u0259si t\u0259klif edilir. ARANTV.AZ trend-\u0259 istinad\u0259n bildirir ki,\u00a0bu t\u0259klifl\u0259 Milli Milli M\u0259clisin bu g\u00fcn ke\u00e7iril\u0259n plenar iclas\u0131nda deputat, M\u0259tbuat \u015euras\u0131n\u0131n s\u0259dri\u00a0\u018fflatun Ama\u015fov\u00a0\u00e7\u0131x\u0131\u015f edib. O qeyd edib ki, Az\u0259rbaycanda kitablar\u0131n, \u0259sas\u0259n d\u0259 k\u0259nardan g\u0259tiril\u0259nl\u0259rin qiym\u0259ti \u00e7ox bahad\u0131r: &#8220;M\u0259lumatlara g\u00f6r\u0259, haz\u0131rda \u00f6lk\u0259y\u0259 il \u0259rzind\u0259 200 min\u0259 yax\u0131n kitab g\u0259tirilir. Qiym\u0259tl\u0259r\u0259 g\u0259ldikd\u0259 is\u0259 kitab Az\u0259rbaycana g\u0259tiril\u0259rk\u0259n 7 faiz g\u00f6mr\u00fck, 18 faiz \u0259lav\u0259 d\u0259y\u0259r vergisi tutulur. H\u0259m\u00e7inin sat\u0131\u015f zaman\u0131 g\u0259lir \u0259ld\u0259 etm\u0259k \u00fc\u00e7\u00fcn t\u0259qrib\u0259n 20 faiz d\u0259 \u0259lav\u0259 olunur. Bundan ba\u015fqa sat\u0131\u015f m\u0259rk\u0259zl\u0259ri m\u00fcvafiq&hellip;<\/p>\n","protected":false},"author":2,"featured_media":38033,"comment_status":"closed","ping_status":"closed","sticky":false,"template":"","format":"standard","meta":{"om_disable_all_campaigns":false,"_monsterinsights_skip_tracking":false,"_monsterinsights_sitenote_active":false,"_monsterinsights_sitenote_note":"","_monsterinsights_sitenote_category":0},"categories":[1],"tags":[],"aioseo_notices":[],"gutentor_comment":0,"rttpg_featured_image_url":{"full":["https:\/\/arantv.az\/wp-content\/uploads\/2019\/02\/kitab_0258.jpg",800,600,false],"landscape":["https:\/\/arantv.az\/wp-content\/uploads\/2019\/02\/kitab_0258.jpg",800,600,false],"portraits":["https:\/\/arantv.az\/wp-content\/uploads\/2019\/02\/kitab_0258.jpg",800,600,false],"thumbnail":["https:\/\/arantv.az\/wp-content\/uploads\/2019\/02\/kitab_0258-150x150.jpg",150,150,true],"medium":["https:\/\/arantv.az\/wp-content\/uploads\/2019\/02\/kitab_0258-300x225.jpg",300,225,true],"large":["https:\/\/arantv.az\/wp-content\/uploads\/2019\/02\/kitab_0258.jpg",640,480,false],"1536x1536":["https:\/\/arantv.az\/wp-content\/uploads\/2019\/02\/kitab_0258.jpg",800,600,false],"2048x2048":["https:\/\/arantv.az\/wp-content\/uploads\/2019\/02\/kitab_0258.jpg",800,600,false],"post-thumbnail":["https:\/\/arantv.az\/wp-content\/uploads\/2019\/02\/kitab_0258-240x172.jpg",240,172,true],"advps-thumb-one":["https:\/\/arantv.az\/wp-content\/uploads\/2019\/02\/kitab_0258.jpg",800,600,false]},"rttpg_author":{"display_name":"V\u00fcsal Rafiqo\u011flu","author_link":"https:\/\/arantv.az\/?author=2"},"rttpg_comment":0,"rttpg_category":"<a href=\"https:\/\/arantv.az\/?cat=1\" rel=\"category\">C\u0259miyy\u0259t<\/a>","rttpg_excerpt":"Az\u0259rbaycanda \u00e7ap m\u0259hsullar\u0131n\u0131n, kitab v\u0259 jurnallar\u0131n \u00fcz\u0259rind\u0259n \u0259lav\u0259 d\u0259y\u0259r vergisinin g\u00f6t\u00fcr\u00fclm\u0259si t\u0259klif edilir. ARANTV.AZ trend-\u0259 istinad\u0259n bildirir ki,\u00a0bu t\u0259klifl\u0259 Milli Milli M\u0259clisin bu g\u00fcn ke\u00e7iril\u0259n plenar iclas\u0131nda deputat, M\u0259tbuat \u015euras\u0131n\u0131n s\u0259dri\u00a0\u018fflatun Ama\u015fov\u00a0\u00e7\u0131x\u0131\u015f edib. O qeyd edib ki, Az\u0259rbaycanda kitablar\u0131n, \u0259sas\u0259n d\u0259 k\u0259nardan g\u0259tiril\u0259nl\u0259rin qiym\u0259ti \u00e7ox bahad\u0131r: &#8220;M\u0259lumatlara g\u00f6r\u0259, haz\u0131rda \u00f6lk\u0259y\u0259 il \u0259rzind\u0259 200 min\u0259 yax\u0131n&hellip;","_links":{"self":[{"href":"https:\/\/arantv.az\/index.php?rest_route=\/wp\/v2\/posts\/38032"}],"collection":[{"href":"https:\/\/arantv.az\/index.php?rest_route=\/wp\/v2\/posts"}],"about":[{"href":"https:\/\/arantv.az\/index.php?rest_route=\/wp\/v2\/types\/post"}],"author":[{"embeddable":true,"href":"https:\/\/arantv.az\/index.php?rest_route=\/wp\/v2\/users\/2"}],"replies":[{"embeddable":true,"href":"https:\/\/arantv.az\/index.php?rest_route=%2Fwp%2Fv2%2Fcomments&post=38032"}],"version-history":[{"count":0,"href":"https:\/\/arantv.az\/index.php?rest_route=\/wp\/v2\/posts\/38032\/revisions"}],"wp:featuredmedia":[{"embeddable":true,"href":"https:\/\/arantv.az\/index.php?rest_route=\/wp\/v2\/media\/38033"}],"wp:attachment":[{"href":"https:\/\/arantv.az\/index.php?rest_route=%2Fwp%2Fv2%2Fmedia&parent=38032"}],"wp:term":[{"taxonomy":"category","embeddable":true,"href":"https:\/\/arantv.az\/index.php?rest_route=%2Fwp%2Fv2%2Fcategories&post=38032"},{"taxonomy":"post_tag","embeddable":true,"href":"https:\/\/arantv.az\/index.php?rest_route=%2Fwp%2Fv2%2Ftags&post=38032"}],"curies":[{"name":"wp","href":"https:\/\/api.w.org\/{rel}","templated":true}]}}