{"id":38041,"date":"2019-02-12T15:00:59","date_gmt":"2019-02-12T12:00:59","guid":{"rendered":"http:\/\/arantv.az\/?p=38041"},"modified":"2019-02-12T15:00:59","modified_gmt":"2019-02-12T12:00:59","slug":"h%c9%99r-s%c9%99h%c9%99r-orta-m%c9%99kt%c9%99bl%c9%99rd%c9%99-dovl%c9%99t-himni-s%c9%99sl%c9%99ndirilsin-deputatdan-t%c9%99klif","status":"publish","type":"post","link":"https:\/\/arantv.az\/?p=38041","title":{"rendered":"&#8220;H\u0259r s\u0259h\u0259r orta m\u0259kt\u0259bl\u0259rd\u0259 d\u00f6vl\u0259t himni s\u0259sl\u0259ndirilsin&#8221; \u2014 Deputatdan t\u0259klif"},"content":{"rendered":"<div class=\"spot\">Az\u0259rbaycanda orta m\u0259kt\u0259bl\u0259rd\u0259 h\u0259r s\u0259h\u0259r d\u0259rsl\u0259r d\u00f6vl\u0259t himinin s\u0259sl\u0259ndirilm\u0259si il\u0259 ba\u015flans\u0131n.<\/div>\n<p><strong>ARANTV.AZ<\/strong> x\u0259b\u0259r verir ki, bu t\u0259klifl\u0259 Milli M\u0259clisin deputat\u0131 Sahib Al\u0131yev parlamentin bu g\u00fcn ke\u00e7iril\u0259n plenar iclas\u0131nda &#8220;Az\u0259rbaycan Respublikas\u0131n\u0131n D\u00f6vl\u0259t Himninin istifad\u0259si qaydalar\u0131 haqq\u0131nda&#8221; yeni haz\u0131rlanm\u0131\u015f qanun layih\u0259sinin m\u00fczakir\u0259si zaman\u0131 deyib. O qeyd edib ki, d\u00fcnyan\u0131n bir s\u0131ra d\u00f6vl\u0259tl\u0259rind\u0259 bel\u0259dir:<\/p>\n<p>\u201cHesab edir\u0259m ki, t\u0259bli\u011fat bax\u0131m\u0131ndan bu m\u0259s\u0259l\u0259nin b\u00f6y\u00fck rolu var. H\u0259tta d\u00f6vl\u0259t himnin xor v\u0259 ya t\u0259k oxunmas\u0131 il\u0259 ba\u011fl\u0131 orta m\u0259kt\u0259bl\u0259rd\u0259 m\u00fcsabiq\u0259l\u0259r d\u0259 ke\u00e7irm\u0259k olar. B\u00fct\u00fcn bunlar himnimizin t\u0259bli\u011f edilm\u0259sin\u0259 m\u00fch\u00fcm rol oynaya bil\u0259r\u201d.<\/p>\n<div id=\"AdributorNativeVideo0\" class=\"AdributorNativeVideo\"><\/div>\n<p><em><br \/>\n\u00d6lk\u0259.Az<\/em><\/p>\n","protected":false},"excerpt":{"rendered":"<p>Az\u0259rbaycanda orta m\u0259kt\u0259bl\u0259rd\u0259 h\u0259r s\u0259h\u0259r d\u0259rsl\u0259r d\u00f6vl\u0259t himinin s\u0259sl\u0259ndirilm\u0259si il\u0259 ba\u015flans\u0131n. ARANTV.AZ x\u0259b\u0259r verir ki, bu t\u0259klifl\u0259 Milli M\u0259clisin deputat\u0131 Sahib Al\u0131yev parlamentin bu g\u00fcn ke\u00e7iril\u0259n plenar iclas\u0131nda &#8220;Az\u0259rbaycan Respublikas\u0131n\u0131n D\u00f6vl\u0259t Himninin istifad\u0259si qaydalar\u0131 haqq\u0131nda&#8221; yeni haz\u0131rlanm\u0131\u015f qanun layih\u0259sinin m\u00fczakir\u0259si zaman\u0131 deyib. O qeyd edib ki, d\u00fcnyan\u0131n bir s\u0131ra d\u00f6vl\u0259tl\u0259rind\u0259 bel\u0259dir: \u201cHesab edir\u0259m ki, t\u0259bli\u011fat bax\u0131m\u0131ndan bu m\u0259s\u0259l\u0259nin b\u00f6y\u00fck rolu var. H\u0259tta d\u00f6vl\u0259t himnin xor v\u0259 ya t\u0259k oxunmas\u0131 il\u0259 ba\u011fl\u0131 orta m\u0259kt\u0259bl\u0259rd\u0259 m\u00fcsabiq\u0259l\u0259r d\u0259 ke\u00e7irm\u0259k olar. B\u00fct\u00fcn bunlar himnimizin t\u0259bli\u011f edilm\u0259sin\u0259 m\u00fch\u00fcm rol oynaya bil\u0259r\u201d. \u00d6lk\u0259.Az<\/p>\n","protected":false},"author":2,"featured_media":38042,"comment_status":"closed","ping_status":"closed","sticky":false,"template":"","format":"standard","meta":{"om_disable_all_campaigns":false,"_monsterinsights_skip_tracking":false,"_monsterinsights_sitenote_active":false,"_monsterinsights_sitenote_note":"","_monsterinsights_sitenote_category":0},"categories":[4],"tags":[],"aioseo_notices":[],"gutentor_comment":0,"rttpg_featured_image_url":{"full":["https:\/\/arantv.az\/wp-content\/uploads\/2019\/02\/sahibeliyev.jpg",620,375,false],"landscape":["https:\/\/arantv.az\/wp-content\/uploads\/2019\/02\/sahibeliyev.jpg",620,375,false],"portraits":["https:\/\/arantv.az\/wp-content\/uploads\/2019\/02\/sahibeliyev.jpg",620,375,false],"thumbnail":["https:\/\/arantv.az\/wp-content\/uploads\/2019\/02\/sahibeliyev-150x150.jpg",150,150,true],"medium":["https:\/\/arantv.az\/wp-content\/uploads\/2019\/02\/sahibeliyev-300x181.jpg",300,181,true],"large":["https:\/\/arantv.az\/wp-content\/uploads\/2019\/02\/sahibeliyev.jpg",620,375,false],"1536x1536":["https:\/\/arantv.az\/wp-content\/uploads\/2019\/02\/sahibeliyev.jpg",620,375,false],"2048x2048":["https:\/\/arantv.az\/wp-content\/uploads\/2019\/02\/sahibeliyev.jpg",620,375,false],"post-thumbnail":["https:\/\/arantv.az\/wp-content\/uploads\/2019\/02\/sahibeliyev-240x172.jpg",240,172,true],"advps-thumb-one":["https:\/\/arantv.az\/wp-content\/uploads\/2019\/02\/sahibeliyev.jpg",620,375,false]},"rttpg_author":{"display_name":"V\u00fcsal Rafiqo\u011flu","author_link":"https:\/\/arantv.az\/?author=2"},"rttpg_comment":0,"rttpg_category":"<a href=\"https:\/\/arantv.az\/?cat=4\" rel=\"category\">Siyas\u0259t<\/a>","rttpg_excerpt":"Az\u0259rbaycanda orta m\u0259kt\u0259bl\u0259rd\u0259 h\u0259r s\u0259h\u0259r d\u0259rsl\u0259r d\u00f6vl\u0259t himinin s\u0259sl\u0259ndirilm\u0259si il\u0259 ba\u015flans\u0131n. ARANTV.AZ x\u0259b\u0259r verir ki, bu t\u0259klifl\u0259 Milli M\u0259clisin deputat\u0131 Sahib Al\u0131yev parlamentin bu g\u00fcn ke\u00e7iril\u0259n plenar iclas\u0131nda &#8220;Az\u0259rbaycan Respublikas\u0131n\u0131n D\u00f6vl\u0259t Himninin istifad\u0259si qaydalar\u0131 haqq\u0131nda&#8221; yeni haz\u0131rlanm\u0131\u015f qanun layih\u0259sinin m\u00fczakir\u0259si zaman\u0131 deyib. O qeyd edib ki, d\u00fcnyan\u0131n bir s\u0131ra d\u00f6vl\u0259tl\u0259rind\u0259 bel\u0259dir: \u201cHesab edir\u0259m ki, t\u0259bli\u011fat&hellip;","_links":{"self":[{"href":"https:\/\/arantv.az\/index.php?rest_route=\/wp\/v2\/posts\/38041"}],"collection":[{"href":"https:\/\/arantv.az\/index.php?rest_route=\/wp\/v2\/posts"}],"about":[{"href":"https:\/\/arantv.az\/index.php?rest_route=\/wp\/v2\/types\/post"}],"author":[{"embeddable":true,"href":"https:\/\/arantv.az\/index.php?rest_route=\/wp\/v2\/users\/2"}],"replies":[{"embeddable":true,"href":"https:\/\/arantv.az\/index.php?rest_route=%2Fwp%2Fv2%2Fcomments&post=38041"}],"version-history":[{"count":0,"href":"https:\/\/arantv.az\/index.php?rest_route=\/wp\/v2\/posts\/38041\/revisions"}],"wp:featuredmedia":[{"embeddable":true,"href":"https:\/\/arantv.az\/index.php?rest_route=\/wp\/v2\/media\/38042"}],"wp:attachment":[{"href":"https:\/\/arantv.az\/index.php?rest_route=%2Fwp%2Fv2%2Fmedia&parent=38041"}],"wp:term":[{"taxonomy":"category","embeddable":true,"href":"https:\/\/arantv.az\/index.php?rest_route=%2Fwp%2Fv2%2Fcategories&post=38041"},{"taxonomy":"post_tag","embeddable":true,"href":"https:\/\/arantv.az\/index.php?rest_route=%2Fwp%2Fv2%2Ftags&post=38041"}],"curies":[{"name":"wp","href":"https:\/\/api.w.org\/{rel}","templated":true}]}}