{"id":38044,"date":"2019-02-12T15:06:31","date_gmt":"2019-02-12T12:06:31","guid":{"rendered":"http:\/\/arantv.az\/?p=38044"},"modified":"2019-02-12T15:06:31","modified_gmt":"2019-02-12T12:06:31","slug":"qubanin-alekseyevka-k%c9%99ndind%c9%99-yeni-m%c9%99kt%c9%99b-binasi-tikilir","status":"publish","type":"post","link":"https:\/\/arantv.az\/?p=38044","title":{"rendered":"Quban\u0131n Alekseyevka k\u0259ndind\u0259 yeni m\u0259kt\u0259b binas\u0131 tikilir"},"content":{"rendered":"<p><strong>ARANTV.AZ<\/strong> x\u0259b\u0259r verir ki, son ill\u0259rd\u0259 \u00f6lk\u0259 \u00fczr\u0259 3 min 200-d\u0259n \u00e7ox m\u0259kt\u0259b binas\u0131 tikil\u0259r\u0259k istifad\u0259y\u0259 verilib. Bununla da on minl\u0259rl\u0259 \u015fagirdin t\u0259hsil \u015f\u0259raiti m\u00fcasir standartlara uy\u011funla\u015fd\u0131r\u0131l\u0131b. Haz\u0131rda Quba rayonunun Alekseyevka k\u0259ndind\u0259 daha bir m\u0259kt\u0259b binas\u0131n\u0131n tikintisi davam edir. M\u0259kt\u0259b respublika prezidenti \u0130lham \u018fliyevin \u00f6t\u0259n ilin oktyabr ay\u0131nda Qubaya s\u0259f\u0259rind\u0259n sonra imzalad\u0131\u011f\u0131 s\u0259r\u0259ncama \u0259sas\u0259n in\u015fa edilir.<\/p>\n<p>Az\u0259rbaycan v\u0259 rus b\u00f6lm\u0259l\u0259ri \u00fczr\u0259 830 \u015fagirdin t\u0259hsil ald\u0131\u011f\u0131 Alekseyevka k\u0259nd orta m\u0259kt\u0259bi \u00f6t\u0259n \u0259srin 60-c\u0131 ill\u0259rind\u0259 tikilib. M\u00fcasir t\u0259l\u0259bl\u0259r\u0259 v\u0259 \u015fagirdl\u0259rin say\u0131na uy\u011fun olmad\u0131\u011f\u0131na g\u00f6r\u0259 d\u00f6vl\u0259t ba\u015f\u00e7\u0131s\u0131n\u0131n s\u0259r\u0259ncam\u0131na \u0259sas\u0259n yeni m\u0259kt\u0259b binas\u0131n\u0131n tikintisin\u0259 ba\u015flan\u0131l\u0131b.<\/p>\n<p>M\u0259kt\u0259bd\u0259 \u015fagirdl\u0259rin y\u00fcks\u0259k s\u0259viyy\u0259li t\u0259hsil almalar\u0131 \u00fc\u00e7\u00fcn m\u00fcasir standartlara uy\u011fun \u015f\u0259rait yarad\u0131lacaq. Yeni binada 40 sinif ota\u011f\u0131, 6 laboratoriya, idman v\u0259 akt zallar\u0131, yem\u0259kxana, 2 kompyuter ota\u011f\u0131 layih\u0259l\u0259ndirilib. M\u0259kt\u0259bd\u0259 m\u00fcasir istixana sistemi d\u0259 qurulacaq. Bunun \u00fc\u00e7\u00fcn h\u0259y\u0259td\u0259 qazanxana da tikil\u0259c\u0259k. M\u0259kt\u0259b yeni avadanl\u0131qla t\u0259chiz olunmaqla istifad\u0259y\u0259 veril\u0259c\u0259k. Bel\u0259likl\u0259, Qubada son ill\u0259rd\u0259 tikil\u0259n m\u0259kt\u0259b binalar\u0131n\u0131n say\u0131 70-\u0259 \u00e7atacaq. Bundan \u0259lav\u0259, \u00f6lk\u0259 ba\u015f\u00e7\u0131s\u0131n\u0131n q\u0259zal\u0131 v\u0259ziyy\u0259td\u0259 v\u0259 \u015fagird say\u0131 az olan m\u0259kt\u0259bl\u0259rin modul tipli m\u0259kt\u0259bl\u0259rl\u0259 \u0259v\u0259z edilm\u0259si il\u0259 ba\u011fl\u0131 verdiyi tap\u015f\u0131r\u0131\u011fa \u0259sas\u0259n son ill\u0259rd\u0259 Quba rayonunda 8 modul tipli m\u0259kt\u0259bin qura\u015fd\u0131rlmas\u0131na ba\u015flan\u0131l\u0131b. Onlardan 6-s\u0131 art\u0131q istifad\u0259y\u0259 verilib. Bel\u0259 m\u0259kt\u0259bl\u0259rd\u0259n biri d\u0259 \u00c7a\u011fac\u0131q k\u0259ndind\u0259dir.<\/p>\n<p>56 \u015fagird yerlik m\u0259kt\u0259b m\u00fcasir avadanl\u0131q v\u0259 m\u0259rk\u0259zl\u0259\u015fdirilmi\u015f istilik sistemi il\u0259\u00a0 t\u0259min edilib.<\/p>\n<p>Modul tipli m\u0259kt\u0259bl\u0259rin dig\u0259r \u00fcst\u00fcnl\u00fckl\u0259ri d\u0259 var: azm\u0259sr\u0259fli olmas\u0131 il\u0259 yana\u015f\u0131 q\u0131sa m\u00fcdd\u0259t \u0259rzind\u0259 ist\u0259nil\u0259n relyefd\u0259 qura\u015fd\u0131r\u0131la, asan da\u015f\u0131na, sinif otaqlar\u0131n\u0131n say\u0131n\u0131n \u015fagirdl\u0259rin say\u0131na uy\u011fun olaraq rahatl\u0131qla azald\u0131l\u0131b-art\u0131r\u0131la bil\u0259r. H\u0259m d\u0259 modul tipli m\u0259kt\u0259bl\u0259rin tikintisind\u0259 \u0259sas\u0259n yerli istehsal m\u0259hsullar\u0131ndan istifad\u0259 edilir. Haz\u0131rda Qubada daha iki modul tipli m\u0259kt\u0259b binas\u0131 qura\u015fd\u0131r\u0131l\u0131r.<\/p>\n","protected":false},"excerpt":{"rendered":"<p>ARANTV.AZ x\u0259b\u0259r verir ki, son ill\u0259rd\u0259 \u00f6lk\u0259 \u00fczr\u0259 3 min 200-d\u0259n \u00e7ox m\u0259kt\u0259b binas\u0131 tikil\u0259r\u0259k istifad\u0259y\u0259 verilib. Bununla da on minl\u0259rl\u0259 \u015fagirdin t\u0259hsil \u015f\u0259raiti m\u00fcasir standartlara uy\u011funla\u015fd\u0131r\u0131l\u0131b. Haz\u0131rda Quba rayonunun Alekseyevka k\u0259ndind\u0259 daha bir m\u0259kt\u0259b binas\u0131n\u0131n tikintisi davam edir. M\u0259kt\u0259b respublika prezidenti \u0130lham \u018fliyevin \u00f6t\u0259n ilin oktyabr ay\u0131nda Qubaya s\u0259f\u0259rind\u0259n sonra imzalad\u0131\u011f\u0131 s\u0259r\u0259ncama \u0259sas\u0259n in\u015fa edilir. Az\u0259rbaycan v\u0259 rus b\u00f6lm\u0259l\u0259ri \u00fczr\u0259 830 \u015fagirdin t\u0259hsil ald\u0131\u011f\u0131 Alekseyevka k\u0259nd orta m\u0259kt\u0259bi \u00f6t\u0259n \u0259srin 60-c\u0131 ill\u0259rind\u0259 tikilib. M\u00fcasir t\u0259l\u0259bl\u0259r\u0259 v\u0259 \u015fagirdl\u0259rin say\u0131na uy\u011fun olmad\u0131\u011f\u0131na g\u00f6r\u0259 d\u00f6vl\u0259t ba\u015f\u00e7\u0131s\u0131n\u0131n s\u0259r\u0259ncam\u0131na \u0259sas\u0259n yeni m\u0259kt\u0259b binas\u0131n\u0131n tikintisin\u0259&hellip;<\/p>\n","protected":false},"author":2,"featured_media":38045,"comment_status":"closed","ping_status":"closed","sticky":false,"template":"","format":"standard","meta":{"om_disable_all_campaigns":false,"_monsterinsights_skip_tracking":false,"_monsterinsights_sitenote_active":false,"_monsterinsights_sitenote_note":"","_monsterinsights_sitenote_category":0},"categories":[2],"tags":[],"aioseo_notices":[],"gutentor_comment":0,"rttpg_featured_image_url":{"full":["https:\/\/arantv.az\/wp-content\/uploads\/2019\/02\/2pk53mqbv4qi942nplpp8tvqj0quba.jpg",892,669,false],"landscape":["https:\/\/arantv.az\/wp-content\/uploads\/2019\/02\/2pk53mqbv4qi942nplpp8tvqj0quba.jpg",892,669,false],"portraits":["https:\/\/arantv.az\/wp-content\/uploads\/2019\/02\/2pk53mqbv4qi942nplpp8tvqj0quba.jpg",892,669,false],"thumbnail":["https:\/\/arantv.az\/wp-content\/uploads\/2019\/02\/2pk53mqbv4qi942nplpp8tvqj0quba-150x150.jpg",150,150,true],"medium":["https:\/\/arantv.az\/wp-content\/uploads\/2019\/02\/2pk53mqbv4qi942nplpp8tvqj0quba-300x225.jpg",300,225,true],"large":["https:\/\/arantv.az\/wp-content\/uploads\/2019\/02\/2pk53mqbv4qi942nplpp8tvqj0quba.jpg",640,480,false],"1536x1536":["https:\/\/arantv.az\/wp-content\/uploads\/2019\/02\/2pk53mqbv4qi942nplpp8tvqj0quba.jpg",892,669,false],"2048x2048":["https:\/\/arantv.az\/wp-content\/uploads\/2019\/02\/2pk53mqbv4qi942nplpp8tvqj0quba.jpg",892,669,false],"post-thumbnail":["https:\/\/arantv.az\/wp-content\/uploads\/2019\/02\/2pk53mqbv4qi942nplpp8tvqj0quba-240x172.jpg",240,172,true],"advps-thumb-one":["https:\/\/arantv.az\/wp-content\/uploads\/2019\/02\/2pk53mqbv4qi942nplpp8tvqj0quba-892x620.jpg",892,620,true]},"rttpg_author":{"display_name":"V\u00fcsal Rafiqo\u011flu","author_link":"https:\/\/arantv.az\/?author=2"},"rttpg_comment":0,"rttpg_category":"<a href=\"https:\/\/arantv.az\/?cat=2\" rel=\"category\">Region X\u0259b\u0259rl\u0259ri<\/a>","rttpg_excerpt":"ARANTV.AZ x\u0259b\u0259r verir ki, son ill\u0259rd\u0259 \u00f6lk\u0259 \u00fczr\u0259 3 min 200-d\u0259n \u00e7ox m\u0259kt\u0259b binas\u0131 tikil\u0259r\u0259k istifad\u0259y\u0259 verilib. Bununla da on minl\u0259rl\u0259 \u015fagirdin t\u0259hsil \u015f\u0259raiti m\u00fcasir standartlara uy\u011funla\u015fd\u0131r\u0131l\u0131b. Haz\u0131rda Quba rayonunun Alekseyevka k\u0259ndind\u0259 daha bir m\u0259kt\u0259b binas\u0131n\u0131n tikintisi davam edir. M\u0259kt\u0259b respublika prezidenti \u0130lham \u018fliyevin \u00f6t\u0259n ilin oktyabr ay\u0131nda Qubaya s\u0259f\u0259rind\u0259n sonra imzalad\u0131\u011f\u0131 s\u0259r\u0259ncama \u0259sas\u0259n in\u015fa&hellip;","_links":{"self":[{"href":"https:\/\/arantv.az\/index.php?rest_route=\/wp\/v2\/posts\/38044"}],"collection":[{"href":"https:\/\/arantv.az\/index.php?rest_route=\/wp\/v2\/posts"}],"about":[{"href":"https:\/\/arantv.az\/index.php?rest_route=\/wp\/v2\/types\/post"}],"author":[{"embeddable":true,"href":"https:\/\/arantv.az\/index.php?rest_route=\/wp\/v2\/users\/2"}],"replies":[{"embeddable":true,"href":"https:\/\/arantv.az\/index.php?rest_route=%2Fwp%2Fv2%2Fcomments&post=38044"}],"version-history":[{"count":0,"href":"https:\/\/arantv.az\/index.php?rest_route=\/wp\/v2\/posts\/38044\/revisions"}],"wp:featuredmedia":[{"embeddable":true,"href":"https:\/\/arantv.az\/index.php?rest_route=\/wp\/v2\/media\/38045"}],"wp:attachment":[{"href":"https:\/\/arantv.az\/index.php?rest_route=%2Fwp%2Fv2%2Fmedia&parent=38044"}],"wp:term":[{"taxonomy":"category","embeddable":true,"href":"https:\/\/arantv.az\/index.php?rest_route=%2Fwp%2Fv2%2Fcategories&post=38044"},{"taxonomy":"post_tag","embeddable":true,"href":"https:\/\/arantv.az\/index.php?rest_route=%2Fwp%2Fv2%2Ftags&post=38044"}],"curies":[{"name":"wp","href":"https:\/\/api.w.org\/{rel}","templated":true}]}}