{"id":38047,"date":"2019-02-12T15:08:33","date_gmt":"2019-02-12T12:08:33","guid":{"rendered":"http:\/\/arantv.az\/?p=38047"},"modified":"2019-02-12T15:08:33","modified_gmt":"2019-02-12T12:08:33","slug":"issizin-dostu-proqrami-c%c9%99rciv%c9%99sind%c9%99-24-mind%c9%99n-cox-s%c9%99xs-ictimai-isl%c9%99r%c9%99-goturulub","status":"publish","type":"post","link":"https:\/\/arantv.az\/?p=38047","title":{"rendered":"\u201c\u0130\u015fsizin DOSTu\u201d proqram\u0131 \u00e7\u0259r\u00e7iv\u0259sind\u0259 24 mind\u0259n \u00e7ox \u015f\u0259xs ictimai i\u015fl\u0259r\u0259 g\u00f6t\u00fcr\u00fcl\u00fcb"},"content":{"rendered":"<p><strong>ARANTV.AZ<\/strong> x\u0259b\u0259r verir ki, bu ilin \u0259vv\u0259lind\u0259n icras\u0131na ba\u015flan\u0131lan<strong>\u00a0<\/strong>\u201c\u0130\u015fsizin DOSTu\u201d proqram\u0131 \u00e7\u0259r\u00e7iv\u0259sind\u0259 24 mind\u0259n \u00e7ox i\u015fsiz v\u0259t\u0259nda\u015f \u00f6d\u0259ni\u015fli ictimai i\u015fl\u0259r\u0259 c\u0259lb olunub. Ayr\u0131lan d\u00f6vl\u0259t v\u0259saiti hesab\u0131na bu r\u0259q\u0259min 30 min\u0259 \u00e7atd\u0131r\u0131lmas\u0131 n\u0259z\u0259rd\u0259 tutulub. \u201c\u0130\u015fsizin DOSTu\u201d proqram\u0131n\u0131n \u0259n vacib m\u0259qamlar\u0131ndan biri is\u0259 i\u015f\u0259 g\u00f6t\u00fcr\u00fcl\u0259nl\u0259rin \u0259m\u0259k m\u00fcqavil\u0259si \u0259sas\u0131nda i\u015fl\u0259 t\u0259min olunmas\u0131d\u0131r.<\/p>\n<p>60 ya\u015fl\u0131 Tariyel Abbasov \u201c\u0130\u015fsizin DOSTu\u201d proqram\u0131 \u00e7\u0259r\u00e7iv\u0259sind\u0259 \u00f6z\u00fcn\u0259 i\u015f tapanlardan biridir. Art\u0131q iki aya yax\u0131nd\u0131r ki, parklarda a\u011faclara qulluq ed\u0259n v\u0259 ya\u015f\u0131ll\u0131qlar\u0131 qoruyan Tariyel ki\u015fi deyir ki, m\u0259\u015f\u011fulluq m\u0259rk\u0259zin\u0259 m\u00fcraci\u0259t etdikd\u0259n sonra ba\u011fban kimi i\u015fl\u0259 t\u0259min olunub<\/p>\n<p>Prezident \u0130lham \u018fliyevin\u00a0 t\u0259\u015f\u0259bb\u00fcs\u00fc \u0259sas\u0131nda haz\u0131rlanan\u00a0\u00a0 \u201c\u0130\u015fsizin DOSTu\u201d proqram\u0131n\u0131n icras\u0131na bu ilin \u0259vv\u0259lind\u0259n ba\u015flan\u0131l\u0131b. Haz\u0131rda Tariyel Abbasov kimi 24 mind\u0259n \u00e7ox insan s\u00f6z\u00fcged\u0259n proqram vasit\u0259sil\u0259 m\u00fcxt\u0259lif ictimai i\u015fl\u0259r\u0259 c\u0259lb olunub. Ayr\u0131lan d\u00f6vl\u0259t v\u0259saiti hesab\u0131na is\u0259 bu r\u0259q\u0259min 30 min\u0259 \u00e7atd\u0131r\u0131lmas\u0131 n\u0259z\u0259rd\u0259 tutulub.\u00a0 \u018fsas m\u0259qs\u0259d i\u015fsiz \u015f\u0259xsl\u0259rin m\u0259\u015f\u011fullu\u011funu t\u0259min etm\u0259kdir. Yerli icra orqanlar\u0131 v\u0259 bu kimi t\u0259\u015fkilatlar g\u00fcnd\u0259lik h\u0259yata ke\u00e7irdikl\u0259ri i\u015fl\u0259rd\u0259n \u0259lav\u0259 olaraq ictimai faydal\u0131\u00a0i\u015fl\u0259r t\u0259\u015fkil\u00a0 edirl\u0259r ki, bu i\u015fl\u0259r d\u0259 x\u00fcsusi ixtisas, pe\u015f\u0259 qabiliyy\u0259ti t\u0259l\u0259b etmir. Bu kimi i\u015fl\u0259rd\u0259 i\u015fl\u0259m\u0259k ist\u0259y\u0259n v\u0259t\u0259nda\u015flar yerli m\u0259\u015f\u011fulluq idar\u0259l\u0259rin\u0259 m\u00fcraci\u0259t edir v\u0259 orada i\u015fsiz kimi qeydiyyatdan ke\u00e7irl\u0259r.<\/p>\n<p>Proqram \u00e7\u0259r\u00e7iv\u0259sind\u0259 ictimai i\u015fl\u0259r\u0259 c\u0259lb olunanlar\u0131n h\u0259r biri il\u0259 ba\u011flan\u0131lan \u0259m\u0259k m\u00fcqavil\u0259si nazirliyin \u018fm\u0259k M\u00fcqavil\u0259si Bildiri\u015fi \u00fczr\u0259 Elektron \u0130nformasiya Sistemind\u0259 qeydiyyatdan ke\u00e7iril\u0259r\u0259k r\u0259smil\u0259\u015fdirilir.\u00a0 Bu da\u00a0 h\u0259min \u015f\u0259xsl\u0259rin sosial s\u0131\u011forta sistemind\u0259 qeydiyyata al\u0131nmaqla, g\u0259l\u0259c\u0259kd\u0259 pensiya h\u00fcquqlar\u0131n\u0131n yaranmas\u0131na \u0259sas verir. Yaxud\u00a0 m\u00f6vcud f\u0259rdi hesablar\u0131nda pensiya kapitallar\u0131n\u0131 art\u0131rmalar\u0131na imkan yarad\u0131r. Onlara \u0259m\u0259khaqq\u0131 \u018fm\u0259k v\u0259 \u018fhalinin Sosial M\u00fcdafi\u0259si Nazirliyinin \u201cDOST \u0130\u015f M\u0259rk\u0259zi\u201d t\u0259r\u0259find\u0259n \u00f6d\u0259nilir v\u0259 i\u015fl\u0259rin xarakterind\u0259n, \u0259m\u0259k funksiyas\u0131ndan as\u0131l\u0131 olaraq \u0259m\u0259k haqq\u0131 m\u00fc\u0259yy\u0259n olunur. \u0130\u015f\u00e7inin sosial s\u0131\u011forta, habel\u0259 i\u015fsizlikd\u0259n s\u0131\u011forta \u00f6d\u0259ni\u015fl\u0259ri d\u0259 \u201cDOST \u0130\u015f M\u0259rk\u0259zi\u201d t\u0259r\u0259find\u0259n h\u0259yata ke\u00e7iril\u0259c\u0259k. H\u0259r biri \u00fc\u00e7\u00fcn n\u0259z\u0259rd\u0259 tutulmu\u015f \u00fcmumi \u0259m\u0259khaqq\u0131 fondu 203 manatd\u0131r v\u0259 bu da minimum \u0259m\u0259khaqq\u0131ndan y\u00fcks\u0259kdir. Yar\u0131m g\u00fcn, natamam h\u0259ft\u0259 i\u015f qrafiki t\u0259qdim olunur.<\/p>\n","protected":false},"excerpt":{"rendered":"<p>ARANTV.AZ x\u0259b\u0259r verir ki, bu ilin \u0259vv\u0259lind\u0259n icras\u0131na ba\u015flan\u0131lan\u00a0\u201c\u0130\u015fsizin DOSTu\u201d proqram\u0131 \u00e7\u0259r\u00e7iv\u0259sind\u0259 24 mind\u0259n \u00e7ox i\u015fsiz v\u0259t\u0259nda\u015f \u00f6d\u0259ni\u015fli ictimai i\u015fl\u0259r\u0259 c\u0259lb olunub. Ayr\u0131lan d\u00f6vl\u0259t v\u0259saiti hesab\u0131na bu r\u0259q\u0259min 30 min\u0259 \u00e7atd\u0131r\u0131lmas\u0131 n\u0259z\u0259rd\u0259 tutulub. \u201c\u0130\u015fsizin DOSTu\u201d proqram\u0131n\u0131n \u0259n vacib m\u0259qamlar\u0131ndan biri is\u0259 i\u015f\u0259 g\u00f6t\u00fcr\u00fcl\u0259nl\u0259rin \u0259m\u0259k m\u00fcqavil\u0259si \u0259sas\u0131nda i\u015fl\u0259 t\u0259min olunmas\u0131d\u0131r. 60 ya\u015fl\u0131 Tariyel Abbasov \u201c\u0130\u015fsizin DOSTu\u201d proqram\u0131 \u00e7\u0259r\u00e7iv\u0259sind\u0259 \u00f6z\u00fcn\u0259 i\u015f tapanlardan biridir. Art\u0131q iki aya yax\u0131nd\u0131r ki, parklarda a\u011faclara qulluq ed\u0259n v\u0259 ya\u015f\u0131ll\u0131qlar\u0131 qoruyan Tariyel ki\u015fi deyir ki, m\u0259\u015f\u011fulluq m\u0259rk\u0259zin\u0259 m\u00fcraci\u0259t etdikd\u0259n sonra ba\u011fban kimi i\u015fl\u0259 t\u0259min olunub Prezident \u0130lham \u018fliyevin\u00a0&hellip;<\/p>\n","protected":false},"author":2,"featured_media":38048,"comment_status":"closed","ping_status":"closed","sticky":false,"template":"","format":"standard","meta":{"om_disable_all_campaigns":false,"_monsterinsights_skip_tracking":false,"_monsterinsights_sitenote_active":false,"_monsterinsights_sitenote_note":"","_monsterinsights_sitenote_category":0},"categories":[1],"tags":[],"aioseo_notices":[],"gutentor_comment":0,"rttpg_featured_image_url":{"full":["https:\/\/arantv.az\/wp-content\/uploads\/2019\/02\/2pk53mqbv4qi942nplpp8tvqj0ish.jpg",1280,854,false],"landscape":["https:\/\/arantv.az\/wp-content\/uploads\/2019\/02\/2pk53mqbv4qi942nplpp8tvqj0ish.jpg",1280,854,false],"portraits":["https:\/\/arantv.az\/wp-content\/uploads\/2019\/02\/2pk53mqbv4qi942nplpp8tvqj0ish.jpg",1280,854,false],"thumbnail":["https:\/\/arantv.az\/wp-content\/uploads\/2019\/02\/2pk53mqbv4qi942nplpp8tvqj0ish-150x150.jpg",150,150,true],"medium":["https:\/\/arantv.az\/wp-content\/uploads\/2019\/02\/2pk53mqbv4qi942nplpp8tvqj0ish-300x200.jpg",300,200,true],"large":["https:\/\/arantv.az\/wp-content\/uploads\/2019\/02\/2pk53mqbv4qi942nplpp8tvqj0ish-1024x683.jpg",640,427,true],"1536x1536":["https:\/\/arantv.az\/wp-content\/uploads\/2019\/02\/2pk53mqbv4qi942nplpp8tvqj0ish.jpg",1280,854,false],"2048x2048":["https:\/\/arantv.az\/wp-content\/uploads\/2019\/02\/2pk53mqbv4qi942nplpp8tvqj0ish.jpg",1280,854,false],"post-thumbnail":["https:\/\/arantv.az\/wp-content\/uploads\/2019\/02\/2pk53mqbv4qi942nplpp8tvqj0ish-240x172.jpg",240,172,true],"advps-thumb-one":["https:\/\/arantv.az\/wp-content\/uploads\/2019\/02\/2pk53mqbv4qi942nplpp8tvqj0ish-1200x620.jpg",1200,620,true]},"rttpg_author":{"display_name":"V\u00fcsal Rafiqo\u011flu","author_link":"https:\/\/arantv.az\/?author=2"},"rttpg_comment":0,"rttpg_category":"<a href=\"https:\/\/arantv.az\/?cat=1\" rel=\"category\">C\u0259miyy\u0259t<\/a>","rttpg_excerpt":"ARANTV.AZ x\u0259b\u0259r verir ki, bu ilin \u0259vv\u0259lind\u0259n icras\u0131na ba\u015flan\u0131lan\u00a0\u201c\u0130\u015fsizin DOSTu\u201d proqram\u0131 \u00e7\u0259r\u00e7iv\u0259sind\u0259 24 mind\u0259n \u00e7ox i\u015fsiz v\u0259t\u0259nda\u015f \u00f6d\u0259ni\u015fli ictimai i\u015fl\u0259r\u0259 c\u0259lb olunub. Ayr\u0131lan d\u00f6vl\u0259t v\u0259saiti hesab\u0131na bu r\u0259q\u0259min 30 min\u0259 \u00e7atd\u0131r\u0131lmas\u0131 n\u0259z\u0259rd\u0259 tutulub. \u201c\u0130\u015fsizin DOSTu\u201d proqram\u0131n\u0131n \u0259n vacib m\u0259qamlar\u0131ndan biri is\u0259 i\u015f\u0259 g\u00f6t\u00fcr\u00fcl\u0259nl\u0259rin \u0259m\u0259k m\u00fcqavil\u0259si \u0259sas\u0131nda i\u015fl\u0259 t\u0259min olunmas\u0131d\u0131r. 60 ya\u015fl\u0131 Tariyel Abbasov \u201c\u0130\u015fsizin DOSTu\u201d&hellip;","_links":{"self":[{"href":"https:\/\/arantv.az\/index.php?rest_route=\/wp\/v2\/posts\/38047"}],"collection":[{"href":"https:\/\/arantv.az\/index.php?rest_route=\/wp\/v2\/posts"}],"about":[{"href":"https:\/\/arantv.az\/index.php?rest_route=\/wp\/v2\/types\/post"}],"author":[{"embeddable":true,"href":"https:\/\/arantv.az\/index.php?rest_route=\/wp\/v2\/users\/2"}],"replies":[{"embeddable":true,"href":"https:\/\/arantv.az\/index.php?rest_route=%2Fwp%2Fv2%2Fcomments&post=38047"}],"version-history":[{"count":0,"href":"https:\/\/arantv.az\/index.php?rest_route=\/wp\/v2\/posts\/38047\/revisions"}],"wp:featuredmedia":[{"embeddable":true,"href":"https:\/\/arantv.az\/index.php?rest_route=\/wp\/v2\/media\/38048"}],"wp:attachment":[{"href":"https:\/\/arantv.az\/index.php?rest_route=%2Fwp%2Fv2%2Fmedia&parent=38047"}],"wp:term":[{"taxonomy":"category","embeddable":true,"href":"https:\/\/arantv.az\/index.php?rest_route=%2Fwp%2Fv2%2Fcategories&post=38047"},{"taxonomy":"post_tag","embeddable":true,"href":"https:\/\/arantv.az\/index.php?rest_route=%2Fwp%2Fv2%2Ftags&post=38047"}],"curies":[{"name":"wp","href":"https:\/\/api.w.org\/{rel}","templated":true}]}}