{"id":38050,"date":"2019-02-12T15:27:39","date_gmt":"2019-02-12T12:27:39","guid":{"rendered":"http:\/\/arantv.az\/?p=38050"},"modified":"2019-02-12T15:27:39","modified_gmt":"2019-02-12T12:27:39","slug":"ilham-%c9%99liyev-real-tv-y%c9%99-musahib%c9%99-verib","status":"publish","type":"post","link":"https:\/\/arantv.az\/?p=38050","title":{"rendered":"\u0130lham \u018fliyev Real TV-y\u0259 m\u00fcsahib\u0259 verib"},"content":{"rendered":"<p>Az\u0259rbaycan Respublikas\u0131n\u0131n prezidenti\u00a0<strong>\u0130lham \u018fliyev<\/strong>\u00a0fevral\u0131n 12-d\u0259\u00a0<a href=\"http:\/\/realtv.az\/news\/az\/12084\/prezident-ilham-eliyev-real-tv-de-video?fbclid=IwAR21XfKQ5V2zfslOXaCcUi2s_L5hLrYYM4rM3peP26o3kU2_Gx-qAg-RwDo\" target=\"_blank\" rel=\"noopener\">Real TV<\/a>-y\u0259 m\u00fcsahib\u0259 verib.<\/p>\n<p>M\u00fcsahib\u0259d\u0259 d\u00f6vl\u0259t ba\u015f\u00e7\u0131s\u0131 Az\u0259rbaycanda apar\u0131lan islahatlar\u0131n \u0259hat\u0259 dair\u0259si, \u0259sas h\u0259d\u0259fi, n\u00f6vb\u0259ti add\u0131mlar\u0131 bar\u0259d\u0259 suallara cavab verib.<\/p>\n<div id=\"AdributorNativeVideo0\" class=\"AdributorNativeVideo\"><\/div>\n<p>Bununla yana\u015f\u0131, prezident \u0130lham \u018fliyev Da\u011fl\u0131q Qaraba\u011f problemi \u0259traf\u0131nda ged\u0259n dan\u0131\u015f\u0131qlar v\u0259 Az\u0259rbaycan Ordusunun g\u00fcc\u00fc m\u00f6vzusuna da toxunaraq, m\u00fcnaqi\u015f\u0259nin h\u0259lli istiqam\u0259tind\u0259 apar\u0131lan son m\u00fczakir\u0259l\u0259r bar\u0259d\u0259 \u0259trafl\u0131 m\u0259lumat verib.<\/p>\n<div><iframe loading=\"lazy\" src=\"https:\/\/www.youtube.com\/embed\/cCEZ33Ln5o8\" width=\"600\" height=\"400\" frameborder=\"0\" allowfullscreen=\"allowfullscreen\" data-mce-fragment=\"1\"><\/iframe><\/div>\n<p>&nbsp;<\/p>\n","protected":false},"excerpt":{"rendered":"<p>Az\u0259rbaycan Respublikas\u0131n\u0131n prezidenti\u00a0\u0130lham \u018fliyev\u00a0fevral\u0131n 12-d\u0259\u00a0Real TV-y\u0259 m\u00fcsahib\u0259 verib. M\u00fcsahib\u0259d\u0259 d\u00f6vl\u0259t ba\u015f\u00e7\u0131s\u0131 Az\u0259rbaycanda apar\u0131lan islahatlar\u0131n \u0259hat\u0259 dair\u0259si, \u0259sas h\u0259d\u0259fi, n\u00f6vb\u0259ti add\u0131mlar\u0131 bar\u0259d\u0259 suallara cavab verib. Bununla yana\u015f\u0131, prezident \u0130lham \u018fliyev Da\u011fl\u0131q Qaraba\u011f problemi \u0259traf\u0131nda ged\u0259n dan\u0131\u015f\u0131qlar v\u0259 Az\u0259rbaycan Ordusunun g\u00fcc\u00fc m\u00f6vzusuna da toxunaraq, m\u00fcnaqi\u015f\u0259nin h\u0259lli istiqam\u0259tind\u0259 apar\u0131lan son m\u00fczakir\u0259l\u0259r bar\u0259d\u0259 \u0259trafl\u0131 m\u0259lumat verib. &nbsp;<\/p>\n","protected":false},"author":2,"featured_media":38051,"comment_status":"closed","ping_status":"closed","sticky":false,"template":"","format":"standard","meta":{"om_disable_all_campaigns":false,"_monsterinsights_skip_tracking":false,"_monsterinsights_sitenote_active":false,"_monsterinsights_sitenote_note":"","_monsterinsights_sitenote_category":0},"categories":[8],"tags":[],"aioseo_notices":[],"gutentor_comment":0,"rttpg_featured_image_url":{"full":["https:\/\/arantv.az\/wp-content\/uploads\/2019\/02\/1549973576647836288_1000x669.jpg",620,407,false],"landscape":["https:\/\/arantv.az\/wp-content\/uploads\/2019\/02\/1549973576647836288_1000x669.jpg",620,407,false],"portraits":["https:\/\/arantv.az\/wp-content\/uploads\/2019\/02\/1549973576647836288_1000x669.jpg",620,407,false],"thumbnail":["https:\/\/arantv.az\/wp-content\/uploads\/2019\/02\/1549973576647836288_1000x669-150x150.jpg",150,150,true],"medium":["https:\/\/arantv.az\/wp-content\/uploads\/2019\/02\/1549973576647836288_1000x669-300x197.jpg",300,197,true],"large":["https:\/\/arantv.az\/wp-content\/uploads\/2019\/02\/1549973576647836288_1000x669.jpg",620,407,false],"1536x1536":["https:\/\/arantv.az\/wp-content\/uploads\/2019\/02\/1549973576647836288_1000x669.jpg",620,407,false],"2048x2048":["https:\/\/arantv.az\/wp-content\/uploads\/2019\/02\/1549973576647836288_1000x669.jpg",620,407,false],"post-thumbnail":["https:\/\/arantv.az\/wp-content\/uploads\/2019\/02\/1549973576647836288_1000x669-240x172.jpg",240,172,true],"advps-thumb-one":["https:\/\/arantv.az\/wp-content\/uploads\/2019\/02\/1549973576647836288_1000x669.jpg",620,407,false]},"rttpg_author":{"display_name":"V\u00fcsal Rafiqo\u011flu","author_link":"https:\/\/arantv.az\/?author=2"},"rttpg_comment":0,"rttpg_category":"<a href=\"https:\/\/arantv.az\/?cat=8\" rel=\"category\">\u018fsas s\u0259hif\u0259<\/a>","rttpg_excerpt":"Az\u0259rbaycan Respublikas\u0131n\u0131n prezidenti\u00a0\u0130lham \u018fliyev\u00a0fevral\u0131n 12-d\u0259\u00a0Real TV-y\u0259 m\u00fcsahib\u0259 verib. M\u00fcsahib\u0259d\u0259 d\u00f6vl\u0259t ba\u015f\u00e7\u0131s\u0131 Az\u0259rbaycanda apar\u0131lan islahatlar\u0131n \u0259hat\u0259 dair\u0259si, \u0259sas h\u0259d\u0259fi, n\u00f6vb\u0259ti add\u0131mlar\u0131 bar\u0259d\u0259 suallara cavab verib. Bununla yana\u015f\u0131, prezident \u0130lham \u018fliyev Da\u011fl\u0131q Qaraba\u011f problemi \u0259traf\u0131nda ged\u0259n dan\u0131\u015f\u0131qlar v\u0259 Az\u0259rbaycan Ordusunun g\u00fcc\u00fc m\u00f6vzusuna da toxunaraq, m\u00fcnaqi\u015f\u0259nin h\u0259lli istiqam\u0259tind\u0259 apar\u0131lan son m\u00fczakir\u0259l\u0259r bar\u0259d\u0259 \u0259trafl\u0131 m\u0259lumat verib. &nbsp;","_links":{"self":[{"href":"https:\/\/arantv.az\/index.php?rest_route=\/wp\/v2\/posts\/38050"}],"collection":[{"href":"https:\/\/arantv.az\/index.php?rest_route=\/wp\/v2\/posts"}],"about":[{"href":"https:\/\/arantv.az\/index.php?rest_route=\/wp\/v2\/types\/post"}],"author":[{"embeddable":true,"href":"https:\/\/arantv.az\/index.php?rest_route=\/wp\/v2\/users\/2"}],"replies":[{"embeddable":true,"href":"https:\/\/arantv.az\/index.php?rest_route=%2Fwp%2Fv2%2Fcomments&post=38050"}],"version-history":[{"count":0,"href":"https:\/\/arantv.az\/index.php?rest_route=\/wp\/v2\/posts\/38050\/revisions"}],"wp:featuredmedia":[{"embeddable":true,"href":"https:\/\/arantv.az\/index.php?rest_route=\/wp\/v2\/media\/38051"}],"wp:attachment":[{"href":"https:\/\/arantv.az\/index.php?rest_route=%2Fwp%2Fv2%2Fmedia&parent=38050"}],"wp:term":[{"taxonomy":"category","embeddable":true,"href":"https:\/\/arantv.az\/index.php?rest_route=%2Fwp%2Fv2%2Fcategories&post=38050"},{"taxonomy":"post_tag","embeddable":true,"href":"https:\/\/arantv.az\/index.php?rest_route=%2Fwp%2Fv2%2Ftags&post=38050"}],"curies":[{"name":"wp","href":"https:\/\/api.w.org\/{rel}","templated":true}]}}