{"id":38060,"date":"2019-02-12T15:30:24","date_gmt":"2019-02-12T12:30:24","guid":{"rendered":"http:\/\/arantv.az\/?p=38060"},"modified":"2019-02-12T15:30:24","modified_gmt":"2019-02-12T12:30:24","slug":"boyuk-britaniyanin-ticar%c9%99t-elcisi-az%c9%99rbaycana-g%c9%99l%c9%99c%c9%99k","status":"publish","type":"post","link":"https:\/\/arantv.az\/?p=38060","title":{"rendered":"B\u00f6y\u00fck Britaniyan\u0131n ticar\u0259t el\u00e7isi Az\u0259rbaycana g\u0259l\u0259c\u0259k"},"content":{"rendered":"<p>B\u00f6y\u00fck Britaniyan\u0131n ba\u015f nazirinin Az\u0259rbaycan \u00fczr\u0259 ticar\u0259t el\u00e7isi Emma Nikolson Az\u0259rbaycana s\u0259f\u0259r ed\u0259c\u0259k.<\/p>\n<p>Bunu\u00a0<a href=\"https:\/\/report.az\/siyasi-xeberler\/xarici-siyaset\/boyuk-britaniya-bas-nazirinin-ticaret-elcisi-azerbaycana-gelecek12\/\" target=\"_blank\" rel=\"noopener\">Report<\/a>-a\u00a0a\u00e7\u0131qlamas\u0131nda Britaniyan\u0131n Az\u0259rbaycandak\u0131 s\u0259firi Kerol Krofts deyib.<\/p>\n<div id=\"AdributorNativeVideo0\" class=\"AdributorNativeVideo\"><\/div>\n<p>O bildirib ki, E.Nikolson fevral\u0131n 20-d\u0259 Bak\u0131da ke\u00e7iril\u0259c\u0259k C\u0259nub Qaz D\u0259hlizi M\u0259\u015fv\u0259r\u0259t \u015euras\u0131 \u00e7\u0259r\u00e7iv\u0259sind\u0259 nazirl\u0259rin iclas\u0131nda i\u015ftirak ed\u0259c\u0259k:<\/p>\n<p>\u201cG\u0259l\u0259n h\u0259ft\u0259y\u0259 planla\u015fd\u0131r\u0131lan s\u0259f\u0259r \u00e7\u0259r\u00e7iv\u0259sind\u0259 Emma Nikolson bir s\u0131ra r\u0259smi g\u00f6r\u00fc\u015fl\u0259r ke\u00e7ir\u0259c\u0259k, iki \u00f6lk\u0259 aras\u0131nda ticar\u0259t \u0259laq\u0259l\u0259rinin inki\u015faf\u0131 m\u0259s\u0259l\u0259l\u0259rini m\u00fczakir\u0259 ed\u0259c\u0259k.<\/p>\n<p>Bundan ba\u015fqa, g\u00f6r\u00fc\u015fl\u0259r \u00e7\u0259r\u00e7iv\u0259sind\u0259 B\u00f6y\u00fck Britaniyan\u0131n plastikl\u0259rl\u0259 ba\u011fl\u0131 strategiyas\u0131 bar\u0259d\u0259 Az\u0259rbaycan h\u00f6kum\u0259ti il\u0259 dan\u0131\u015f\u0131qlar apar\u0131lacaq. Bu iki \u00f6lk\u0259nin qlobal \u00e7a\u011f\u0131r\u0131\u015f kampaniyas\u0131na verdiyi birg\u0259 t\u00f6hf\u0259 olacaq\u201d.<\/p>\n","protected":false},"excerpt":{"rendered":"<p>B\u00f6y\u00fck Britaniyan\u0131n ba\u015f nazirinin Az\u0259rbaycan \u00fczr\u0259 ticar\u0259t el\u00e7isi Emma Nikolson Az\u0259rbaycana s\u0259f\u0259r ed\u0259c\u0259k. Bunu\u00a0Report-a\u00a0a\u00e7\u0131qlamas\u0131nda Britaniyan\u0131n Az\u0259rbaycandak\u0131 s\u0259firi Kerol Krofts deyib. O bildirib ki, E.Nikolson fevral\u0131n 20-d\u0259 Bak\u0131da ke\u00e7iril\u0259c\u0259k C\u0259nub Qaz D\u0259hlizi M\u0259\u015fv\u0259r\u0259t \u015euras\u0131 \u00e7\u0259r\u00e7iv\u0259sind\u0259 nazirl\u0259rin iclas\u0131nda i\u015ftirak ed\u0259c\u0259k: \u201cG\u0259l\u0259n h\u0259ft\u0259y\u0259 planla\u015fd\u0131r\u0131lan s\u0259f\u0259r \u00e7\u0259r\u00e7iv\u0259sind\u0259 Emma Nikolson bir s\u0131ra r\u0259smi g\u00f6r\u00fc\u015fl\u0259r ke\u00e7ir\u0259c\u0259k, iki \u00f6lk\u0259 aras\u0131nda ticar\u0259t \u0259laq\u0259l\u0259rinin inki\u015faf\u0131 m\u0259s\u0259l\u0259l\u0259rini m\u00fczakir\u0259 ed\u0259c\u0259k. Bundan ba\u015fqa, g\u00f6r\u00fc\u015fl\u0259r \u00e7\u0259r\u00e7iv\u0259sind\u0259 B\u00f6y\u00fck Britaniyan\u0131n plastikl\u0259rl\u0259 ba\u011fl\u0131 strategiyas\u0131 bar\u0259d\u0259 Az\u0259rbaycan h\u00f6kum\u0259ti il\u0259 dan\u0131\u015f\u0131qlar apar\u0131lacaq. Bu iki \u00f6lk\u0259nin qlobal \u00e7a\u011f\u0131r\u0131\u015f kampaniyas\u0131na verdiyi birg\u0259 t\u00f6hf\u0259 olacaq\u201d.<\/p>\n","protected":false},"author":2,"featured_media":38061,"comment_status":"closed","ping_status":"closed","sticky":false,"template":"","format":"standard","meta":{"om_disable_all_campaigns":false,"_monsterinsights_skip_tracking":false,"_monsterinsights_sitenote_active":false,"_monsterinsights_sitenote_note":"","_monsterinsights_sitenote_category":0},"categories":[4],"tags":[],"aioseo_notices":[],"gutentor_comment":0,"rttpg_featured_image_url":{"full":["https:\/\/arantv.az\/wp-content\/uploads\/2019\/02\/2014-11-1140-baroness-emma-nicholson-amar-foundation-768x432-still.jpg",620,349,false],"landscape":["https:\/\/arantv.az\/wp-content\/uploads\/2019\/02\/2014-11-1140-baroness-emma-nicholson-amar-foundation-768x432-still.jpg",620,349,false],"portraits":["https:\/\/arantv.az\/wp-content\/uploads\/2019\/02\/2014-11-1140-baroness-emma-nicholson-amar-foundation-768x432-still.jpg",620,349,false],"thumbnail":["https:\/\/arantv.az\/wp-content\/uploads\/2019\/02\/2014-11-1140-baroness-emma-nicholson-amar-foundation-768x432-still-150x150.jpg",150,150,true],"medium":["https:\/\/arantv.az\/wp-content\/uploads\/2019\/02\/2014-11-1140-baroness-emma-nicholson-amar-foundation-768x432-still-300x169.jpg",300,169,true],"large":["https:\/\/arantv.az\/wp-content\/uploads\/2019\/02\/2014-11-1140-baroness-emma-nicholson-amar-foundation-768x432-still.jpg",620,349,false],"1536x1536":["https:\/\/arantv.az\/wp-content\/uploads\/2019\/02\/2014-11-1140-baroness-emma-nicholson-amar-foundation-768x432-still.jpg",620,349,false],"2048x2048":["https:\/\/arantv.az\/wp-content\/uploads\/2019\/02\/2014-11-1140-baroness-emma-nicholson-amar-foundation-768x432-still.jpg",620,349,false],"post-thumbnail":["https:\/\/arantv.az\/wp-content\/uploads\/2019\/02\/2014-11-1140-baroness-emma-nicholson-amar-foundation-768x432-still-240x172.jpg",240,172,true],"advps-thumb-one":["https:\/\/arantv.az\/wp-content\/uploads\/2019\/02\/2014-11-1140-baroness-emma-nicholson-amar-foundation-768x432-still.jpg",620,349,false]},"rttpg_author":{"display_name":"V\u00fcsal Rafiqo\u011flu","author_link":"https:\/\/arantv.az\/?author=2"},"rttpg_comment":0,"rttpg_category":"<a href=\"https:\/\/arantv.az\/?cat=4\" rel=\"category\">Siyas\u0259t<\/a>","rttpg_excerpt":"B\u00f6y\u00fck Britaniyan\u0131n ba\u015f nazirinin Az\u0259rbaycan \u00fczr\u0259 ticar\u0259t el\u00e7isi Emma Nikolson Az\u0259rbaycana s\u0259f\u0259r ed\u0259c\u0259k. Bunu\u00a0Report-a\u00a0a\u00e7\u0131qlamas\u0131nda Britaniyan\u0131n Az\u0259rbaycandak\u0131 s\u0259firi Kerol Krofts deyib. O bildirib ki, E.Nikolson fevral\u0131n 20-d\u0259 Bak\u0131da ke\u00e7iril\u0259c\u0259k C\u0259nub Qaz D\u0259hlizi M\u0259\u015fv\u0259r\u0259t \u015euras\u0131 \u00e7\u0259r\u00e7iv\u0259sind\u0259 nazirl\u0259rin iclas\u0131nda i\u015ftirak ed\u0259c\u0259k: \u201cG\u0259l\u0259n h\u0259ft\u0259y\u0259 planla\u015fd\u0131r\u0131lan s\u0259f\u0259r \u00e7\u0259r\u00e7iv\u0259sind\u0259 Emma Nikolson bir s\u0131ra r\u0259smi g\u00f6r\u00fc\u015fl\u0259r ke\u00e7ir\u0259c\u0259k, iki \u00f6lk\u0259 aras\u0131nda ticar\u0259t \u0259laq\u0259l\u0259rinin&hellip;","_links":{"self":[{"href":"https:\/\/arantv.az\/index.php?rest_route=\/wp\/v2\/posts\/38060"}],"collection":[{"href":"https:\/\/arantv.az\/index.php?rest_route=\/wp\/v2\/posts"}],"about":[{"href":"https:\/\/arantv.az\/index.php?rest_route=\/wp\/v2\/types\/post"}],"author":[{"embeddable":true,"href":"https:\/\/arantv.az\/index.php?rest_route=\/wp\/v2\/users\/2"}],"replies":[{"embeddable":true,"href":"https:\/\/arantv.az\/index.php?rest_route=%2Fwp%2Fv2%2Fcomments&post=38060"}],"version-history":[{"count":0,"href":"https:\/\/arantv.az\/index.php?rest_route=\/wp\/v2\/posts\/38060\/revisions"}],"wp:featuredmedia":[{"embeddable":true,"href":"https:\/\/arantv.az\/index.php?rest_route=\/wp\/v2\/media\/38061"}],"wp:attachment":[{"href":"https:\/\/arantv.az\/index.php?rest_route=%2Fwp%2Fv2%2Fmedia&parent=38060"}],"wp:term":[{"taxonomy":"category","embeddable":true,"href":"https:\/\/arantv.az\/index.php?rest_route=%2Fwp%2Fv2%2Fcategories&post=38060"},{"taxonomy":"post_tag","embeddable":true,"href":"https:\/\/arantv.az\/index.php?rest_route=%2Fwp%2Fv2%2Ftags&post=38060"}],"curies":[{"name":"wp","href":"https:\/\/api.w.org\/{rel}","templated":true}]}}