{"id":38063,"date":"2019-02-12T15:32:13","date_gmt":"2019-02-12T12:32:13","guid":{"rendered":"http:\/\/arantv.az\/?p=38063"},"modified":"2019-02-12T15:32:13","modified_gmt":"2019-02-12T12:32:13","slug":"nazir-muavini-g%c9%99ncl%c9%99rin-elm%c9%99-maraginin-artirilmasi-ucun-imkanlar-genisl%c9%99ndirilir","status":"publish","type":"post","link":"https:\/\/arantv.az\/?p=38063","title":{"rendered":"Nazir m\u00fcavini: &#8220;G\u0259ncl\u0259rin elm\u0259 mara\u011f\u0131n\u0131n art\u0131r\u0131lmas\u0131 \u00fc\u00e7\u00fcn imkanlar geni\u015fl\u0259ndirilir&#8221;"},"content":{"rendered":"<p>&#8220;Az\u0259rbaycan g\u0259ncl\u0259rinin t\u0259dqiqat\u00e7\u0131l\u0131q bacar\u0131\u011f\u0131n\u0131n, elm\u0259 mara\u011f\u0131n\u0131n art\u0131r\u0131lmas\u0131, xarici dill\u0259r \u00f6yr\u0259nm\u0259si \u00fc\u00e7\u00fcn imkanlar geni\u015fl\u0259ndirilir&#8221;.<\/p>\n<p><strong>ARANTV.AZ<\/strong> trend-\u0259 istinad\u0259n x\u0259b\u0259r verir ki, bunu t\u0259hsil nazirinin m\u00fcavini M\u0259h\u0259bb\u0259t V\u0259liyeva &#8220;Sabah\u0131n aliml\u0259ri&#8221; VIII Respublika m\u00fcsabiq\u0259sinin a\u00e7\u0131l\u0131\u015f m\u0259rasimind\u0259 \u00e7\u0131x\u0131\u015f ed\u0259n zaman deyib.<\/p>\n<p>M.V\u0259liyevan\u0131n s\u00f6zl\u0259rin\u0259 g\u00f6r\u0259, g\u0259ncl\u0259rin ixtisasl\u0131 kadr kimi yeti\u015fm\u0259si \u00fc\u00e7\u00fcn t\u0259dbirl\u0259r h\u0259yata ke\u00e7irilir.<\/p>\n<p>Az\u0259rbaycan g\u0259ncl\u0259rinin ictimai-siyasi h\u0259yatda f\u0259al i\u015ftirak etdiyini dey\u0259n nazir m\u00fcavini \u0259lav\u0259 edib ki, g\u0259ncl\u0259rin potensial\u0131n\u0131n d\u00fczg\u00fcn istiqam\u0259tl\u0259ndirilm\u0259si Az\u0259rbaycan d\u00f6vl\u0259tinin prioritet istiqam\u0259tidir:<\/p>\n<p>&#8220;Prezident \u0130lham \u018fliyevin r\u0259hb\u0259rliyi il\u0259 t\u0259hsil sah\u0259sind\u0259 apar\u0131lan islahatlar, t\u0259tbiq olunan kurikulumlar yeni d\u00fc\u015f\u00fcnc\u0259li, geni\u015f d\u00fcnyag\u00f6r\u00fc\u015fl\u00fc g\u0259ncl\u0259rin haz\u0131rlanmas\u0131na y\u00f6n\u0259ldilib&#8221;.<\/p>\n<div id=\"AdributorNativeVideo0\" class=\"AdributorNativeVideo\"><\/div>\n<p>M.V\u0259liyeva &#8220;Az\u0259rbaycan Respublikas\u0131nda t\u0259hsilin inki\u015faf\u0131 \u00fczr\u0259 D\u00f6vl\u0259t Strategiyas\u0131&#8221;na uy\u011fun olaraq g\u0259ncl\u0259rin potensial\u0131n\u0131n inki\u015faf etdirilm\u0259sinin \u0259sas strateji h\u0259d\u0259fl\u0259rd\u0259n biri oldu\u011funu vur\u011fulay\u0131b. Nazir m\u00fcavini n\u0259z\u0259r\u0259 \u00e7atd\u0131r\u0131b ki, \u00f6lk\u0259mizd\u0259 s\u0259kkizinci d\u0259f\u0259 ke\u00e7iril\u0259n &#8220;Sabah\u0131n aliml\u0259ri&#8221; m\u00fcsabiq\u0259si g\u0259ncl\u0259rin diqq\u0259tini ya\u015fad\u0131\u011f\u0131m\u0131z m\u00fchitd\u0259 olan probleml\u0259r\u0259 v\u0259 onlar\u0131n h\u0259llin\u0259 y\u00f6n\u0259ldir.<\/p>\n<p>Nazir m\u00fcavini m\u00fcsabiq\u0259d\u0259 i\u015ftirak\u0131n \u015fagirdl\u0259rin sonrak\u0131 inki\u015faf\u0131na m\u00fcsb\u0259t t\u0259sir g\u00f6st\u0259rdiyini qeyd edib. Bel\u0259 ki, \u00f6t\u0259n il \u00fcmumt\u0259hsil m\u0259kt\u0259bl\u0259rini q\u0131z\u0131l v\u0259 g\u00fcm\u00fc\u015f medalla bitirmi\u015f m\u0259zunlardan 42 n\u0259f\u0259ri son iki ild\u0259 ke\u00e7irilmi\u015f &#8220;Sabah\u0131n aliml\u0259ri&#8221; m\u00fcsabiq\u0259sinin qalibl\u0259ri v\u0259 ya i\u015ftirak\u00e7\u0131lar\u0131 olub.<\/p>\n<p>Onlardan bir qismi y\u00fcks\u0259k nailiyy\u0259tl\u0259rl\u0259 ali t\u0259hsil m\u00fc\u0259ssis\u0259l\u0259rind\u0259 v\u0259 xarici \u00f6lk\u0259l\u0259rin tan\u0131nm\u0131\u015f universitetl\u0259rind\u0259 t\u0259hsill\u0259rini davam etdirirl\u0259r.<\/p>\n","protected":false},"excerpt":{"rendered":"<p>&#8220;Az\u0259rbaycan g\u0259ncl\u0259rinin t\u0259dqiqat\u00e7\u0131l\u0131q bacar\u0131\u011f\u0131n\u0131n, elm\u0259 mara\u011f\u0131n\u0131n art\u0131r\u0131lmas\u0131, xarici dill\u0259r \u00f6yr\u0259nm\u0259si \u00fc\u00e7\u00fcn imkanlar geni\u015fl\u0259ndirilir&#8221;. ARANTV.AZ trend-\u0259 istinad\u0259n x\u0259b\u0259r verir ki, bunu t\u0259hsil nazirinin m\u00fcavini M\u0259h\u0259bb\u0259t V\u0259liyeva &#8220;Sabah\u0131n aliml\u0259ri&#8221; VIII Respublika m\u00fcsabiq\u0259sinin a\u00e7\u0131l\u0131\u015f m\u0259rasimind\u0259 \u00e7\u0131x\u0131\u015f ed\u0259n zaman deyib. M.V\u0259liyevan\u0131n s\u00f6zl\u0259rin\u0259 g\u00f6r\u0259, g\u0259ncl\u0259rin ixtisasl\u0131 kadr kimi yeti\u015fm\u0259si \u00fc\u00e7\u00fcn t\u0259dbirl\u0259r h\u0259yata ke\u00e7irilir. Az\u0259rbaycan g\u0259ncl\u0259rinin ictimai-siyasi h\u0259yatda f\u0259al i\u015ftirak etdiyini dey\u0259n nazir m\u00fcavini \u0259lav\u0259 edib ki, g\u0259ncl\u0259rin potensial\u0131n\u0131n d\u00fczg\u00fcn istiqam\u0259tl\u0259ndirilm\u0259si Az\u0259rbaycan d\u00f6vl\u0259tinin prioritet istiqam\u0259tidir: &#8220;Prezident \u0130lham \u018fliyevin r\u0259hb\u0259rliyi il\u0259 t\u0259hsil sah\u0259sind\u0259 apar\u0131lan islahatlar, t\u0259tbiq olunan kurikulumlar yeni d\u00fc\u015f\u00fcnc\u0259li, geni\u015f d\u00fcnyag\u00f6r\u00fc\u015fl\u00fc g\u0259ncl\u0259rin haz\u0131rlanmas\u0131na y\u00f6n\u0259ldilib&#8221;. M.V\u0259liyeva &#8220;Az\u0259rbaycan&hellip;<\/p>\n","protected":false},"author":2,"featured_media":38064,"comment_status":"closed","ping_status":"closed","sticky":false,"template":"","format":"standard","meta":{"om_disable_all_campaigns":false,"_monsterinsights_skip_tracking":false,"_monsterinsights_sitenote_active":false,"_monsterinsights_sitenote_note":"","_monsterinsights_sitenote_category":0},"categories":[1],"tags":[],"aioseo_notices":[],"gutentor_comment":0,"rttpg_featured_image_url":{"full":["https:\/\/arantv.az\/wp-content\/uploads\/2019\/02\/729969.jpg",800,600,false],"landscape":["https:\/\/arantv.az\/wp-content\/uploads\/2019\/02\/729969.jpg",800,600,false],"portraits":["https:\/\/arantv.az\/wp-content\/uploads\/2019\/02\/729969.jpg",800,600,false],"thumbnail":["https:\/\/arantv.az\/wp-content\/uploads\/2019\/02\/729969-150x150.jpg",150,150,true],"medium":["https:\/\/arantv.az\/wp-content\/uploads\/2019\/02\/729969-300x225.jpg",300,225,true],"large":["https:\/\/arantv.az\/wp-content\/uploads\/2019\/02\/729969.jpg",640,480,false],"1536x1536":["https:\/\/arantv.az\/wp-content\/uploads\/2019\/02\/729969.jpg",800,600,false],"2048x2048":["https:\/\/arantv.az\/wp-content\/uploads\/2019\/02\/729969.jpg",800,600,false],"post-thumbnail":["https:\/\/arantv.az\/wp-content\/uploads\/2019\/02\/729969-240x172.jpg",240,172,true],"advps-thumb-one":["https:\/\/arantv.az\/wp-content\/uploads\/2019\/02\/729969.jpg",800,600,false]},"rttpg_author":{"display_name":"V\u00fcsal Rafiqo\u011flu","author_link":"https:\/\/arantv.az\/?author=2"},"rttpg_comment":0,"rttpg_category":"<a href=\"https:\/\/arantv.az\/?cat=1\" rel=\"category\">C\u0259miyy\u0259t<\/a>","rttpg_excerpt":"&#8220;Az\u0259rbaycan g\u0259ncl\u0259rinin t\u0259dqiqat\u00e7\u0131l\u0131q bacar\u0131\u011f\u0131n\u0131n, elm\u0259 mara\u011f\u0131n\u0131n art\u0131r\u0131lmas\u0131, xarici dill\u0259r \u00f6yr\u0259nm\u0259si \u00fc\u00e7\u00fcn imkanlar geni\u015fl\u0259ndirilir&#8221;. ARANTV.AZ trend-\u0259 istinad\u0259n x\u0259b\u0259r verir ki, bunu t\u0259hsil nazirinin m\u00fcavini M\u0259h\u0259bb\u0259t V\u0259liyeva &#8220;Sabah\u0131n aliml\u0259ri&#8221; VIII Respublika m\u00fcsabiq\u0259sinin a\u00e7\u0131l\u0131\u015f m\u0259rasimind\u0259 \u00e7\u0131x\u0131\u015f ed\u0259n zaman deyib. M.V\u0259liyevan\u0131n s\u00f6zl\u0259rin\u0259 g\u00f6r\u0259, g\u0259ncl\u0259rin ixtisasl\u0131 kadr kimi yeti\u015fm\u0259si \u00fc\u00e7\u00fcn t\u0259dbirl\u0259r h\u0259yata ke\u00e7irilir. Az\u0259rbaycan g\u0259ncl\u0259rinin ictimai-siyasi h\u0259yatda f\u0259al i\u015ftirak etdiyini&hellip;","_links":{"self":[{"href":"https:\/\/arantv.az\/index.php?rest_route=\/wp\/v2\/posts\/38063"}],"collection":[{"href":"https:\/\/arantv.az\/index.php?rest_route=\/wp\/v2\/posts"}],"about":[{"href":"https:\/\/arantv.az\/index.php?rest_route=\/wp\/v2\/types\/post"}],"author":[{"embeddable":true,"href":"https:\/\/arantv.az\/index.php?rest_route=\/wp\/v2\/users\/2"}],"replies":[{"embeddable":true,"href":"https:\/\/arantv.az\/index.php?rest_route=%2Fwp%2Fv2%2Fcomments&post=38063"}],"version-history":[{"count":0,"href":"https:\/\/arantv.az\/index.php?rest_route=\/wp\/v2\/posts\/38063\/revisions"}],"wp:featuredmedia":[{"embeddable":true,"href":"https:\/\/arantv.az\/index.php?rest_route=\/wp\/v2\/media\/38064"}],"wp:attachment":[{"href":"https:\/\/arantv.az\/index.php?rest_route=%2Fwp%2Fv2%2Fmedia&parent=38063"}],"wp:term":[{"taxonomy":"category","embeddable":true,"href":"https:\/\/arantv.az\/index.php?rest_route=%2Fwp%2Fv2%2Fcategories&post=38063"},{"taxonomy":"post_tag","embeddable":true,"href":"https:\/\/arantv.az\/index.php?rest_route=%2Fwp%2Fv2%2Ftags&post=38063"}],"curies":[{"name":"wp","href":"https:\/\/api.w.org\/{rel}","templated":true}]}}