{"id":38079,"date":"2019-02-12T15:46:40","date_gmt":"2019-02-12T12:46:40","guid":{"rendered":"http:\/\/arantv.az\/?p=38079"},"modified":"2019-02-12T15:46:40","modified_gmt":"2019-02-12T12:46:40","slug":"hikm%c9%99t-haciyev-erm%c9%99nistanin-aciqlamalari-danisiqlarin-ir%c9%99lil%c9%99m%c9%99sin%c9%99-xidm%c9%99t-etmir","status":"publish","type":"post","link":"https:\/\/arantv.az\/?p=38079","title":{"rendered":"Hikm\u0259t Hac\u0131yev: Erm\u0259nistan\u0131n a\u00e7\u0131qlamalar\u0131 dan\u0131\u015f\u0131qlar\u0131n ir\u0259lil\u0259m\u0259sin\u0259 xidm\u0259t etmir"},"content":{"rendered":"<p>Az\u0259rbaycan Respublikas\u0131 Prezidenti Administrasiyas\u0131n\u0131n xarici siyas\u0259t m\u0259s\u0259l\u0259l\u0259ri \u015f\u00f6b\u0259sinin m\u00fcdiri Hikm\u0259t Hac\u0131yev\u00a0<a href=\"https:\/\/azertag.az\/xeber\/Hikmet_Haciyev_Ermenistan_resmilerinin_son_dovrlerdeki_achiqlamalari_danisiqlar_prosesinin_ireli_aparilmasina_xidmet_etmir-1245040\" target=\"_blank\" rel=\"noopener\">AZ\u018fRTAC<\/a>-a m\u00fcsahib\u0259 verib<\/p>\n<p><strong>&#8211; Erm\u0259nistan-Az\u0259rbaycan Da\u011fl\u0131q Qaraba\u011f m\u00fcnaqi\u015f\u0259sinin h\u0259lli il\u0259 \u0259laq\u0259dar son d\u00f6vrl\u0259rd\u0259 qism\u0259n nikbin ab-havan\u0131n yaranmas\u0131na baxmayaraq, Erm\u0259nistan t\u0259r\u0259find\u0259n m\u00fcxt\u0259lif r\u0259smi s\u0259viyy\u0259l\u0259rd\u0259 veril\u0259n b\u0259yanatlar bu \u00f6lk\u0259nin s\u00fclh\u00fcn \u0259leyhin\u0259 oldu\u011funu n\u00fcmayi\u015f etdirir. N\u00f6vb\u0259ti bel\u0259 bir b\u0259yanatla Erm\u0259nistan ba\u015f nazirinin m\u0259tbuat katibi Vladimir Karapetyan \u201cSputnik Armenia\u201dya verdiyi m\u00fcsahib\u0259sind\u0259 \u00e7\u0131x\u0131\u015f edib. Bu bar\u0259d\u0259 n\u0259 dey\u0259rdiniz?<\/strong><\/p>\n<p>&#8211; Erm\u0259nistan-Az\u0259rbaycan Da\u011fl\u0131q Qaraba\u011f m\u00fcnaqi\u015f\u0259sinin intensiv v\u0259 n\u0259tic\u0259y\u00f6n\u00fcml\u00fc dan\u0131\u015f\u0131qlar yolu il\u0259 h\u0259lli \u00fc\u00e7\u00fcn Az\u0259rbaycan\u0131n beyn\u0259lxalq ictimaiyy\u0259tl\u0259 birlikd\u0259 atd\u0131\u011f\u0131 konstruktiv add\u0131mlar\u0131na baxmayaraq, son d\u00f6vrl\u0259rd\u0259 Erm\u0259nistan t\u0259r\u0259find\u0259n m\u00fcxt\u0259lif r\u0259smi s\u0259viyy\u0259l\u0259rd\u0259 veril\u0259n a\u00e7\u0131qlamalar he\u00e7 bir halda dan\u0131\u015f\u0131qlar prosesinin ir\u0259li apar\u0131lmas\u0131na xidm\u0259t etmir.<\/p>\n<div id=\"AdributorNativeVideo0\" class=\"AdributorNativeVideo\"><\/div>\n<p>Erm\u0259nistan ba\u015f nazirinin m\u0259tbuat katibinin v\u0259 dig\u0259r Erm\u0259nistan r\u0259smil\u0259rinin Az\u0259rbaycan\u0131n i\u015f\u011fal olunmu\u015f \u0259razil\u0259rind\u0259 yarad\u0131lm\u0131\u015f qondarma rejimin n\u00fcmay\u0259nd\u0259l\u0259rinin dan\u0131\u015f\u0131qlarda i\u015ftirak\u0131 bar\u0259d\u0259 iddialar\u0131 dan\u0131\u015f\u0131qlar prosesini iflic etm\u0259k c\u0259hdl\u0259rind\u0259n ba\u015fqa bir \u015fey deyil.<\/p>\n<p>S\u00fclh ifad\u0259sin\u0259 qar\u015f\u0131 \u00e7\u0131x\u0131\u015f etm\u0259k Erm\u0259nistan\u0131n \u201cm\u00fcnaqi\u015f\u0259nin m\u0259xsusi olaraq s\u00fclh yolu il\u0259 h\u0259ll edilm\u0259si\u201d bar\u0259d\u0259 a\u00e7\u0131qlamalar\u0131n\u0131n yaln\u0131z deklarativ xarakter da\u015f\u0131d\u0131\u011f\u0131n\u0131, Erm\u0259nistan \u0259sl m\u0259qs\u0259dinin regionda dayan\u0131ql\u0131 s\u00fclh\u00fcn t\u0259min edilm\u0259si deyil, h\u0259rbi i\u015f\u011fala \u0259saslanan status-kvonu saxlamaq oldu\u011funu a\u00e7\u0131q \u015f\u0259kild\u0259 n\u00fcmayi\u015f etdirir.<\/p>\n<p>Erm\u0259nistan ba\u015f nazirinin m\u0259tbuat katibi bir m\u0259qam\u0131 d\u00fczg\u00fcn qeyd edir ki, Da\u011fl\u0131q Qaraba\u011fda ya\u015fayan erm\u0259nil\u0259r Az\u0259rbaycan v\u0259t\u0259nda\u015flar\u0131d\u0131r. Az\u0259rbaycan Respublikas\u0131n\u0131n Da\u011fl\u0131q Qaraba\u011fda ya\u015fayan erm\u0259ni \u0259silli v\u0259t\u0259nda\u015flar\u0131 il\u0259 dialoq v\u0259 t\u0259maslar\u0131na mane\u0259 olan hal is\u0259 Erm\u0259nistan\u0131n i\u015f\u011fal\u00e7\u0131l\u0131q siyas\u0259ti v\u0259 Erm\u0259nistan silahl\u0131 q\u00fcvv\u0259l\u0259rinin Az\u0259rbaycan\u0131n i\u015f\u011fal olunmu\u015f \u0259razil\u0259rind\u0259 qeyri-qanuni m\u00f6vcudlu\u011fudur.<\/p>\n<p>Az\u0259rbaycan\u0131n Da\u011fl\u0131q Qaraba\u011f b\u00f6lg\u0259sinin az\u0259rbaycanl\u0131 icmas\u0131n\u0131n \u00e7a\u011f\u0131r\u0131\u015flar\u0131na baxmayaraq, Erm\u0259nistan Az\u0259rbaycan\u0131n Da\u011fl\u0131q Qaraba\u011f b\u00f6lg\u0259sinin erm\u0259ni v\u0259 az\u0259rbaycanl\u0131 icmalar\u0131 aras\u0131nda bel\u0259 dialoqun yaranmas\u0131na v\u0259 s\u00fclh \u015f\u0259raitind\u0259 g\u0259l\u0259c\u0259k birg\u0259ya\u015fay\u0131\u015f\u0131n m\u00fczakir\u0259 edilm\u0259sin\u0259 imkan vermir.<\/p>\n<p>Ona g\u00f6r\u0259 d\u0259 ilkin v\u0259 \u0259n vacib add\u0131m kimi, BMT T\u0259hl\u00fck\u0259sizlik \u015euras\u0131n\u0131n m\u00fcvafiq d\u00f6rd q\u0259tnam\u0259sinin t\u0259l\u0259bl\u0259rin\u0259 uy\u011fun olaraq Erm\u0259nistan silahl\u0131 q\u00fcvv\u0259l\u0259ri Az\u0259rbaycan\u0131n i\u015f\u011fal olunmu\u015f \u0259razil\u0259rind\u0259n \u00e7\u0131xar\u0131lmal\u0131d\u0131r.<\/p>\n<p>S\u00fclh\u00fcn \u0259leyhin\u0259 \u00e7\u0131x\u0131\u015f etm\u0259k v\u0259 aqressiv ritorika il\u0259 dan\u0131\u015f\u0131qlar prosesini pozmaq \u0259v\u0259zin\u0259, Erm\u0259nistan r\u0259hb\u0259rliyi \u00f6z xalq\u0131n\u0131 s\u00fclh\u0259 v\u0259 qon\u015fu d\u00f6vl\u0259tl\u0259rl\u0259 mehriban m\u00fcnasib\u0259tl\u0259r\u0259 haz\u0131rlamal\u0131d\u0131r.<\/p>\n<p><strong>&#8211; Erm\u0259nistan\u0131n yeni h\u00f6kum\u0259ti \u201ciqtisadi inqilab\u201d \u015f\u00fcar\u0131 il\u0259 \u00e7\u0131x\u0131\u015f ed\u0259r\u0259k iqtisadi inki\u015fafla ba\u011fl\u0131 yeni proqram t\u0259qdim edib. Avropa \u0130ttifaq\u0131n\u0131n d\u0259st\u0259yi il\u0259 bu g\u00fcnl\u0259rd\u0259 m\u00fcnaqi\u015f\u0259nin h\u0259llinin iqtisadi dividendl\u0259ri il\u0259 ba\u011fl\u0131 hesabat haz\u0131rlan\u0131b. M\u00fcnaqi\u015f\u0259 h\u0259ll edilm\u0259d\u0259n Erm\u0259nistan\u0131n iqtisadi inki\u015faf\u0131 m\u00fcmk\u00fcnd\u00fcrm\u00fc?<\/strong><\/p>\n<p>&#8211; \u0130qtisadiyyat\u0131n \u00f6z qanunlar\u0131 var v\u0259 iqtisadiyyat inqilab\u0131 \u015f\u00fcarlar deyil, orta v\u0259 uzunm\u00fcdd\u0259tli bax\u0131\u015fa \u0259saslanan ard\u0131c\u0131l v\u0259 planl\u0131 i\u015f t\u0259l\u0259b edir. M\u00fcnaqi\u015f\u0259 h\u0259ll edilm\u0259d\u0259n Erm\u0259nistanda h\u0259r hans\u0131 iqtisadi s\u0131\u00e7ray\u0131\u015f\u0131n \u0259ld\u0259 edilm\u0259sini iddia etm\u0259k utopiyad\u0131r.<\/p>\n<p>Avropa \u0130ttifaq\u0131n\u0131n sifari\u015fi il\u0259 haz\u0131rlanan s\u00f6z\u00fcged\u0259n hesabatla tan\u0131\u015f\u0131q v\u0259 orada \u0259ks olunan b\u0259zi tezisl\u0259ri b\u00f6l\u00fc\u015f\u00fcr\u00fck. \u018fslind\u0259 Az\u0259rbaycan Respublikas\u0131 h\u0259mi\u015f\u0259 bunu b\u0259yan edirdi ki, m\u00fcnaqi\u015f\u0259nin h\u0259lli regional \u0259m\u0259kda\u015fl\u0131\u011fa v\u0259 \u00e7i\u00e7\u0259kl\u0259nm\u0259y\u0259 xidm\u0259t ed\u0259c\u0259k v\u0259 bundan da, ilk n\u00f6vb\u0259d\u0259, Erm\u0259nistan \u0259halisi faydalana bil\u0259c\u0259k. Ba\u015fqa s\u00f6zl\u0259 des\u0259k, iqtisadi praqmatizm m\u00fcnaqi\u015f\u0259nin h\u0259llind\u0259 t\u0259sir g\u00f6st\u0259r\u0259 bil\u0259c\u0259k vacib amill\u0259rd\u0259n biridir.<\/p>\n<p>H\u0259rbi i\u015f\u011fal\u0131 davam etdirm\u0259k Erm\u0259nistan\u0131n siyasi, iqtisadi v\u0259 demoqrafik resurslar\u0131n\u0131 t\u00fck\u0259tm\u0259kl\u0259 yana\u015f\u0131, ki\u00e7ik daxili bazara malik olan Erm\u0259nistan\u0131 real regional \u0259m\u0259kda\u015fl\u0131q imkanlar\u0131ndan, investisiyalardan v\u0259 dayan\u0131ql\u0131 inki\u015fafdan m\u0259hrum edir.<\/p>\n<p>H\u0259l\u0259 d\u0259 \u00fcmidvar olmaq ist\u0259rdik ki, Erm\u0259nistan\u0131n yeni r\u0259hb\u0259rliyi K\u00f6\u00e7\u0259ryan-Sarkisyan kriminal xuntas\u0131n\u0131n s\u0259hvl\u0259rini t\u0259krar etm\u0259y\u0259c\u0259k, siyasi v\u0259 iqtisadi praqmatizm n\u00fcmayi\u015f etdir\u0259r\u0259k m\u00fcnaqi\u015f\u0259nin h\u0259lli istiqam\u0259tind\u0259 ciddi add\u0131mlar atacaq, i\u015f\u011fal\u00e7\u0131l\u0131q siyas\u0259tin\u0259 son qoyaraq regional s\u00fclh v\u0259 \u00e7i\u00e7\u0259kl\u0259nm\u0259 yolunu se\u00e7\u0259c\u0259k.<\/p>\n","protected":false},"excerpt":{"rendered":"<p>Az\u0259rbaycan Respublikas\u0131 Prezidenti Administrasiyas\u0131n\u0131n xarici siyas\u0259t m\u0259s\u0259l\u0259l\u0259ri \u015f\u00f6b\u0259sinin m\u00fcdiri Hikm\u0259t Hac\u0131yev\u00a0AZ\u018fRTAC-a m\u00fcsahib\u0259 verib &#8211; Erm\u0259nistan-Az\u0259rbaycan Da\u011fl\u0131q Qaraba\u011f m\u00fcnaqi\u015f\u0259sinin h\u0259lli il\u0259 \u0259laq\u0259dar son d\u00f6vrl\u0259rd\u0259 qism\u0259n nikbin ab-havan\u0131n yaranmas\u0131na baxmayaraq, Erm\u0259nistan t\u0259r\u0259find\u0259n m\u00fcxt\u0259lif r\u0259smi s\u0259viyy\u0259l\u0259rd\u0259 veril\u0259n b\u0259yanatlar bu \u00f6lk\u0259nin s\u00fclh\u00fcn \u0259leyhin\u0259 oldu\u011funu n\u00fcmayi\u015f etdirir. N\u00f6vb\u0259ti bel\u0259 bir b\u0259yanatla Erm\u0259nistan ba\u015f nazirinin m\u0259tbuat katibi Vladimir Karapetyan \u201cSputnik Armenia\u201dya verdiyi m\u00fcsahib\u0259sind\u0259 \u00e7\u0131x\u0131\u015f edib. Bu bar\u0259d\u0259 n\u0259 dey\u0259rdiniz? &#8211; Erm\u0259nistan-Az\u0259rbaycan Da\u011fl\u0131q Qaraba\u011f m\u00fcnaqi\u015f\u0259sinin intensiv v\u0259 n\u0259tic\u0259y\u00f6n\u00fcml\u00fc dan\u0131\u015f\u0131qlar yolu il\u0259 h\u0259lli \u00fc\u00e7\u00fcn Az\u0259rbaycan\u0131n beyn\u0259lxalq ictimaiyy\u0259tl\u0259 birlikd\u0259 atd\u0131\u011f\u0131 konstruktiv add\u0131mlar\u0131na baxmayaraq, son d\u00f6vrl\u0259rd\u0259 Erm\u0259nistan t\u0259r\u0259find\u0259n m\u00fcxt\u0259lif r\u0259smi&hellip;<\/p>\n","protected":false},"author":2,"featured_media":38080,"comment_status":"closed","ping_status":"closed","sticky":false,"template":"","format":"standard","meta":{"om_disable_all_campaigns":false,"_monsterinsights_skip_tracking":false,"_monsterinsights_sitenote_active":false,"_monsterinsights_sitenote_note":"","_monsterinsights_sitenote_category":0},"categories":[4],"tags":[],"aioseo_notices":[],"gutentor_comment":0,"rttpg_featured_image_url":{"full":["https:\/\/arantv.az\/wp-content\/uploads\/2019\/02\/hikmat-oxu-2.jpg",620,413,false],"landscape":["https:\/\/arantv.az\/wp-content\/uploads\/2019\/02\/hikmat-oxu-2.jpg",620,413,false],"portraits":["https:\/\/arantv.az\/wp-content\/uploads\/2019\/02\/hikmat-oxu-2.jpg",620,413,false],"thumbnail":["https:\/\/arantv.az\/wp-content\/uploads\/2019\/02\/hikmat-oxu-2-150x150.jpg",150,150,true],"medium":["https:\/\/arantv.az\/wp-content\/uploads\/2019\/02\/hikmat-oxu-2-300x200.jpg",300,200,true],"large":["https:\/\/arantv.az\/wp-content\/uploads\/2019\/02\/hikmat-oxu-2.jpg",620,413,false],"1536x1536":["https:\/\/arantv.az\/wp-content\/uploads\/2019\/02\/hikmat-oxu-2.jpg",620,413,false],"2048x2048":["https:\/\/arantv.az\/wp-content\/uploads\/2019\/02\/hikmat-oxu-2.jpg",620,413,false],"post-thumbnail":["https:\/\/arantv.az\/wp-content\/uploads\/2019\/02\/hikmat-oxu-2-240x172.jpg",240,172,true],"advps-thumb-one":["https:\/\/arantv.az\/wp-content\/uploads\/2019\/02\/hikmat-oxu-2.jpg",620,413,false]},"rttpg_author":{"display_name":"V\u00fcsal Rafiqo\u011flu","author_link":"https:\/\/arantv.az\/?author=2"},"rttpg_comment":0,"rttpg_category":"<a href=\"https:\/\/arantv.az\/?cat=4\" rel=\"category\">Siyas\u0259t<\/a>","rttpg_excerpt":"Az\u0259rbaycan Respublikas\u0131 Prezidenti Administrasiyas\u0131n\u0131n xarici siyas\u0259t m\u0259s\u0259l\u0259l\u0259ri \u015f\u00f6b\u0259sinin m\u00fcdiri Hikm\u0259t Hac\u0131yev\u00a0AZ\u018fRTAC-a m\u00fcsahib\u0259 verib &#8211; Erm\u0259nistan-Az\u0259rbaycan Da\u011fl\u0131q Qaraba\u011f m\u00fcnaqi\u015f\u0259sinin h\u0259lli il\u0259 \u0259laq\u0259dar son d\u00f6vrl\u0259rd\u0259 qism\u0259n nikbin ab-havan\u0131n yaranmas\u0131na baxmayaraq, Erm\u0259nistan t\u0259r\u0259find\u0259n m\u00fcxt\u0259lif r\u0259smi s\u0259viyy\u0259l\u0259rd\u0259 veril\u0259n b\u0259yanatlar bu \u00f6lk\u0259nin s\u00fclh\u00fcn \u0259leyhin\u0259 oldu\u011funu n\u00fcmayi\u015f etdirir. N\u00f6vb\u0259ti bel\u0259 bir b\u0259yanatla Erm\u0259nistan ba\u015f nazirinin m\u0259tbuat katibi Vladimir Karapetyan \u201cSputnik Armenia\u201dya&hellip;","_links":{"self":[{"href":"https:\/\/arantv.az\/index.php?rest_route=\/wp\/v2\/posts\/38079"}],"collection":[{"href":"https:\/\/arantv.az\/index.php?rest_route=\/wp\/v2\/posts"}],"about":[{"href":"https:\/\/arantv.az\/index.php?rest_route=\/wp\/v2\/types\/post"}],"author":[{"embeddable":true,"href":"https:\/\/arantv.az\/index.php?rest_route=\/wp\/v2\/users\/2"}],"replies":[{"embeddable":true,"href":"https:\/\/arantv.az\/index.php?rest_route=%2Fwp%2Fv2%2Fcomments&post=38079"}],"version-history":[{"count":0,"href":"https:\/\/arantv.az\/index.php?rest_route=\/wp\/v2\/posts\/38079\/revisions"}],"wp:featuredmedia":[{"embeddable":true,"href":"https:\/\/arantv.az\/index.php?rest_route=\/wp\/v2\/media\/38080"}],"wp:attachment":[{"href":"https:\/\/arantv.az\/index.php?rest_route=%2Fwp%2Fv2%2Fmedia&parent=38079"}],"wp:term":[{"taxonomy":"category","embeddable":true,"href":"https:\/\/arantv.az\/index.php?rest_route=%2Fwp%2Fv2%2Fcategories&post=38079"},{"taxonomy":"post_tag","embeddable":true,"href":"https:\/\/arantv.az\/index.php?rest_route=%2Fwp%2Fv2%2Ftags&post=38079"}],"curies":[{"name":"wp","href":"https:\/\/api.w.org\/{rel}","templated":true}]}}