{"id":382195,"date":"2021-09-24T13:36:54","date_gmt":"2021-09-24T10:36:54","guid":{"rendered":"http:\/\/arantv.az\/?p=382195"},"modified":"2021-09-24T13:36:54","modified_gmt":"2021-09-24T10:36:54","slug":"bakida-ibri-dilini-t%c9%99dris-ed%c9%99n-m%c9%99kt%c9%99bin-f%c9%99aliyy%c9%99ti-b%c9%99rpa-olundu-foto","status":"publish","type":"post","link":"https:\/\/arantv.az\/?p=382195","title":{"rendered":"Bak\u0131da ibri dilini t\u0259dris ed\u0259n m\u0259kt\u0259bin f\u0259aliyy\u0259ti b\u0259rpa olundu &#8211; FOTO"},"content":{"rendered":"<p>2021-2022-ci t\u0259dris ilind\u0259n Bak\u0131 \u015e\u0259h\u0259ri \u00fczr\u0259 T\u0259hsil \u0130dar\u0259sinin tabeliyind\u0259 152 v\u0259 172 n\u00f6mr\u0259li tam orta m\u0259kt\u0259b\u00a0f\u0259aliyy\u0259t\u0259 ba\u015flay\u0131b.<\/p>\n<p>\u0130dar\u0259d\u0259n\u00a0veril\u0259n m\u0259lumata g\u00f6r\u0259, t\u0259hsil nazirinin aprelin 19-da imzalad\u0131\u011f\u0131 \u0259mr\u0259 \u0259sas\u0259n 152 n\u00f6mr\u0259li tam orta m\u0259kt\u0259bin f\u0259aliyy\u0259ti b\u0259rpa edilib.<\/p>\n<p>H\u0259min tarixd\u0259n etibar\u0259n \u201cXabad-Or-Avner\u201d\u00a0m\u0259kt\u0259bi 152 n\u00f6mr\u0259li tam orta m\u0259kt\u0259b kimi f\u0259aliyy\u0259tini davam etdirir.<\/p>\n<div id=\"AdviadNativeVideo0\" class=\"AdviadNativeVideo\"><\/div>\n<p>M\u0259kt\u0259bd\u0259 dig\u0259r f\u0259nl\u0259rl\u0259 yana\u015f\u0131, \u201cY\u0259hudi m\u0259d\u0259niyy\u0259tinin \u0259saslar\u0131\u201d, \u201cY\u0259hudi xalq\u0131n\u0131n tarixi\u201d d\u0259 \u00f6yr\u0259dilir v\u0259 ikinci xarici dil kimi ibri dili\u00a0(ivrit dili) t\u0259dris edilir.<\/p>\n<p>M\u00fcasir t\u0259l\u0259bl\u0259r\u0259 uy\u011fun in\u015fa edilmi\u015f m\u0259kt\u0259b \u00fc\u00e7m\u0259rt\u0259b\u0259li kompleksd\u0259n ibar\u0259tdir. M\u0259kt\u0259bd\u0259 yem\u0259kxana, idman zal\u0131 v\u0259 meydan\u00e7as\u0131, f\u0259nn kabinetl\u0259ri, komp\u00fcter otaqlar\u0131 f\u0259aliyy\u0259t g\u00f6st\u0259rir v\u0259 t\u0259dris oca\u011f\u0131 m\u00fcasir avadanl\u0131qlarla t\u0259chiz edilib.<\/p>\n<p>T\u0259hsil nazirinin may\u0131n 31-d\u0259 imzalad\u0131\u011f\u0131 daha bir \u0259mrin\u0259 \u0259sas\u0259n 172 n\u00f6mr\u0259li tam orta m\u0259kt\u0259bin d\u0259 f\u0259aliyy\u0259ti b\u0259rpa olunub. \u00dc\u00e7m\u0259rt\u0259b\u0259li kompleksd\u0259n ibar\u0259t m\u00fcasir standartlara cavab ver\u0259n t\u0259hsil m\u00fc\u0259ssis\u0259sind\u0259 yem\u0259kxana, kitabxana, idman zal\u0131, texnologiya kabinetl\u0259ri, m\u0259kt\u0259b\u0259q\u0259d\u0259r haz\u0131rl\u0131q otaqlar\u0131, h\u0259kim ota\u011f\u0131, informatika kabinetl\u0259ri, komp\u00fcterl\u0259rl\u0259 t\u0259chiz olunmu\u015f oxu zal\u0131, akt zal\u0131, f\u0259nn kabinetl\u0259ri, h\u0259rbi haz\u0131rl\u0131q ota\u011f\u0131 f\u0259aliyy\u0259t g\u00f6st\u0259rir.<\/p>\n<p>Qeyd ed\u0259k ki, yeni t\u0259dris ilind\u0259 paytaxtda ehtiyac olan \u0259razil\u0259rd\u0259 5 yeni m\u0259kt\u0259bin tikintisi tamamlan\u0131b, 3 yeni m\u0259kt\u0259bin tikintisi davam edir. Eyni zamanda 74 m\u0259kt\u0259bd\u0259 cari t\u0259mir v\u0259 m\u00fch\u0259ndis-kommunikasiya i\u015fl\u0259ri h\u0259yata ke\u00e7irilib.<\/p>\n<p>&nbsp;<\/p>\n<div class=\"gallery\">\n<div class=\"gallery-i\"><img src=\"https:\/\/cdn.oxu.az\/uploads\/W1siZiIsIjIwMjEvMDkvMjQvMTIvMjMvMTUvZmQwNjRmMzktY2QwMS00NDAzLWJmMzgtMDE5ZjA3Mjc0MjA1LzAwMS0yNC4wOS4yMDIxLTYuanBnIl0sWyJwIiwiZW5jb2RlIiwianBnIiwiLXF1YWxpdHkgODAiXSxbInAiLCJ0aHVtYiIsIjU5MHg1OTBcdTAwM2UiXV0?sha=228d0e7243444821\" alt=\"\" \/><\/p>\n<div class=\"gallery-i-caption\"><\/div>\n<\/div>\n<div class=\"gallery-i\"><img src=\"https:\/\/cdn.oxu.az\/uploads\/W1siZiIsIjIwMjEvMDkvMjQvMTIvMjMvMTUvOTMzMDdhNWItMjJiZS00NTY5LTkzNjItYjkyYWFlNTc4YWZjLzAwMS0yNC4wOS4yMDIxLTQuanBnIl0sWyJwIiwiZW5jb2RlIiwianBnIiwiLXF1YWxpdHkgODAiXSxbInAiLCJ0aHVtYiIsIjU5MHg1OTBcdTAwM2UiXV0?sha=0aa5ae91d6bb6451\" alt=\"\" \/><\/p>\n<div class=\"gallery-i-caption\"><\/div>\n<\/div>\n<div class=\"gallery-i\"><img src=\"https:\/\/cdn.oxu.az\/uploads\/W1siZiIsIjIwMjEvMDkvMjQvMTIvMjMvMTYvYWE3ZmJkNWItY2UxNC00NDUwLWEyNjMtYTdjMmY1NjY4ZmFjLzAwMS0yNC4wOS4yMDIxLTMuanBnIl0sWyJwIiwiZW5jb2RlIiwianBnIiwiLXF1YWxpdHkgODAiXSxbInAiLCJ0aHVtYiIsIjU5MHg1OTBcdTAwM2UiXV0?sha=c656f0e11ae39397\" alt=\"\" \/><\/p>\n<div class=\"gallery-i-caption\"><\/div>\n<\/div>\n<div class=\"gallery-i\"><img src=\"https:\/\/cdn.oxu.az\/uploads\/W1siZiIsIjIwMjEvMDkvMjQvMTIvMjMvMTYvNDcyYjM1ODAtZDZkZC00ZGM2LTliYzMtY2MwN2Y5MDMyMDlkLzAwMS0yNC4wOS4yMDIxLTEuanBnIl0sWyJwIiwiZW5jb2RlIiwianBnIiwiLXF1YWxpdHkgODAiXSxbInAiLCJ0aHVtYiIsIjU5MHg1OTBcdTAwM2UiXV0?sha=9cf49b643d8975d1\" alt=\"\" \/><\/div>\n<\/div>\n","protected":false},"excerpt":{"rendered":"<p>2021-2022-ci t\u0259dris ilind\u0259n Bak\u0131 \u015e\u0259h\u0259ri \u00fczr\u0259 T\u0259hsil \u0130dar\u0259sinin tabeliyind\u0259 152 v\u0259 172 n\u00f6mr\u0259li tam orta m\u0259kt\u0259b\u00a0f\u0259aliyy\u0259t\u0259 ba\u015flay\u0131b. \u0130dar\u0259d\u0259n\u00a0veril\u0259n m\u0259lumata g\u00f6r\u0259, t\u0259hsil nazirinin aprelin 19-da imzalad\u0131\u011f\u0131 \u0259mr\u0259 \u0259sas\u0259n 152 n\u00f6mr\u0259li tam orta m\u0259kt\u0259bin f\u0259aliyy\u0259ti b\u0259rpa edilib. H\u0259min tarixd\u0259n etibar\u0259n \u201cXabad-Or-Avner\u201d\u00a0m\u0259kt\u0259bi 152 n\u00f6mr\u0259li tam orta m\u0259kt\u0259b kimi f\u0259aliyy\u0259tini davam etdirir. M\u0259kt\u0259bd\u0259 dig\u0259r f\u0259nl\u0259rl\u0259 yana\u015f\u0131, \u201cY\u0259hudi m\u0259d\u0259niyy\u0259tinin \u0259saslar\u0131\u201d, \u201cY\u0259hudi xalq\u0131n\u0131n tarixi\u201d d\u0259 \u00f6yr\u0259dilir v\u0259 ikinci xarici dil kimi ibri dili\u00a0(ivrit dili) t\u0259dris edilir. M\u00fcasir t\u0259l\u0259bl\u0259r\u0259 uy\u011fun in\u015fa edilmi\u015f m\u0259kt\u0259b \u00fc\u00e7m\u0259rt\u0259b\u0259li kompleksd\u0259n ibar\u0259tdir. M\u0259kt\u0259bd\u0259 yem\u0259kxana, idman zal\u0131 v\u0259 meydan\u00e7as\u0131, f\u0259nn kabinetl\u0259ri, komp\u00fcter otaqlar\u0131 f\u0259aliyy\u0259t&hellip;<\/p>\n","protected":false},"author":2,"featured_media":382196,"comment_status":"closed","ping_status":"closed","sticky":false,"template":"","format":"standard","meta":{"om_disable_all_campaigns":false,"_monsterinsights_skip_tracking":false,"_monsterinsights_sitenote_active":false,"_monsterinsights_sitenote_note":"","_monsterinsights_sitenote_category":0},"categories":[26],"tags":[],"aioseo_notices":[],"gutentor_comment":0,"rttpg_featured_image_url":{"full":["https:\/\/arantv.az\/wp-content\/uploads\/2021\/09\/FotoJet-2021-09-24T122216.152.jpg",620,413,false],"landscape":["https:\/\/arantv.az\/wp-content\/uploads\/2021\/09\/FotoJet-2021-09-24T122216.152.jpg",620,413,false],"portraits":["https:\/\/arantv.az\/wp-content\/uploads\/2021\/09\/FotoJet-2021-09-24T122216.152.jpg",620,413,false],"thumbnail":["https:\/\/arantv.az\/wp-content\/uploads\/2021\/09\/FotoJet-2021-09-24T122216.152-500x280.jpg",500,280,true],"medium":["https:\/\/arantv.az\/wp-content\/uploads\/2021\/09\/FotoJet-2021-09-24T122216.152-548x365.jpg",548,365,true],"large":["https:\/\/arantv.az\/wp-content\/uploads\/2021\/09\/FotoJet-2021-09-24T122216.152.jpg",620,413,false],"1536x1536":["https:\/\/arantv.az\/wp-content\/uploads\/2021\/09\/FotoJet-2021-09-24T122216.152.jpg",620,413,false],"2048x2048":["https:\/\/arantv.az\/wp-content\/uploads\/2021\/09\/FotoJet-2021-09-24T122216.152.jpg",620,413,false],"post-thumbnail":["https:\/\/arantv.az\/wp-content\/uploads\/2021\/09\/FotoJet-2021-09-24T122216.152-240x172.jpg",240,172,true],"advps-thumb-one":["https:\/\/arantv.az\/wp-content\/uploads\/2021\/09\/FotoJet-2021-09-24T122216.152.jpg",620,413,false]},"rttpg_author":{"display_name":"V\u00fcsal Rafiqo\u011flu","author_link":"https:\/\/arantv.az\/?author=2"},"rttpg_comment":0,"rttpg_category":"<a href=\"https:\/\/arantv.az\/?cat=26\" rel=\"category\">Sosial<\/a>","rttpg_excerpt":"2021-2022-ci t\u0259dris ilind\u0259n Bak\u0131 \u015e\u0259h\u0259ri \u00fczr\u0259 T\u0259hsil \u0130dar\u0259sinin tabeliyind\u0259 152 v\u0259 172 n\u00f6mr\u0259li tam orta m\u0259kt\u0259b\u00a0f\u0259aliyy\u0259t\u0259 ba\u015flay\u0131b. \u0130dar\u0259d\u0259n\u00a0veril\u0259n m\u0259lumata g\u00f6r\u0259, t\u0259hsil nazirinin aprelin 19-da imzalad\u0131\u011f\u0131 \u0259mr\u0259 \u0259sas\u0259n 152 n\u00f6mr\u0259li tam orta m\u0259kt\u0259bin f\u0259aliyy\u0259ti b\u0259rpa edilib. H\u0259min tarixd\u0259n etibar\u0259n \u201cXabad-Or-Avner\u201d\u00a0m\u0259kt\u0259bi 152 n\u00f6mr\u0259li tam orta m\u0259kt\u0259b kimi f\u0259aliyy\u0259tini davam etdirir. M\u0259kt\u0259bd\u0259 dig\u0259r f\u0259nl\u0259rl\u0259 yana\u015f\u0131, \u201cY\u0259hudi m\u0259d\u0259niyy\u0259tinin \u0259saslar\u0131\u201d,&hellip;","_links":{"self":[{"href":"https:\/\/arantv.az\/index.php?rest_route=\/wp\/v2\/posts\/382195"}],"collection":[{"href":"https:\/\/arantv.az\/index.php?rest_route=\/wp\/v2\/posts"}],"about":[{"href":"https:\/\/arantv.az\/index.php?rest_route=\/wp\/v2\/types\/post"}],"author":[{"embeddable":true,"href":"https:\/\/arantv.az\/index.php?rest_route=\/wp\/v2\/users\/2"}],"replies":[{"embeddable":true,"href":"https:\/\/arantv.az\/index.php?rest_route=%2Fwp%2Fv2%2Fcomments&post=382195"}],"version-history":[{"count":0,"href":"https:\/\/arantv.az\/index.php?rest_route=\/wp\/v2\/posts\/382195\/revisions"}],"wp:featuredmedia":[{"embeddable":true,"href":"https:\/\/arantv.az\/index.php?rest_route=\/wp\/v2\/media\/382196"}],"wp:attachment":[{"href":"https:\/\/arantv.az\/index.php?rest_route=%2Fwp%2Fv2%2Fmedia&parent=382195"}],"wp:term":[{"taxonomy":"category","embeddable":true,"href":"https:\/\/arantv.az\/index.php?rest_route=%2Fwp%2Fv2%2Fcategories&post=382195"},{"taxonomy":"post_tag","embeddable":true,"href":"https:\/\/arantv.az\/index.php?rest_route=%2Fwp%2Fv2%2Ftags&post=382195"}],"curies":[{"name":"wp","href":"https:\/\/api.w.org\/{rel}","templated":true}]}}